{"id":493,"date":"2009-12-21T21:40:44","date_gmt":"2009-12-21T20:40:44","guid":{"rendered":"http:\/\/carnet.causeur.fr\/antidote\/?p=493"},"modified":"2021-04-26T16:11:40","modified_gmt":"2021-04-26T14:11:40","slug":"blonde-brune-sieste-et-touites","status":"publish","type":"post","link":"https:\/\/blog.causeur.fr\/antidote\/blonde-brune-sieste-et-touites-493","title":{"rendered":"Blonde, brune, sieste et touites"},"content":{"rendered":"<p>La campagne pour les \u00e9lections r\u00e9gionales part sur des bases qui ne semblent pas, pour le moins, flirter avec la haute politique. Il se peut m\u00eame que l&rsquo;on soit davantage proche de la cour de r\u00e9cr\u00e9ation. De lyc\u00e9e, de coll\u00e8ge ou d&rsquo;\u00e9cole primaire ? Pour ma part, j&rsquo;h\u00e9site entre les deux derni\u00e8res propositions depuis que j&rsquo;ai appris le dernier \u00e9pisode de la campagne francilienne que je me propose de conter.<\/p>\n<p>Val\u00e9rie, la blonde versaillaise, est candidate aux \u00e9lections r\u00e9gionales. Elle veut devenir la pr\u00e9sidente \u00e0 la place du Sieur Huchon. Anne, la brune parisienne, est conseill\u00e8re r\u00e9gionale mais elle souhaite plut\u00f4t succ\u00e9der \u00e0 Bertrand Delano\u00eb \u00e0 l&rsquo;H\u00f4tel de Ville de Paris. Elle sait que le basculement \u00e0 droite de la R\u00e9gion pourrait bouleverser ses plans.<\/p>\n<p>La sc\u00e8ne se passe en pleine s\u00e9ance budg\u00e9taire au Conseil R\u00e9gional. Madame Hidalgo croit apercevoir Madame P\u00e9cresse assoupie. Elle d\u00e9gaine son t\u00e9l\u00e9phone mobile et prend la ministre en photo. Celle-ci dort-elle r\u00e9ellement ? Impossible de trancher. Anne Hidalgo a pris <a href=\"http:\/\/twitpic.com\/u1mfv\" target=\"_blank\" rel=\"noopener\">une photo compl\u00e8tement floue<\/a>. On est plus proche du clich\u00e9 pris par un enfant de six ans que des pages int\u00e9rieures de Match. Le commentaire qui accompagne la photo loup\u00e9e n&rsquo;est gu\u00e8re plus r\u00e9ussi :<em>\u00ab\u00a0V Pecresse tres tres fatiguee pdt le vote du budget a la region&#8230; Je lui souhaite de bonnes vacances a l&rsquo;Ile Maurice\u00a0\u00bb.<\/em> On remarque ainsi que les accents doivent \u00eatre en option sur son t\u00e9l\u00e9phone. C&rsquo;est sur son compte <a href=\"http:\/\/twitpic.com\/photos\/Anne_Hidalgo\" target=\"_blank\" rel=\"noopener\">\u00ab\u00a0Touiteur\u00a0\u00bb<\/a> que la brune moque ainsi la blonde, vendredi en fin d&rsquo;apr\u00e8s-midi.<\/p>\n<p>Mise au parfum, Val\u00e9rie P\u00e9cresse r\u00e9agit et <a href=\"http:\/\/twitter.com\/vpecresse\" target=\"_blank\" rel=\"noopener\">touite \u00e0 son tour<\/a> :<em>\u00ab\u00a0<span class=\"status-body\"><span class=\"entry-content\">Madame Hidalgo ne recule devant rien, m\u00eame pas devant les images truqu\u00e9es !\u00a0\u00bb <\/span><\/span><\/em><span class=\"status-body\"><span class=\"entry-content\">On remarquera que la blonde a trouv\u00e9, quant \u00e0 elle, la fa\u00e7on dont on \u00e9crit en fran\u00e7ais sur ces petites merveilles technologiques. Bon point pour elle. L\u00e0 o\u00f9 elle moins bonne, c&rsquo;est quand elle fait savoir qu&rsquo;elle ne dormait pas mais \u00e9crivait un SMS. Mais Val\u00e9rie ![1. Comme l&rsquo;ambiance est \u00e0 la cour d&rsquo;\u00e9cole, je m&rsquo;adapte&#8230;] C&rsquo;est pire ! S&rsquo;assoupir pendant qu&rsquo;on discute des cr\u00e9dits de viabilisation des lyc\u00e9es franciliens, c&rsquo;est largement pardonnable. Mais en profiter pour \u00e9crire des textos comme un malpoli pendant un discours papal ou <a href=\"http:\/\/carnet.causeur.fr\/antidote\/enfin-ils-ont-compris,00475\" target=\"_self\" rel=\"noopener\">un \u00e9l\u00e8ve du Lyc\u00e9e Jean-Lur\u00e7at<\/a> pendant un cours d&rsquo;anglais, cela constitue une v\u00e9ritable faute de go\u00fbt.<\/span><\/span><\/p>\n<p>Au lieu de se d\u00e9fendre si maladroitement en l&rsquo;accusant de truquer des photos, elle aurait d\u00fb offrir \u00ab\u00a0La Photographie pour les nuls\u00a0\u00bb \u00e0 Anne Hidalgo devant les cam\u00e9ras de t\u00e9l\u00e9.\u00a0 On savait qu&rsquo;elle se r\u00e9v\u00e9lait pi\u00e8tre oratrice. On d\u00e9couvre aujourd&rsquo;hui que sa r\u00e9activit\u00e9 face aux attaques -pourtant si ridicules- de ses adversaires ne se hisse pas \u00e0 la hauteur de l&rsquo;enjeu. Quant au cas de Madame Hidalgo, je ne saurais trop conseiller \u00e0 Jean-Paul Huchon de l&rsquo;\u00e9tudier de tr\u00e8s pr\u00e8s. Il pourrait lui confisquer son portable pendant les s\u00e9ances, par exemple. Cela lui \u00e9viterait des initiatives de coll\u00e9gienne attard\u00e9e.<\/p>\n<p>On savait que les Politiques se faisaient pi\u00e9ger en acceptant de porter des micros sur eux. On se souvenait aussi que d&rsquo;autres l&rsquo;\u00e9taient en oubliant qu&rsquo;ils \u00e9tait film\u00e9s lors de pauses pendant des universit\u00e9s d&rsquo;\u00e9t\u00e9. On d\u00e9couvre aujourd&rsquo;hui qu&rsquo;ils tentent de se pi\u00e9ger les uns les autres avec portables et touiteurs. Personnellement, ces deux chipies l\u00e0, je m&rsquo;en moque ; je vote en Franche-Comt\u00e9. Mais si j&rsquo;apprends que j&rsquo;ai un enfant qui s&rsquo;amuse \u00e0 photographier ses camarades assoupis pendant la classe, c&rsquo;est \u00ab\u00a0priv\u00e9 de console de jeux pendant un mois\u00a0\u00bb.<\/p>\n","protected":false},"excerpt":{"rendered":"<p>Ambiance de cour de r\u00e9cr\u00e9 chez les filles du Conseil R\u00e9gional d&rsquo;Ile de France<\/p>\n","protected":false},"author":10,"featured_media":0,"comment_status":"open","ping_status":"closed","sticky":false,"template":"","format":"standard","meta":{"footnotes":""},"categories":[4],"tags":[],"class_list":{"0":"post-493","1":"post","2":"type-post","3":"status-publish","4":"format-standard","6":"category-oxygene"},"_links":{"self":[{"href":"https:\/\/blog.causeur.fr\/antidote\/wp-json\/wp\/v2\/posts\/493","targetHints":{"allow":["GET"]}}],"collection":[{"href":"https:\/\/blog.causeur.fr\/antidote\/wp-json\/wp\/v2\/posts"}],"about":[{"href":"https:\/\/blog.causeur.fr\/antidote\/wp-json\/wp\/v2\/types\/post"}],"author":[{"embeddable":true,"href":"https:\/\/blog.causeur.fr\/antidote\/wp-json\/wp\/v2\/users\/10"}],"replies":[{"embeddable":true,"href":"https:\/\/blog.causeur.fr\/antidote\/wp-json\/wp\/v2\/comments?post=493"}],"version-history":[{"count":0,"href":"https:\/\/blog.causeur.fr\/antidote\/wp-json\/wp\/v2\/posts\/493\/revisions"}],"wp:attachment":[{"href":"https:\/\/blog.causeur.fr\/antidote\/wp-json\/wp\/v2\/media?parent=493"}],"wp:term":[{"taxonomy":"category","embeddable":true,"href":"https:\/\/blog.causeur.fr\/antidote\/wp-json\/wp\/v2\/categories?post=493"},{"taxonomy":"post_tag","embeddable":true,"href":"https:\/\/blog.causeur.fr\/antidote\/wp-json\/wp\/v2\/tags?post=493"}],"curies":[{"name":"wp","href":"https:\/\/api.w.org\/{rel}","templated":true}]}}