{"id":52,"date":"2008-05-02T17:31:20","date_gmt":"2008-05-02T16:31:20","guid":{"rendered":"http:\/\/carnet.causeur.fr\/antidote\/?p=52"},"modified":"2021-04-26T16:12:18","modified_gmt":"2021-04-26T14:12:18","slug":"mai-68-lindigestion","status":"publish","type":"post","link":"https:\/\/blog.causeur.fr\/antidote\/mai-68-lindigestion-52","title":{"rendered":"Mai 68 : l&#039;indigestion"},"content":{"rendered":"<p>D\u00e9j\u00e0 il y a dix ans, j&rsquo;avais \u00e9t\u00e9 l\u00e9g\u00e8rement irrit\u00e9 par le tapage organis\u00e9 pour comm\u00e9morer les 30 ans de mai 1968. Que dire aujourd&rsquo;hui ?<\/p>\n<p>On assiste \u00e0 une autoc\u00e9l\u00e9bration par ceux qui dirigent les m\u00e9dias de notre pays. On en entend des vertes et des pas m\u00fbres. Par exemple, on nous explique que, gr\u00e2ce \u00e0 ces jeunes insouciants, nous p\u00fbmes ensuite b\u00e9n\u00e9ficier de la pilule. Personne pour r\u00e9pliquer que le G\u00e9n\u00e9ral de Gaulle l&rsquo;avait autoris\u00e9e un an auparavant gr\u00e2ce \u00e0 la force de conviction de Lucien Neuwirth.<\/p>\n<p>Marre de ces travestissements de la v\u00e9rit\u00e9, plein le dos de ces vieux cons qui radotent, assez de cet onanisme exhibitionniste !<\/p>\n<p>Et, disons le tout net, ras le bol de ce pr\u00e9sident \u00e9lu pour liquider l&rsquo;h\u00e9ritage de mai 1968 et qui en jouit sans entraves. Vulgaire, totalement insouciant, faisant du pass\u00e9 table rase comme d&rsquo;autres voulaient trouver la plage sous les pav\u00e9s.<\/p>\n<p>L&rsquo;an dernier nous quittait Philippe Clay. Il interpr\u00e8ta une chanson \u00ab\u00a0Mes universit\u00e9s\u00a0\u00bb en 1972 qui fit de lui un \u00ab\u00a0vieux con\u00a0\u00bb pour toute cette g\u00e9n\u00e9ration soixante-huitarde.<\/p>\n<p>Vieux, je ne sais pas. Mais con, certainement beaucoup moins qu&rsquo;eux.<\/p>\n<p>Mes universit\u00e9s,<br \/>\nC&rsquo;\u00e9tait pas Jussieu, c&rsquo;\u00e9tait pas Censier, c&rsquo;\u00e9tait pas Nanterre<br \/>\nMes universit\u00e9s<br \/>\nC&rsquo;\u00e9tait le pav\u00e9, le pav\u00e9 d&rsquo;Paris, le Paris d&rsquo;la guerre<br \/>\nOn parlait peu d&rsquo;marxisme<br \/>\nEncore moins d&rsquo;mao\u00efsme<br \/>\nLe seul syst\u00e8me, c&rsquo;\u00e9tait le syst\u00e8me D<br \/>\nD comme d\u00e9brouille-toi<br \/>\nD comme d\u00e9merde-toi<br \/>\nPour trouver d&rsquo;quoi<br \/>\nBouffer et t&rsquo;r\u00e9chauffer<\/p>\n<p>Mes universit\u00e9s<br \/>\nC&rsquo;\u00e9tait pas la peine d&rsquo;\u00eatre bachelier<br \/>\nPour pouvoir y entrer<br \/>\nMes universit\u00e9s<br \/>\nT&rsquo;avais pas d&rsquo;dipl\u00f4mes<br \/>\nMais t&rsquo;\u00e9tais un homme<br \/>\nQuand tu en sortais<br \/>\nNous quand on contestait<br \/>\nC&rsquo;\u00e9tait contre les casqu\u00e9s<br \/>\nQui d\u00e9filaient sur nos Champs-Elys\u00e9es<br \/>\nQuand on \u00e9coutait Londres<br \/>\nDans nos planques sur les ondes<br \/>\nC&rsquo;\u00e9tait pas les Beatles qui nous parlaient.<\/p>\n<p>Mes universit\u00e9s,<br \/>\nC&rsquo;\u00e9tait pas Jussieu, c&rsquo;\u00e9tait pas Censier, c&rsquo;\u00e9tait pas Nanterre<br \/>\nMes universit\u00e9s<br \/>\nC&rsquo;\u00e9tait le pav\u00e9, le pav\u00e9 d&rsquo;Paris, le Paris d&rsquo;la guerre<br \/>\nPourtant on tenait l&rsquo;coup<br \/>\nBien des fois entre nous<br \/>\nOn rigolait comme avant ou apr\u00e8s<br \/>\nMais quand \u00e7a tournait mal<br \/>\nFallait garder l&rsquo;moral<br \/>\nCar y avait pas de came pour oublier<br \/>\nMes universit\u00e9s<br \/>\nC&rsquo;\u00e9tait mes vingt ans pas toujours marrants,<br \/>\nMais c&rsquo;\u00e9tait l&rsquo;bon temps<\/p>\n<p>Mes universit\u00e9s<br \/>\nSi j&rsquo;en ai bav\u00e9 je m&rsquo;f&rsquo;rais pas prier<br \/>\nPour y retourner<br \/>\nBien s\u00fbr l&rsquo;monde a chang\u00e9<br \/>\nTout \u00e7a c&rsquo;est du pass\u00e9<br \/>\nMais ce pass\u00e9 faut pas vous \u00e9tonner<br \/>\nIl est tellement pr\u00e9sent<br \/>\nQu&rsquo;on n&rsquo;comprend plus maint&rsquo;nant<br \/>\nC&rsquo;qui n&rsquo;tourne plus rond dans vos universit\u00e9s.<\/p>\n","protected":false},"excerpt":{"rendered":"<p>D\u00e9j\u00e0 il y a dix ans, j&rsquo;avais \u00e9t\u00e9 l\u00e9g\u00e8rement irrit\u00e9 par le tapage organis\u00e9 pour comm\u00e9morer les 30 ans de mai 1968. Que dire aujourd&rsquo;hui ? On assiste \u00e0 une autoc\u00e9l\u00e9bration par ceux qui dirigent les m\u00e9dias de notre pays. On en entend des vertes et des pas m\u00fbres. Par exemple, on nous explique que, [&hellip;]<\/p>\n","protected":false},"author":10,"featured_media":0,"comment_status":"open","ping_status":"closed","sticky":false,"template":"","format":"standard","meta":{"footnotes":""},"categories":[4],"tags":[],"class_list":{"0":"post-52","1":"post","2":"type-post","3":"status-publish","4":"format-standard","6":"category-oxygene"},"_links":{"self":[{"href":"https:\/\/blog.causeur.fr\/antidote\/wp-json\/wp\/v2\/posts\/52","targetHints":{"allow":["GET"]}}],"collection":[{"href":"https:\/\/blog.causeur.fr\/antidote\/wp-json\/wp\/v2\/posts"}],"about":[{"href":"https:\/\/blog.causeur.fr\/antidote\/wp-json\/wp\/v2\/types\/post"}],"author":[{"embeddable":true,"href":"https:\/\/blog.causeur.fr\/antidote\/wp-json\/wp\/v2\/users\/10"}],"replies":[{"embeddable":true,"href":"https:\/\/blog.causeur.fr\/antidote\/wp-json\/wp\/v2\/comments?post=52"}],"version-history":[{"count":0,"href":"https:\/\/blog.causeur.fr\/antidote\/wp-json\/wp\/v2\/posts\/52\/revisions"}],"wp:attachment":[{"href":"https:\/\/blog.causeur.fr\/antidote\/wp-json\/wp\/v2\/media?parent=52"}],"wp:term":[{"taxonomy":"category","embeddable":true,"href":"https:\/\/blog.causeur.fr\/antidote\/wp-json\/wp\/v2\/categories?post=52"},{"taxonomy":"post_tag","embeddable":true,"href":"https:\/\/blog.causeur.fr\/antidote\/wp-json\/wp\/v2\/tags?post=52"}],"curies":[{"name":"wp","href":"https:\/\/api.w.org\/{rel}","templated":true}]}}