{"id":530,"date":"2010-01-27T23:26:00","date_gmt":"2010-01-27T22:26:00","guid":{"rendered":"http:\/\/carnet.causeur.fr\/antidote\/?p=530"},"modified":"2021-04-26T16:11:40","modified_gmt":"2021-04-26T14:11:40","slug":"qui-a-peur-de-monsieur-zemmour","status":"publish","type":"post","link":"https:\/\/blog.causeur.fr\/antidote\/qui-a-peur-de-monsieur-zemmour-530","title":{"rendered":"Qui a peur de Monsieur Zemmour ?"},"content":{"rendered":"<p><a href=\"http:\/\/www.marianne2.fr\/Exclusif-l-USM-appelle-Mam-a-poursuivre-Zemmour_a184358.html\" target=\"_blank\" rel=\"noopener\">Marianne2 nous apprend ce soir<\/a> que l&rsquo;Union des syndicats de magistrats a demand\u00e9 \u00e0 Mich\u00e8le Alliot-Marie, ministre de la Justice, quelle mesure elle entend prendre <em>\u00ab\u00a0en r\u00e9action \u00e0 ces propos inacceptables qui tendent \u00e0 discr\u00e9diter l&rsquo;institution judiciaire, et affaiblissent l&rsquo;autorit\u00e9 de l&rsquo;Etat.\u00a0\u00bb<\/em><\/p>\n<p>Les propos en question ont \u00e9t\u00e9 prononc\u00e9s par Eric Zemmour, lors de sa chronique matinale, lundi dernier. Pour r\u00e9sumer, il avait reproch\u00e9 vertement aux juges en g\u00e9n\u00e9ral, et en particulier \u00e0 ceux qui avaient pris la d\u00e9cision de remettre en libert\u00e9 les immigr\u00e9s clandestins kurdes d\u00e9barqu\u00e9s dans le sud de la Corse, d&rsquo;entraver pour des raisons id\u00e9ologiques les efforts de lutte contre l&rsquo;immigration ill\u00e9gale mis en \u0153uvre par les gouvernements successifs.<\/p>\n<p>Quel genre de mesure demande l&rsquo;USM contre le journaliste ? Qu&rsquo;on l&#8217;embastille ? Qu&rsquo;on lui retire sa carte de presse ? Entendons nous bien. Il ne s&rsquo;agit pas l\u00e0 de donner son avis sur la chronique d&rsquo;Eric Zemmour. Il s&rsquo;agit de traiter de la r\u00e9action pour le moins incongrue de la part de ce syndicat. Un syndicat joue son r\u00f4le en d\u00e9fendant ses adh\u00e9rents mais, en l&rsquo;esp\u00e8ce, il ne se plaint pas \u00e0 RTL ni ne produit un communiqu\u00e9 de protestation. Il sollicite discr\u00e8tement la ministre et demande, en termes tr\u00e8s sibyllins, que des sanctions soient prises contre un journaliste.<\/p>\n<p>On peut aussi se demander pourquoi l&rsquo;USM r\u00e9agit maintenant si les propos d&rsquo;Eric Zemmour portent autant atteinte \u00e0 l&rsquo;autorit\u00e9 judiciaire. Non seulement il a d\u00e9j\u00e0 critiqu\u00e9 certains juges \u00e0 la t\u00e9l\u00e9 et \u00e0 la radio[1. Par exemple, la semaine avant, il avait rappel\u00e9 l&rsquo;acharnement judiciaire dont, selon lui, Lo\u00efc Le Floc&rsquo;h Prigent faisait l&rsquo;objet.] mais il a consacr\u00e9 il y a treize ans un livre \u00e0 ce sujet, intitul\u00e9 -excusez du peu- Le coup d&rsquo;Etat des juges[2. Grasset &#8211; janvier 1997]\u00a0 ! Aux derni\u00e8res nouvelles, l&rsquo;ouvrage est toujours en vente libre.<\/p>\n<p>Il est curieux que l&rsquo;USM n&rsquo;ait pas sollicit\u00e9 le ministre de la Justice de l&rsquo;\u00e9poque lorsque, avant tout le monde, Florence Aubenas, de Lib\u00e9ration, ou Fr\u00e9d\u00e9ric Ploquin, de Marianne, mirent en doute la proc\u00e9dure mise en \u0153uvre par le juge Fabrice Burgaud dans la trop c\u00e9l\u00e8bre affaire d&rsquo;Outreau[4. On rappellera qu&rsquo;une promotion d&rsquo;\u00e9tudiants de l&rsquo;Ecole de la Magistrature voulait prendre le nom du c\u00e9l\u00e8bre juge et qu&rsquo;il a fallu bien des efforts pour l&rsquo;en dissuader par peur du scandale.]. Madame Alliot-Marie a t-elle re\u00e7u un courrier lorsque le Canard Encha\u00een\u00e9, il y a deux semaines, fustigea la promotion de Monsieur Lathoud comme directeur de l&rsquo;administration p\u00e9nitentiaire, alors qu&rsquo;il fut procureur g\u00e9n\u00e9ral de Douai et donc l&rsquo;un des principaux responsables de ce fiasco judiciaire ?<\/p>\n<p>Critiquer les d\u00e9cisions de justice, pour un journaliste, ou un pol\u00e9miste, ce n&rsquo;est pas nouveau. Voltaire, dans l&rsquo;affaire Callas, et Zola, dans l&rsquo;affaire Dreyfus, n&rsquo;y sont pas all\u00e9s de main morte en leurs temps. L&rsquo;interdiction de critiquer les d\u00e9cisions de justice ne s&rsquo;applique heureusement pas aux journaux. En revanche, en vertu de la s\u00e9paration des pouvoirs, les parlementaires ou les membres du gouvernement doivent s&rsquo;abstenir de toute critique ou m\u00eame de commentaire[3. Ce ne fut pas le cas du ministre de l&rsquo;Int\u00e9rieur lors de l&rsquo;affaire Cremel. On va dire que je m&rsquo;acharne, mais tant pis].<\/p>\n<p>En fait, Zemmour met, une fois de plus, le doigt o\u00f9 cela fait mal lorsqu&rsquo;il d\u00e9nonce le parti pris id\u00e9ologique d&rsquo;une partie des magistrats et met en garde contre l&rsquo;av\u00e8nement d&rsquo;un gouvernement des juges. Lorsqu&rsquo;il le faisait dans des livres ou \u00e0 une heure du matin \u00e0 la t\u00e9l\u00e9, cela passait encore. Mais il semble que sa pr\u00e9sence lors de cette tranche horaire, la plus \u00e9cout\u00e9e de France \u00e0 la radio, g\u00eane beaucoup plus de monde.<\/p>\n<p><span style=\"font-family: Times New Roman\"><span style=\"font-size: 12pt\"><br \/>\n<\/span><\/span><\/p>\n","protected":false},"excerpt":{"rendered":"<p>Les magistrats d\u00e9noncent le chroniqueur de RTL en louced\u00e9.<\/p>\n","protected":false},"author":10,"featured_media":0,"comment_status":"open","ping_status":"closed","sticky":false,"template":"","format":"standard","meta":{"footnotes":""},"categories":[5],"tags":[],"class_list":{"0":"post-530","1":"post","2":"type-post","3":"status-publish","4":"format-standard","6":"category-sulfate"},"_links":{"self":[{"href":"https:\/\/blog.causeur.fr\/antidote\/wp-json\/wp\/v2\/posts\/530","targetHints":{"allow":["GET"]}}],"collection":[{"href":"https:\/\/blog.causeur.fr\/antidote\/wp-json\/wp\/v2\/posts"}],"about":[{"href":"https:\/\/blog.causeur.fr\/antidote\/wp-json\/wp\/v2\/types\/post"}],"author":[{"embeddable":true,"href":"https:\/\/blog.causeur.fr\/antidote\/wp-json\/wp\/v2\/users\/10"}],"replies":[{"embeddable":true,"href":"https:\/\/blog.causeur.fr\/antidote\/wp-json\/wp\/v2\/comments?post=530"}],"version-history":[{"count":0,"href":"https:\/\/blog.causeur.fr\/antidote\/wp-json\/wp\/v2\/posts\/530\/revisions"}],"wp:attachment":[{"href":"https:\/\/blog.causeur.fr\/antidote\/wp-json\/wp\/v2\/media?parent=530"}],"wp:term":[{"taxonomy":"category","embeddable":true,"href":"https:\/\/blog.causeur.fr\/antidote\/wp-json\/wp\/v2\/categories?post=530"},{"taxonomy":"post_tag","embeddable":true,"href":"https:\/\/blog.causeur.fr\/antidote\/wp-json\/wp\/v2\/tags?post=530"}],"curies":[{"name":"wp","href":"https:\/\/api.w.org\/{rel}","templated":true}]}}