{"id":54,"date":"2008-04-14T17:32:55","date_gmt":"2008-04-14T16:32:55","guid":{"rendered":"http:\/\/carnet.causeur.fr\/antidote\/?p=54"},"modified":"2021-04-26T16:12:18","modified_gmt":"2021-04-26T14:12:18","slug":"je-prefere-louverture-a-melenchon-qua-kouchner","status":"publish","type":"post","link":"https:\/\/blog.causeur.fr\/antidote\/je-prefere-louverture-a-melenchon-qua-kouchner-54","title":{"rendered":"Je pr\u00e9f\u00e8re l&#039;ouverture \u00e0 M\u00e9lenchon qu&#039;\u00e0 Kouchner"},"content":{"rendered":"<p>L&rsquo;ouverture \u00e0 gauche de Monsieur Sarkozy semble avoir quelques rat\u00e9s. Martin Hirsch est en train de voir dispara\u00eetre sa raison d&rsquo;\u00eatre au gouvernement, le RSA, pour des raisons financi\u00e8res \u00e0 courte-vue. Bockel s&rsquo;est vu promu (sic) aux anciens combattants gr\u00e2ce \u00e0 l&rsquo;aimable pression d&rsquo;Omar Bongo qui jugeait le maire de Mulhouse ind\u00e9sirable \u00e0 la coop\u00e9ration. Mais venons-en plus pr\u00e9cis\u00e9ment \u00e0 l&#8217;embl\u00e9matique Bernard Kouchner.<\/p>\n<p>Bernard Kouchner a donn\u00e9 des le\u00e7ons toute sa vie. Et il en donne encore. Lui, le moderne, lui qui qualifie Hubert V\u00e9drine et Dominique de Villepin de pass\u00e9istes parce que ces deux illustres pr\u00e9decesseurs jugent inopportun le retour de la France dans les structures int\u00e9gr\u00e9es de l&rsquo;OTAN. Lui, qui \u00e9tait un partisan acharn\u00e9 de la guerre en Irak car elle \u00e9tait synonyme de droits de l&rsquo;Homme. Parlons-en de l&rsquo;Irak ! Sous la f\u00e9rule du tyran Saddam (pour reprendre les expressions kouchn\u00e9riennes), les femmes se promenaient dans les rues cheveux au vent, elles se rendaient parfois \u00e0 l&rsquo;Universit\u00e9, devenaient m\u00e9decins&#8230;.Aujourd&rsquo;hui, les amis de Monsieur Kouchner y ont mis bon ordre. Elles sont voil\u00e9es et restent \u00e0 la maison. Il vaut mieux pour leur s\u00e9curit\u00e9, les bombes explosent \u00e0 chaque coin de rue. Deux chr\u00e9tiens sur trois ont quitt\u00e9 l&rsquo;Irak, ind\u00e9sirables qu&rsquo;ils sont devenus. Rappelons qu&rsquo;avant 2003, l&rsquo;un des personnages les plus importants de l&rsquo;Etat irakien s&rsquo;appelait Tarek Aziz. Il \u00e9tait chr\u00e9tien. Et Monsieur Kouchner nous traite en complices d&rsquo;Al Quaeda et des talibans lorsque nous \u00e9mettons des r\u00e9serves \u00e0 continuer de s&rsquo;enliser dans le bourbier afghan ? Il y a des baffes qui se perdent.<\/p>\n<p>Plut\u00f4t que de s&rsquo;ouvrir \u00e0 Kouchner, le Pr\u00e9sident devrait s&rsquo;ouvrir \u00e0 Jean-Luc M\u00e9lenchon. Lui est vraiment rebelle. Lui ose aller \u00e0 contre-courant, quitte \u00e0 se faire rosser par toute l&rsquo;intelligentsia m\u00e9diatique. En affirmant haut et fort que les probl\u00e8mes li\u00e9s \u00e0 la Chine et au Tibet \u00e9taient sans doute beaucoup plus complexes que lorqu&rsquo;ils sont pr\u00e9sent\u00e9s par Saint-Robert-M\u00e9nard (Merci \u00e0 Ph. Cohen pour l&rsquo;expression), le s\u00e9nateur socialiste a gagn\u00e9 mon respect et mon admiration. L&rsquo;air de l&rsquo;Essonne doit \u00eatre propice au courage politique. Suivez mon regard.<\/p>\n","protected":false},"excerpt":{"rendered":"<p>L&rsquo;ouverture \u00e0 gauche de Monsieur Sarkozy semble avoir quelques rat\u00e9s. Martin Hirsch est en train de voir dispara\u00eetre sa raison d&rsquo;\u00eatre au gouvernement, le RSA, pour des raisons financi\u00e8res \u00e0 courte-vue. Bockel s&rsquo;est vu promu (sic) aux anciens combattants gr\u00e2ce \u00e0 l&rsquo;aimable pression d&rsquo;Omar Bongo qui jugeait le maire de Mulhouse ind\u00e9sirable \u00e0 la coop\u00e9ration. [&hellip;]<\/p>\n","protected":false},"author":10,"featured_media":0,"comment_status":"open","ping_status":"closed","sticky":false,"template":"","format":"standard","meta":{"footnotes":""},"categories":[4],"tags":[],"class_list":{"0":"post-54","1":"post","2":"type-post","3":"status-publish","4":"format-standard","6":"category-oxygene"},"_links":{"self":[{"href":"https:\/\/blog.causeur.fr\/antidote\/wp-json\/wp\/v2\/posts\/54","targetHints":{"allow":["GET"]}}],"collection":[{"href":"https:\/\/blog.causeur.fr\/antidote\/wp-json\/wp\/v2\/posts"}],"about":[{"href":"https:\/\/blog.causeur.fr\/antidote\/wp-json\/wp\/v2\/types\/post"}],"author":[{"embeddable":true,"href":"https:\/\/blog.causeur.fr\/antidote\/wp-json\/wp\/v2\/users\/10"}],"replies":[{"embeddable":true,"href":"https:\/\/blog.causeur.fr\/antidote\/wp-json\/wp\/v2\/comments?post=54"}],"version-history":[{"count":0,"href":"https:\/\/blog.causeur.fr\/antidote\/wp-json\/wp\/v2\/posts\/54\/revisions"}],"wp:attachment":[{"href":"https:\/\/blog.causeur.fr\/antidote\/wp-json\/wp\/v2\/media?parent=54"}],"wp:term":[{"taxonomy":"category","embeddable":true,"href":"https:\/\/blog.causeur.fr\/antidote\/wp-json\/wp\/v2\/categories?post=54"},{"taxonomy":"post_tag","embeddable":true,"href":"https:\/\/blog.causeur.fr\/antidote\/wp-json\/wp\/v2\/tags?post=54"}],"curies":[{"name":"wp","href":"https:\/\/api.w.org\/{rel}","templated":true}]}}