{"id":547,"date":"2010-02-17T08:41:06","date_gmt":"2010-02-17T07:41:06","guid":{"rendered":"http:\/\/carnet.causeur.fr\/antidote\/?p=547"},"modified":"2021-04-26T16:11:39","modified_gmt":"2021-04-26T14:11:39","slug":"le-feminisme-est-il-soluble-dans-lecologie","status":"publish","type":"post","link":"https:\/\/blog.causeur.fr\/antidote\/le-feminisme-est-il-soluble-dans-lecologie-547","title":{"rendered":"Le f\u00e9minisme est-il soluble dans l&#039;\u00e9cologie ?"},"content":{"rendered":"<p>Je n&rsquo;ai pas encore lu la derni\u00e8re livraison[4. Le Conflit &#8211; Flammarion Lettres- F\u00e9vrier 2010] d&rsquo;Elisabeth Badinter mais elle fait parler d&rsquo;elle. J&rsquo;avais appr\u00e9ci\u00e9 \u00ab\u00a0Fausse route\u00a0\u00bb[1. Odile Jacob &#8211; Avril 2003]. Ce n&rsquo;est gu\u00e8re \u00e9tonnant : avec ce livre l\u00e0, elle s&rsquo;\u00e9tait mise \u00e0 dos ses copines f\u00e9ministes et \u00e9tait remont\u00e9e dans l&rsquo;estime de bien des machos. Est-ce pour se rattraper qu&rsquo;elle revient ainsi \u00e0 ses premi\u00e8res amours ? Certainement pas ! Elisabeth Badinter ne fait pas dans le marketing.<\/p>\n<p>Avec son conflit entre la M\u00e8re et la Femme, Badinter s&rsquo;en prend aux \u00e9colos. Sous couvert de naturalisme, en pr\u00e9conisant allaitement et couches lavables, ces derniers culpabiliseraient les femmes. Le probl\u00e8me, c&rsquo;est qu&rsquo;il y a \u00e9colo et \u00e9colo. En montrant du doigt certains d&rsquo;entre eux, la philosophe pourrait tr\u00e8s bien, involontairement, mettre le feu \u00e0 la maison verte.<\/p>\n<p>Plantons le d\u00e9cor. A ma gauche, des \u00e9colos venus du gauchisme et de l&rsquo;esprit de mai, des compagnes ou compagnons de route des f\u00e9ministes des ann\u00e9es 70. Leur t\u00eate de proue s&rsquo;appelle Dominique Voynet. A ma droite, la nouvelle g\u00e9n\u00e9ration, celle des trentenaires des centre-villes qui ont vot\u00e9 Europe Ecologie en juin dernier. Ils se retrouvent sans peine dans C\u00e9cile Duflot, m\u00e8re de quatre enfants. Les premiers pr\u00eachent non seulement le f\u00e9minisme mais mettent en garde contre le <a href=\"http:\/\/carnet.causeur.fr\/antidote\/malthus-ii-le-retour,00245\" target=\"_self\" rel=\"noopener\">natalisme<\/a>, et souhaitent m\u00eame le combattre. Les seconds, qui n&rsquo;ont pas v\u00e9cu les combats de leurs pr\u00e9d\u00e9cesseurs font passer Ga\u00efa avant tout. Tout ce qui est naturel, non polluant et biod\u00e9gradable leur semble pr\u00e9f\u00e9rable. Les couches jetables, donc, c&rsquo;est mal. On pr\u00e9conise la couche lavable m\u00eame si c&rsquo;est revenir quelques d\u00e9cennies en arri\u00e8re. Pourquoi pas le lavoir ?<\/p>\n<p>Bien s\u00fbr, les dames \u00e9colos trentenaires ne pr\u00e9conisent pas le retour de la femme au foyer.\u00a0 Elles comptent sur leurs compagnons pour les aider devant le surcro\u00eet de servitudes qu&rsquo;impose ce retour au naturel. Ces derniers, lorsqu&rsquo;ils partagent le m\u00eame engouement que leur compagnes, participent donc au lavage des couches en question pendant qu&rsquo;elles se rendent \u00e0 leurs rendez-vous chez le sophrologue[5. Droits r\u00e9serv\u00e9s : J\u00e9r\u00f4me Leroy] ou leurs courses \u00e0 Nature et D\u00e9couverte.\u00a0 Mais on peut tout de m\u00eame pousser leur raisonnement jusqu&rsquo;au bout. S&rsquo;ils \u00e9taient cons\u00e9quents, ces nouveaux \u00e9cologistes se m\u00e9fieraient aussi de la pilule, de la capote en polyur\u00e9thane et donc non biod\u00e9gradable et finiraient par rejoindre Christine Boutin dans la pr\u00e9conisation de la fid\u00e9lit\u00e9 et de l&rsquo;abstinence, autant de positions, si l&rsquo;on ose dire, non polluantes, si l&rsquo;on ose dire aussi. Beno\u00eet XVI, ic\u00f4ne des nouveaux \u00e9cologistes ! La nouvelle pourrait faire du bruit au Grand Journal, \u00e0 T\u00e9l\u00e9rama et chez\u00a0 Les Inrocks et diviser durablement leurs r\u00e9dactions.<\/p>\n<p>Mais ceux qui ne sont ni \u00e9cologistes ni f\u00e9ministes, que peuvent-ils faire \u00e0 part s&rsquo;amuser des futures passes d&rsquo;armes dans un mouvement \u00e9colo qui ne pourra plus taire longtemps ces divisions structurelles ? Car, tout de m\u00eame, le Grenelle, il est pour tout le monde. On a \u00e9chapp\u00e9 de peu \u00e0 la fameuse taxe sur les couches jetables, id\u00e9e de l&rsquo;\u00e9colo high-tech de droite, NKM. Mais pour combien de temps ? Elisabeth Badinter n&rsquo;a pas tort de s&rsquo;alarmer d&rsquo;une telle mesure en d\u00e9clarant qu&rsquo;il s&rsquo;agirait d&rsquo;un recul pour la condition de la femme. Seulement, elle aurait pu ajouter que certains hommes pourraient aussi avoir \u00e0 le regretter. Quand on s&rsquo;occupe de ses enfants pendant les vacances scolaires alors que l&rsquo;\u00e9pouse travaille dans le priv\u00e9, il peut arriver que l&rsquo;on pense que certains progr\u00e8s fustig\u00e9s par Mesdames Duflot et Kosciusko-Morizet peuvent profiter \u00e0 nous aussi, les hommes, et, accessoirement, nous laisser du temps pour r\u00e9diger ce billet.<\/p>\n<p>Les trentenaires, victimes de leurs m\u00e8res f\u00e9ministes, ne voudraient pas, qu&rsquo;on se le dise, \u00eatre aussi victimes de l&rsquo;\u00e9cologisme d\u00e9brid\u00e9 des femmes de leur g\u00e9n\u00e9ration[2. Message personnel \u00e0 E. : c&rsquo;est bien beau de fustiger Madame Badinter. Mais il faudrait peut-\u00eatre aussi penser aux hommes de 10 \u00e0 20 ans vos cadets qui n&rsquo;y sont pour rien et perdent sur tous les tableaux. Sans rancune, n\u00e9anmoins !] . N&rsquo;avoir ni le beurre, ni l&rsquo;argent du beurre et encore moins le sourire[3. On aura remarqu\u00e9 la sagesse de l&rsquo;expression.] de la cr\u00e9mi\u00e8re, c&rsquo;est pas une vie.<\/p>\n","protected":false},"excerpt":{"rendered":"<p>Et lyc\u00e9e de Versailles ?<\/p>\n","protected":false},"author":10,"featured_media":0,"comment_status":"open","ping_status":"closed","sticky":false,"template":"","format":"standard","meta":{"footnotes":""},"categories":[4],"tags":[],"class_list":{"0":"post-547","1":"post","2":"type-post","3":"status-publish","4":"format-standard","6":"category-oxygene"},"_links":{"self":[{"href":"https:\/\/blog.causeur.fr\/antidote\/wp-json\/wp\/v2\/posts\/547","targetHints":{"allow":["GET"]}}],"collection":[{"href":"https:\/\/blog.causeur.fr\/antidote\/wp-json\/wp\/v2\/posts"}],"about":[{"href":"https:\/\/blog.causeur.fr\/antidote\/wp-json\/wp\/v2\/types\/post"}],"author":[{"embeddable":true,"href":"https:\/\/blog.causeur.fr\/antidote\/wp-json\/wp\/v2\/users\/10"}],"replies":[{"embeddable":true,"href":"https:\/\/blog.causeur.fr\/antidote\/wp-json\/wp\/v2\/comments?post=547"}],"version-history":[{"count":0,"href":"https:\/\/blog.causeur.fr\/antidote\/wp-json\/wp\/v2\/posts\/547\/revisions"}],"wp:attachment":[{"href":"https:\/\/blog.causeur.fr\/antidote\/wp-json\/wp\/v2\/media?parent=547"}],"wp:term":[{"taxonomy":"category","embeddable":true,"href":"https:\/\/blog.causeur.fr\/antidote\/wp-json\/wp\/v2\/categories?post=547"},{"taxonomy":"post_tag","embeddable":true,"href":"https:\/\/blog.causeur.fr\/antidote\/wp-json\/wp\/v2\/tags?post=547"}],"curies":[{"name":"wp","href":"https:\/\/api.w.org\/{rel}","templated":true}]}}