{"id":558,"date":"2010-02-27T09:43:31","date_gmt":"2010-02-27T08:43:31","guid":{"rendered":"http:\/\/carnet.causeur.fr\/antidote\/?p=558"},"modified":"2021-04-26T16:11:39","modified_gmt":"2021-04-26T14:11:39","slug":"pour-la-creation-dun-label-non-minc","status":"publish","type":"post","link":"https:\/\/blog.causeur.fr\/antidote\/pour-la-creation-dun-label-non-minc-558","title":{"rendered":"Pour la cr\u00e9ation d&#039;un label &quot;NON-MINC&quot;"},"content":{"rendered":"<p><a href=\"http:\/\/blog.causeur.fr\/antidote\/files\/2010\/02\/non-minc1.jpg\"><img loading=\"lazy\" decoding=\"async\" class=\"aligncenter size-full wp-image-560\" src=\"http:\/\/blog.causeur.fr\/antidote\/files\/2010\/02\/non-minc1.jpg\" alt=\"\" width=\"176\" height=\"163\" \/><\/a><\/p>\n<p>Au d\u00e9tour d&rsquo;une biographie consacr\u00e9e par le journaliste Daniel Bernard \u00e0 S\u00e9gol\u00e8ne Royal, on apprend que la Pr\u00e9sidente de la r\u00e9gion Poitou-Charentes accuse sa rivale Martine Aubry de consulter le m\u00eame conseiller que Nicolas Sarkozy, Alain Minc.<\/p>\n<p>C&rsquo;est vrai, S\u00e9gol\u00e8ne Royal ne nous apprend pas grand chose si on suit l&rsquo;itin\u00e9raire de la Premi\u00e8re secr\u00e9taire du Parti Socialiste. Elle aurait pu aussi nous rappeler que cette derni\u00e8re \u00e9tait aussi, pendant une quinzaine d&rsquo;ann\u00e9es, celle que le CNPF[1. Ancien nom du MEDEF dans une \u00e9poque que les moins de vingt ans ne peuvent pas conna\u00eetre.] consid\u00e9rait comme un relais efficace \u00e0 l&rsquo;int\u00e9rieur du PS. Mais elle a au moins le m\u00e9rite de le faire savoir \u00e0 la France enti\u00e8re, gr\u00e2ce \u00e0 sa notori\u00e9t\u00e9. Qu&rsquo;elle en soit donc remerci\u00e9e.<\/p>\n<p>Alain Minc, on ne l&rsquo;ignore pas non plus, s\u00e9vit aussi \u00e0 l&rsquo;Elys\u00e9e o\u00f9 le Pr\u00e9sident arbitre la plupart du temps en faveur de ses conseils plut\u00f4t que de suivre la pente r\u00e9publicaine incarn\u00e9e par Henri Guaino, lequel a tout de m\u00eame l&rsquo;utilit\u00e9 de lui servir des discours \u00f4 combien plus populaires. Et pour cause, ils disent absolument l&rsquo;inverse de ce que pense et conseille Minc.<\/p>\n<p>Enfin, nul ne peut ignorer non plus que le gourou de la \u00ab\u00a0mondialisation heureuse\u00a0\u00bb[2. Pour ceux qui l&rsquo;ignorent encore, M&rsquo;sieur Minc a titr\u00e9 un ouvrage ainsi pendant les ann\u00e9es 90, ce qui d\u00e9montre toutes ses qualit\u00e9s de visionnaire.] entretient les meilleures relations avec Dominique Strauss-Kahn et ne serait pas \u00e9loign\u00e9 du Pouvoir si le directeur du FMI devenait Pr\u00e9sident.<\/p>\n<p>Sarkozy, Aubry, DSK ! Les bookmakers du Grand Prix du Pr\u00e9sident de la R\u00e9publique les placent actuellement avec les cotes les plus faibles ; ils sont les favoris pour gagner et se trouvent tous les trois proches de Minc. Pourtant, leurs campagnes \u00e9lectorales seront bas\u00e9es sur de l&rsquo;Anti-Minc car on sait depuis Edouard Balladur que d&rsquo;afficher un projet inspir\u00e9 par le gourou des \u00e9lites mondialis\u00e9es fait prendre le risque assur\u00e9 de prendre une belle gamelle devant les \u00e9lecteurs.<\/p>\n<p>Donc, la campagne sera tr\u00e8s r\u00e9publicaine, elle montrera du doigt cette mondialisation lib\u00e9rale et insistera sur la n\u00e9cessit\u00e9 d&rsquo;intervention publique et m\u00eame le besoin de nations. On mettra Minc au placard pendant six mois et on le ressortira apr\u00e8s les \u00e9lections comme conseiller officiel ou officieux. Qu&rsquo;on ait Sarko, Titine ou DSK, m\u00eame punition pour ceux qui auront cru aux discours ! Sympa, la d\u00e9mocratie&#8230; Mais, on devrait s&rsquo;habituer ; cela fait quinze ans qu&rsquo;on nous rejoue le m\u00eame film.<\/p>\n<p>Il faut donc r\u00e9agir. Je propose la constitution d&rsquo;un comit\u00e9 de vigilance dont la mission serait de d\u00e9livrer un label \u00ab\u00a0NON-MINC\u00a0\u00bb aux candidats \u00e0 la pr\u00e9sidentielle et m\u00eame aux candidats \u00e0 la candidature. Ce comit\u00e9, constitu\u00e9 de journalistes et d&rsquo;intellectuels sp\u00e9cialistes de la vie politique fran\u00e7aise ayant prouv\u00e9 par leurs \u00e9crits ou leurs interventions toute leur d\u00e9fiance envers ce conseiller maudit, pourrait enqu\u00eater et auditionner. Evidemment, on peut d&rsquo;ores et d\u00e9j\u00e0 envisager que les tenants de l&rsquo;Autre politique comme Nicolas Dupont-Aignan ou Jean-Luc M\u00e9lenchon obtiendraient sans peine ce label. On peut aussi imaginer que les personnalit\u00e9s d\u00e9test\u00e9es voire insult\u00e9es par Alain Minc, comme S\u00e9gol\u00e8ne Royal, Fran\u00e7ois Bayrou ou Dominique de Villepin pourraient voir leurs candidatures valid\u00e9es par ce comit\u00e9.<\/p>\n<p>L&rsquo;op\u00e9ration est lanc\u00e9e officiellement. Et j&rsquo;y vais de ma premi\u00e8re proposition : on pourrait confier la pr\u00e9sidence du comit\u00e9 \u00e0 une personnalit\u00e9 politique de premier ordre dont on sait qu&rsquo;elle ne sera plus candidate \u00e0 l&rsquo;\u00e9lection pr\u00e9sidentielle et dont on conna\u00eet la d\u00e9testation de la pens\u00e9e Minc : le s\u00e9nateur du Territoire de Belfort : Monsieur Jean-Pierre Chev\u00e8nement.<\/p>\n","protected":false},"excerpt":{"rendered":"<p>Appel \u00e0 la cr\u00e9ation d&rsquo;un comit\u00e9 de vigilance pour le d\u00e9livrer.<\/p>\n","protected":false},"author":10,"featured_media":0,"comment_status":"open","ping_status":"closed","sticky":false,"template":"","format":"standard","meta":{"footnotes":""},"categories":[4],"tags":[],"class_list":{"0":"post-558","1":"post","2":"type-post","3":"status-publish","4":"format-standard","6":"category-oxygene"},"_links":{"self":[{"href":"https:\/\/blog.causeur.fr\/antidote\/wp-json\/wp\/v2\/posts\/558","targetHints":{"allow":["GET"]}}],"collection":[{"href":"https:\/\/blog.causeur.fr\/antidote\/wp-json\/wp\/v2\/posts"}],"about":[{"href":"https:\/\/blog.causeur.fr\/antidote\/wp-json\/wp\/v2\/types\/post"}],"author":[{"embeddable":true,"href":"https:\/\/blog.causeur.fr\/antidote\/wp-json\/wp\/v2\/users\/10"}],"replies":[{"embeddable":true,"href":"https:\/\/blog.causeur.fr\/antidote\/wp-json\/wp\/v2\/comments?post=558"}],"version-history":[{"count":0,"href":"https:\/\/blog.causeur.fr\/antidote\/wp-json\/wp\/v2\/posts\/558\/revisions"}],"wp:attachment":[{"href":"https:\/\/blog.causeur.fr\/antidote\/wp-json\/wp\/v2\/media?parent=558"}],"wp:term":[{"taxonomy":"category","embeddable":true,"href":"https:\/\/blog.causeur.fr\/antidote\/wp-json\/wp\/v2\/categories?post=558"},{"taxonomy":"post_tag","embeddable":true,"href":"https:\/\/blog.causeur.fr\/antidote\/wp-json\/wp\/v2\/tags?post=558"}],"curies":[{"name":"wp","href":"https:\/\/api.w.org\/{rel}","templated":true}]}}