{"id":577,"date":"2010-03-15T16:41:57","date_gmt":"2010-03-15T15:41:57","guid":{"rendered":"http:\/\/carnet.causeur.fr\/antidote\/?p=577"},"modified":"2021-04-26T16:11:39","modified_gmt":"2021-04-26T14:11:39","slug":"hommage-a-guy-thomas","status":"publish","type":"post","link":"https:\/\/blog.causeur.fr\/antidote\/hommage-a-guy-thomas-577","title":{"rendered":"Hommage \u00e0 Guy Thomas"},"content":{"rendered":"<p>Le d\u00e9c\u00e8s de Jean Ferrat et les admirables textes qui lui sont consacr\u00e9s sur Causeur ont rappel\u00e9 \u00e0 mon souvenir un homme que j&rsquo;ai eu la chance de rencontrer pendant ma jeune -de moins en moins- existence. Cet homme, qui \u00e9tait professeur de fran\u00e7ais et d&rsquo;histoire-g\u00e9ographie dans un lyc\u00e9e professionnel de la petite ville de Champagnole, dans le Jura, o\u00f9 j&rsquo;ai exerc\u00e9 pendant deux ans en tant que ma\u00eetre d&rsquo;internat, s&rsquo;appelle Guy Thomas.<\/p>\n<p>Guy Thomas est n\u00e9 en 1934 en Belgique, fils d&rsquo;un Bourguignon et d&rsquo;une Wallone. Lorsque j&rsquo;\u00e9tais charg\u00e9 de tourner dans les classes en d\u00e9but d&rsquo;heure pour y qu\u00e9rir les fameux billets d&rsquo;absence, j&rsquo;\u00e9tais toujours intimid\u00e9. J&rsquo;allais devoir interrompre le cours d&rsquo;un monsieur dont je savais qu&rsquo;il avait \u00e9crit de nombreuses chansons pour Jean Ferrat, po\u00e8te extr\u00eamement admir\u00e9 par ma m\u00e8re, laquelle avait tent\u00e9 sans succ\u00e8s quelques ann\u00e9es plus t\u00f4t de me faire pr\u00e9f\u00e9rer ses chansons \u00e0 celles des porte-drapeaux de la vari\u00e9t\u00e9 estampill\u00e9e \u00ab\u00a0g\u00e9n\u00e9ration morale\u00a0\u00bb des ann\u00e9es quatre-vingts.<\/p>\n<p>A cette \u00e9poque[1. En 1992-93.], je croyais qu&rsquo;il avait seulement \u00e9crit les paroles du dernier album de Ferrat, celui sorti en 1985, et intitul\u00e9 \u00ab\u00a0Je ne suis qu&rsquo;un cri\u00a0\u00bb. Or, Guy Thomas est un po\u00e8te qui a fr\u00e9quent\u00e9 L\u00e9o Ferr\u00e9, Georges Brassens, Fran\u00e7ois Mauriac ou Jean Rostand. Il a aussi collabor\u00e9, gr\u00e2ce \u00e0 sa rencontre avec Cavanna, \u00e0 Hara-Kiri et Charlie-Hebdo. Il a \u00e9crit de nombreux recueils de po\u00e8mes. Et sa collaboration avec le po\u00e8te-chanteur aujourd&rsquo;hui disparu ne datait pas de l&rsquo;\u00e9criture de ce seul album. Depuis 1972, il avait \u00e9t\u00e9 l&rsquo;un de ses paroliers (La le\u00e7on buissonni\u00e8re, le bruit des bottes).<\/p>\n<p>Dans ce m\u00eame lyc\u00e9e, il y avait aussi un autre artiste avec lequel Guy Thomas a co-\u00e9crit des ouvrages. Sculpteur, peintre, <a href=\"http:\/\/www.pierreduc.fr\/\" target=\"_blank\" rel=\"noopener\">Pierre Duc<\/a> est surtout connu pour avoir fait conna\u00eetre le <em>Land art <\/em>aux Franc-Comtois[2. Et au monde entier lorsque par exemple, il r\u00e9alisa le \u00ab\u00a0G\u00e9ant du Tour\u00a0\u00bb lequel fut admir\u00e9 par des millions de t\u00e9l\u00e9spectateurs \u00e0 travers le monde.]. Sa Joconde g\u00e9ante, son timbre \u00e0 l&rsquo;effigie de Louis Pasteur mais \u00e9galement sa Jument Verte en hommage \u00e0 Marcel Aym\u00e9 demeurent grav\u00e9s dans la m\u00e9moire de tous ceux qui sont fiers d&rsquo;\u00eatre n\u00e9s dans le Jura.<\/p>\n<p>En ce lendemain \u00e9lectoral, je ne voulais pas m&rsquo;\u00e9nerver sur ces tristes acteurs qui hantaient hier soir les plateaux de t\u00e9l\u00e9. Je pr\u00e9f\u00e9rais \u00e9voquer un artiste qui vit gu\u00e8re loin de chez moi et dont la po\u00e9sie fut si bien interpr\u00e9t\u00e9e par le chanteur aujourd&rsquo;hui disparu.<\/p>\n<h6>Photo en Une : Guy Thomas et Jean Ferrat, Wikim\u00e9diacommons<\/h6>\n","protected":false},"excerpt":{"rendered":"<p>Le parolier de Jean Ferrat \u00e9crit toujours en terre jurassienne.<\/p>\n","protected":false},"author":10,"featured_media":0,"comment_status":"open","ping_status":"closed","sticky":false,"template":"","format":"standard","meta":{"footnotes":""},"categories":[4],"tags":[],"class_list":{"0":"post-577","1":"post","2":"type-post","3":"status-publish","4":"format-standard","6":"category-oxygene"},"_links":{"self":[{"href":"https:\/\/blog.causeur.fr\/antidote\/wp-json\/wp\/v2\/posts\/577","targetHints":{"allow":["GET"]}}],"collection":[{"href":"https:\/\/blog.causeur.fr\/antidote\/wp-json\/wp\/v2\/posts"}],"about":[{"href":"https:\/\/blog.causeur.fr\/antidote\/wp-json\/wp\/v2\/types\/post"}],"author":[{"embeddable":true,"href":"https:\/\/blog.causeur.fr\/antidote\/wp-json\/wp\/v2\/users\/10"}],"replies":[{"embeddable":true,"href":"https:\/\/blog.causeur.fr\/antidote\/wp-json\/wp\/v2\/comments?post=577"}],"version-history":[{"count":0,"href":"https:\/\/blog.causeur.fr\/antidote\/wp-json\/wp\/v2\/posts\/577\/revisions"}],"wp:attachment":[{"href":"https:\/\/blog.causeur.fr\/antidote\/wp-json\/wp\/v2\/media?parent=577"}],"wp:term":[{"taxonomy":"category","embeddable":true,"href":"https:\/\/blog.causeur.fr\/antidote\/wp-json\/wp\/v2\/categories?post=577"},{"taxonomy":"post_tag","embeddable":true,"href":"https:\/\/blog.causeur.fr\/antidote\/wp-json\/wp\/v2\/tags?post=577"}],"curies":[{"name":"wp","href":"https:\/\/api.w.org\/{rel}","templated":true}]}}