{"id":585,"date":"2010-03-22T12:00:18","date_gmt":"2010-03-22T11:00:18","guid":{"rendered":"http:\/\/carnet.causeur.fr\/antidote\/?p=585"},"modified":"2021-04-26T16:11:39","modified_gmt":"2021-04-26T14:11:39","slug":"dans-la-tete-de-lelecteur-abstentionniste-de-droite","status":"publish","type":"post","link":"https:\/\/blog.causeur.fr\/antidote\/dans-la-tete-de-lelecteur-abstentionniste-de-droite-585","title":{"rendered":"Dans la t\u00eate de l&#039;\u00e9lecteur abstentionniste de droite"},"content":{"rendered":"<p>A ceux qui, venant ici, ne le sauraient pas encore, j&rsquo;ai longtemps fr\u00e9quent\u00e9 un parti politique, class\u00e9 \u00e0 droite[1. M\u00eame si c&rsquo;\u00e9tait pour y faire entendre un musique qui ne se limitait pas \u00e0 la droite.]. Tout \u00e7a pour dire que le militant de droite, et l&rsquo;\u00e9lecteur de droite, \u00e7a me conna\u00eet. Je l&rsquo;ai vu r\u00e9agir devant des \u00e9v\u00e8nements divers et vari\u00e9s de l&rsquo;aventure des r\u00e9novateurs \u00e0 la dissolution gag de 97 et passant par la guerre sans merci entre deux amis de trente ans.<\/p>\n<p>Essayons donc de nous mettre un instant dans la t\u00eate de cet \u00e9lecteur de droite. Ou, plus pr\u00e9cis\u00e9ment, dans celle d&rsquo;un \u00e9lecteur habituel de l&rsquo;UMP s&rsquo;\u00e9tant abstenu de participer au premier tour des \u00e9lections r\u00e9gionales.<\/p>\n<p>Jean-Paul a cinquante-deux ans. Il est artisan. Il habite une ville touch\u00e9e par la d\u00e9sindustrialisation et son activit\u00e9 se ressent beaucoup de cette derni\u00e8re. Il avait d&rsquo;ailleurs vot\u00e9 contre le TCE en 2005 alors qu&rsquo;il avait dit OUI \u00e0 la monnaie unique treize ans auparavant par fid\u00e9lit\u00e9 \u00e0 Chirac. Ce Sarkozy ne lui disait rien qui ne vaille pendant de longues ann\u00e9es mais, finalement d\u00e9\u00e7u par l&rsquo;immobilisme chiraquien, il a trouv\u00e9 son volontarisme int\u00e9ressant et lui a pardonn\u00e9 d&rsquo;avoir \u00e9t\u00e9 si pro-europ\u00e9en. Tent\u00e9 par le vote Le Pen, que ses copains artisans ou commer\u00e7ants avaient d\u00e9j\u00e0 exp\u00e9riment\u00e9 sans que lui, issu d&rsquo;une famille r\u00e9sistante, n&rsquo;ait jamais fait entendre sa protestation par ce biais, il a finalement \u00e9t\u00e9 convaincu par le Sarko de la pr\u00e9sidentielle. Certes, il est peu de dire que la nuit du Fouquet&rsquo;s ne l&rsquo;avait pas emball\u00e9. Lui pr\u00e9f\u00e9rait Chirac en CX Prestige dans les rues de Paris. Mais Chirac avait \u00e9t\u00e9 si d\u00e9cevant par la suite&#8230; Attendons donc et voyons, pensait alors Jean-Paul en fran\u00e7ais dans le texte puisqu&rsquo;il ne parle pas un tra\u00eetre mot d&rsquo;anglais.<\/p>\n<p>Il n&rsquo;a pas vu d&rsquo;un bon oeil les virages diplomatiques de Sarko. L&rsquo;OTAN et son commandement machinchose, il ne voyait pas l&rsquo;int\u00e9r\u00eat d&rsquo;y revenir. Mais, il s&rsquo;en foutait un peu, apr\u00e8s tout. Ce qui l&rsquo;int\u00e9ressait, c&rsquo;\u00e9tait l&rsquo;activit\u00e9 de sa petite entreprise et de sa petite ville. Les histoires d&rsquo;ouverture, au d\u00e9but, \u00e7a l&rsquo;a plut\u00f4t amus\u00e9. Non pas que Kouchner et Hirsch soient son ballon de rouge -il ne boit pas de th\u00e9- mais c&rsquo;\u00e9tait une mani\u00e8re de faire la nique \u00e0 ses socialos qu&rsquo;il d\u00e9teste tant. Mais bon, au bout d&rsquo;un moment, \u00e7a a commenc\u00e9 \u00e0 le gonfler. Surtout quand il a vu que cela se faisait sous la pression de la nouvelle femme de Sarko, cette chanteuse sans voix, lui qui pr\u00e9f\u00e8re Lara Fabian et C\u00e9line Dion.<\/p>\n<p>Et puis les conneries -comme il dit- se sont accumul\u00e9es. Ces histoires de Polanski d\u00e9fendu par le ministre -d&rsquo;ouverture- alors qu&rsquo;un de ses amis a pass\u00e9 trois semaines en d\u00e9tention parce qu&rsquo;un gamine l&rsquo;avait accus\u00e9 d&rsquo;un viol avant de se r\u00e9tracter. Ce m\u00eame ministre qui avait \u00e9crit des bouquins sur des histoires de tha\u00eflandais dont on ne savait pas quel \u00e2ge ils pouvaient bien avoir alors qu&rsquo;on ne peut plus aller aux putes en France sans risquer de se retrouver au poste et de voir sa l\u00e9gitime inform\u00e9e. Ces gamines qui se font piquer avec des kilos de drogue dans leurs valises et qu&rsquo;on va rechercher dans les Cara\u00efbes, sur une id\u00e9e de la chanteuse, encore. Et puis, il y a toutes ces risettes aux \u00e9colos. Il ne les aime pas, les \u00e9colos, Jean-Paul. Cette histoire de taxe carbone, \u00e7a le fait hurler. Il ne regrette donc pas de ne pas avoir vot\u00e9 l&rsquo;an dernier aux europ\u00e9ennes. C&rsquo;\u00e9tait sa mani\u00e8re de tous les envoyer se faire voir -Jean-Paul dit \u00ab\u00a0foutre\u00a0\u00bb, quant \u00e0 lui- \u00e9colos, socialos et surtout ce pr\u00e9sident qui commence \u00e0 lui courir sur le haricot. Il n&rsquo;est pas retourn\u00e9 voter la semaine derni\u00e8re non plus. D\u00e9j\u00e0 que les r\u00e9gions, il s&rsquo;en fiche -Jean-Paul dit \u00ab\u00a0branle\u00a0\u00bb, quant \u00e0 lui, alors il ne voit pas davantage de raison de se mobiliser davantage que pour l&rsquo;Europe. C&rsquo;est vrai que la r\u00e9gion a augment\u00e9 les imp\u00f4ts avec les socialos pendant les cinq derni\u00e8res ann\u00e9es mais il a bien regard\u00e9 sur sa feuille d&rsquo;imp\u00f4t. A c\u00f4t\u00e9 de la taxe carbone qui se pr\u00e9pare, c&rsquo;est peanuts. En plus, le dernier gros chantier qu&rsquo;il a eu, c&rsquo;\u00e9tait une sous-traitance dans la r\u00e9novation du lyc\u00e9e de la ville d&rsquo;\u00e0 c\u00f4t\u00e9. Finalement, les socialos le font plus travailler que ce couillon de beau parleur de Sarkozy.<\/p>\n<p>Dimanche dernier, il a regard\u00e9 la soir\u00e9e \u00e9lections sur la Une. En \u00e9coutant les sbires de Sarko r\u00e9p\u00e9ter les m\u00eames choses, il s&rsquo;est demand\u00e9 si ces gens comprenaient quelque chose \u00e0 ce qui leur arrivait. Mais ce qui l&rsquo;a fait \u00e9teindre sa t\u00e9l\u00e9 de rage, c&rsquo;est d&rsquo;en entendre un -celui qui a les cheveux longs l\u00e0 ? Oui, c&rsquo;est \u00e7a, Lefebvre- dire que voter FN, c&rsquo;\u00e9tait voter PS. Quoi ? Le Sarko nomme des mecs de gauche \u00e0 tout va, il joue \u00e0 plus \u00e9coloquemoitumeurs \u00e0 qui mieux mieux, et il montre du doigt ses potes anti-socialos qui votent Le Pen ! Trop, c&rsquo;est trop.<\/p>\n<p>Une semaine plus tard, Jean-Paul a r\u00e9fl\u00e9chi. Finalement, c&rsquo;est bien ce Lefebvre qui lui a donn\u00e9 la solution. Il ne savait pas comment il pouvait voter socialo sans mettre un bulletin socialo dans l&rsquo;urne. Il va faire comme les copains. Finalement cette Marine, elle est peut-\u00eatre mieux que son p\u00e8re. Et puis, de toute mani\u00e8re, la r\u00e9gion&#8230;<\/p>\n<h5><em><strong>Texte publi\u00e9 hier soir sur Marianne2, pendant la soir\u00e9e \u00e9lectorale du site.<\/strong><\/em><\/h5>\n","protected":false},"excerpt":{"rendered":"<p>Jean-Paul, 52 ans, artisan<\/p>\n","protected":false},"author":10,"featured_media":0,"comment_status":"open","ping_status":"closed","sticky":false,"template":"","format":"standard","meta":{"footnotes":""},"categories":[5],"tags":[],"class_list":{"0":"post-585","1":"post","2":"type-post","3":"status-publish","4":"format-standard","6":"category-sulfate"},"_links":{"self":[{"href":"https:\/\/blog.causeur.fr\/antidote\/wp-json\/wp\/v2\/posts\/585","targetHints":{"allow":["GET"]}}],"collection":[{"href":"https:\/\/blog.causeur.fr\/antidote\/wp-json\/wp\/v2\/posts"}],"about":[{"href":"https:\/\/blog.causeur.fr\/antidote\/wp-json\/wp\/v2\/types\/post"}],"author":[{"embeddable":true,"href":"https:\/\/blog.causeur.fr\/antidote\/wp-json\/wp\/v2\/users\/10"}],"replies":[{"embeddable":true,"href":"https:\/\/blog.causeur.fr\/antidote\/wp-json\/wp\/v2\/comments?post=585"}],"version-history":[{"count":0,"href":"https:\/\/blog.causeur.fr\/antidote\/wp-json\/wp\/v2\/posts\/585\/revisions"}],"wp:attachment":[{"href":"https:\/\/blog.causeur.fr\/antidote\/wp-json\/wp\/v2\/media?parent=585"}],"wp:term":[{"taxonomy":"category","embeddable":true,"href":"https:\/\/blog.causeur.fr\/antidote\/wp-json\/wp\/v2\/categories?post=585"},{"taxonomy":"post_tag","embeddable":true,"href":"https:\/\/blog.causeur.fr\/antidote\/wp-json\/wp\/v2\/tags?post=585"}],"curies":[{"name":"wp","href":"https:\/\/api.w.org\/{rel}","templated":true}]}}