{"id":592,"date":"2010-03-29T09:08:00","date_gmt":"2010-03-29T08:08:00","guid":{"rendered":"http:\/\/carnet.causeur.fr\/antidote\/?p=592"},"modified":"2021-04-26T16:11:39","modified_gmt":"2021-04-26T14:11:39","slug":"le-prefet-ne-veut-pas-passer-pour-un-guignol","status":"publish","type":"post","link":"https:\/\/blog.causeur.fr\/antidote\/le-prefet-ne-veut-pas-passer-pour-un-guignol-592","title":{"rendered":"Le Pr\u00e9fet ne veut pas passer pour un guignol"},"content":{"rendered":"<p>\u00ab\u00a0Si j&rsquo;\u00e9tais Pr\u00e9fet de police, j&rsquo;interdirais les fiacres la nuit\u00a0\u00bb.<\/p>\n<p>Si j&rsquo;avais ce pouvoir, je mettrais deux mauvais \u00e9l\u00e8ves \u00e0 une table, et je leur ferais disserter cette citation de Louis XV. Ces deux pi\u00e8tres \u00e9coliers s&rsquo;appellent Nicolas et Edwy. Je crois que les claques derri\u00e8re les oreilles pleuvraient.<\/p>\n<p>Commen\u00e7ons par Edwy. Il croit que Nicolas renoue avec une conception monarchique du pouvoir. Il le claironne \u00e0 qui veut bien l&rsquo;entendre. Et pourtant, lorsqu&rsquo;on prend le temps de lire cette citation royale, lorsqu&rsquo;on r\u00e9fl\u00e9chit, on doit bien convenir que Louis XV a un avis sur la question mais qu&rsquo;il ne se substitue pas au Pr\u00e9fet de police. Il pense que le Pr\u00e9fet de police est sans doute trop laxiste de laisser ainsi les fiacres circuler nuitamment mais il emploie le conditionnel : il n&rsquo;est pas pr\u00e9fet de police. C&rsquo;est \u00e0 ce dernier de prendre ses responsabilit\u00e9s ; il ne sera pas pour autant destitu\u00e9. Le Roi respecte le r\u00f4le de chacun dans l&rsquo;Etat, parce que l&rsquo;Etat, c&rsquo;est lui, pr\u00e9cis\u00e9ment. \u00ab\u00a0L&rsquo;Etat, c&rsquo;est moi\u00a0\u00bb, justement. Citation c\u00e9l\u00e8bre de l&rsquo;arri\u00e8re-grand-p\u00e8re, Roi-Soleil. L&rsquo;Etat, c&rsquo;est le Roi et pas les Grands, pas les f\u00e9odaux. L\u00e0\u00a0 encore, on croit que cette phrase qui incarne la monarchie absolue fait peu de cas des sujets de Sa Majest\u00e9. Au contraire, c&rsquo;est le Tiers-Etat qui demande au Roi, lors des Etats-G\u00e9n\u00e9raux de 1614, de se proclamer monarque absolu, ce que combattent la Noblesse et le Clerg\u00e9. D\u00e9s lors, lorsque l&rsquo;\u00e9l\u00e8ve Plenel compare l&rsquo;\u00e9l\u00e8ve Sarkozy avec un monarque absolu, il se met le doigt dans l&rsquo;oeil, mais aussi l&rsquo;avant-bras et le coude.<\/p>\n<p>Passons \u00e0 l&rsquo;autre cancre, pr\u00e9cis\u00e9ment, qui a malheureusement \u00e9t\u00e9 \u00e9lu Pr\u00e9sident de la R\u00e9publique. Imaginons le \u00e0 la place de Louis XV. Non seulement, le lendemain matin, le Pr\u00e9fet de Police serait cong\u00e9di\u00e9, les fiacres interdits la nuit dans l&rsquo;apr\u00e8s-midi. Mais il est aussi fort possible, que sous la pression de divers groupements (nobliaux en col\u00e8re de ne pouvoir jouir sans entrave de leurs richesses, soci\u00e9t\u00e9s propri\u00e9taires de fiacres, etc&#8230;), il pourrait, apr\u00e8s la publication de moult pamphlets -sorte de buzz de l&rsquo;\u00e9poque, renoncer \u00e0 sa d\u00e9cision initiale et autoriser tr\u00e8s rapidement la circulation nocturne de ces v\u00e9hicules. L&rsquo;Etat n&rsquo;en serait pas sorti grandi.<\/p>\n<p>Revenons \u00e0 notre \u00e9poque et examinons justement quelques situations qui prouvent que je ne sombre pas dans l&rsquo;anti-sarkozysme primaire \u00e0 la Edwy, ce qui serait un comble, apr\u00e8s ce que je viens d&rsquo;expliquer.<\/p>\n<p>Lorsque le Pr\u00e9fet de la Manche ainsi que le directeur de la s\u00e9curit\u00e9 du m\u00eame d\u00e9partement furent vir\u00e9s par Nicolas Sarkozy, ce n&rsquo;\u00e9tait pas au regard de leurs r\u00e9sultats. En effet, ces derniers \u00e9taient excellents, si on prenait la peine d&rsquo;\u00e9tudier les classements publi\u00e9s par le minist\u00e8re de l&rsquo;int\u00e9rieur en terme de lutte contre la d\u00e9linquance. Il s&rsquo;agissait d&rsquo;un caprice. Monsieur n&rsquo;avait pas aim\u00e9 que ses chastes oreilles soient chatouill\u00e9es par les slogans de quelques manifestants. Il aurait fallu que ces derniers soient repouss\u00e9s assez loin pour que le moral pr\u00e9sidentiel ne soit pas ainsi atteint. Le Pr\u00e9fet ne doit plus assurer la s\u00e9curit\u00e9 ; il doit avant tout se pr\u00e9occuper de la psychologie hyst\u00e9rique de Nicolas Sarkozy.<\/p>\n<p>Lorsque que le ministre de l&rsquo;Int\u00e9rieur ordonna le huis-clos pour le match de coupe de France Auxerre- Paris, il le d\u00e9cida pour des raisons de s\u00e9curit\u00e9, nous dit-il. Il aurait, constatant que c&rsquo;est le club de la capitale qui pose probl\u00e8me partout o\u00f9 il se d\u00e9place, pu demander que le club bourguignon soit d&rsquo;ores et d\u00e9j\u00e0 d\u00e9sign\u00e9 vainqueur. Et m\u00eame, proposer la dissolution du PSG en conseil des ministres. Mais il s&rsquo;agit du club pr\u00e9f\u00e9r\u00e9 du Pr\u00e9sident. Il pr\u00e9f\u00e8ra donc, <a href=\"http:\/\/carnet.causeur.fr\/antidote\/ponia-du-pauvre,00581\" target=\"_blank\" rel=\"noopener\">comme je l&rsquo;ai expliqu\u00e9 la semaine derni\u00e8re<\/a>, l\u00e9ser Auxerre.<\/p>\n<p>Enfin, lorsque le Pr\u00e9fet Bernard Fragneau applique la loi et les r\u00e8glements, vot\u00e9s et durcis par le gouvernement en place, en mati\u00e8re de reconduite \u00e0 la fronti\u00e8re, il se conduit en serviteur de l&rsquo;Etat loyal et rigoureux. Alors que, certainement sous les encouragements de son ministre, il tente de tenir bon contre le d\u00e9ferlement associatif et le buzz -avatars des associations de d\u00e9fense du fiacre et des pamphlets que j&rsquo;\u00e9voquais plus haut, il est ensuite d\u00e9savou\u00e9 par le Pr\u00e9sident de la R\u00e9publique qui r\u00e9clame le retour d&rsquo;une ressortissante marocaine expuls\u00e9e en vertu des d\u00e9cisions prises par lui-m\u00eame. Il tr\u00e9pigne et tranche en totale hyst\u00e9rie, apr\u00e8s avoir re\u00e7u les assocs en question. L\u00e0 encore, Sarkozy ne sait pas ce qu&rsquo;il veut. On dirait un enfant de deux ans[1. Des proches me diront \u00ab\u00a0\u00e7a sent le v\u00e9cu\u00a0\u00bb. Pr\u00e9cis\u00e9ment !].<\/p>\n<p>Du salutaire \u00ab\u00a0Etat, c&rsquo;est Moi\u00a0\u00bb, pr\u00e9curseur de la Convention, de la Troisi\u00e8me R\u00e9publique imposant la La\u00efcit\u00e9, et du gouvernement du G\u00e9n\u00e9ral de Gaulle, on est pass\u00e9 \u00e0 un \u00ab\u00a0L&rsquo;Etat, c&rsquo;est <strong>\u00e0<\/strong> Moi\u00a0\u00bb. Je ne suis pas certain qu&rsquo;on y ait v\u00e9ritablement gagn\u00e9.<\/p>\n<p>Bernard Fragneau, Pr\u00e9fet de la r\u00e9gion Centre, fit un s\u00e9jour dans mon Jura natal il y a quelques ann\u00e9es. Contrairement \u00e0 d&rsquo;autres repr\u00e9sentants de l&rsquo;Etat, je me souviens bien de son nom. Il semble donc qu&rsquo;il n&rsquo;\u00e9tait pas du genre \u00e0 se laisser marcher sur les pieds, ni par les \u00e9lus locaux, ni par les saintes-associations, toutes f\u00e9odalit\u00e9s qu&rsquo;un Pr\u00e9fet doit contenir afin que s&rsquo;exprime l&rsquo;autorit\u00e9 de l&rsquo;Etat. Il ne souhaite pas passer pour un guignol ; il souhaite donc \u00eatre relev\u00e9 de ses fonctions. Qu&rsquo;il soit remerci\u00e9 de cette le\u00e7on de service de l&rsquo;Etat, donn\u00e9e \u00e0 tous, et en particulier celui dont, en premier lieu, c&rsquo;est la mission[2. Ajoutons qu&rsquo;il se conduit \u00e9l\u00e9gamment avec ses services, ce qui n&rsquo;est pas le cas de tous les repr\u00e9sentants de l&rsquo;Etat ces temps derniers, comme le signalait Manuel Moreau sur <a href=\"http:\/\/www.causeur.fr\/inspecteur-gadget-a-l%E2%80%99academie-de-creteil,5849\" target=\"_blank\" rel=\"noopener\">Causeur<\/a> r\u00e9cemment.].<\/p>\n","protected":false},"excerpt":{"rendered":"<p>Etat-Sarko ou Etat \u00e0 Sarko ?<\/p>\n","protected":false},"author":10,"featured_media":0,"comment_status":"open","ping_status":"closed","sticky":false,"template":"","format":"standard","meta":{"footnotes":""},"categories":[5],"tags":[],"class_list":{"0":"post-592","1":"post","2":"type-post","3":"status-publish","4":"format-standard","6":"category-sulfate"},"_links":{"self":[{"href":"https:\/\/blog.causeur.fr\/antidote\/wp-json\/wp\/v2\/posts\/592","targetHints":{"allow":["GET"]}}],"collection":[{"href":"https:\/\/blog.causeur.fr\/antidote\/wp-json\/wp\/v2\/posts"}],"about":[{"href":"https:\/\/blog.causeur.fr\/antidote\/wp-json\/wp\/v2\/types\/post"}],"author":[{"embeddable":true,"href":"https:\/\/blog.causeur.fr\/antidote\/wp-json\/wp\/v2\/users\/10"}],"replies":[{"embeddable":true,"href":"https:\/\/blog.causeur.fr\/antidote\/wp-json\/wp\/v2\/comments?post=592"}],"version-history":[{"count":0,"href":"https:\/\/blog.causeur.fr\/antidote\/wp-json\/wp\/v2\/posts\/592\/revisions"}],"wp:attachment":[{"href":"https:\/\/blog.causeur.fr\/antidote\/wp-json\/wp\/v2\/media?parent=592"}],"wp:term":[{"taxonomy":"category","embeddable":true,"href":"https:\/\/blog.causeur.fr\/antidote\/wp-json\/wp\/v2\/categories?post=592"},{"taxonomy":"post_tag","embeddable":true,"href":"https:\/\/blog.causeur.fr\/antidote\/wp-json\/wp\/v2\/tags?post=592"}],"curies":[{"name":"wp","href":"https:\/\/api.w.org\/{rel}","templated":true}]}}