{"id":596,"date":"2010-04-03T12:09:42","date_gmt":"2010-04-03T11:09:42","guid":{"rendered":"http:\/\/carnet.causeur.fr\/antidote\/?p=596"},"modified":"2021-04-26T16:11:39","modified_gmt":"2021-04-26T14:11:39","slug":"le-soutien-dun-mecreant-a-benoit-xvi","status":"publish","type":"post","link":"https:\/\/blog.causeur.fr\/antidote\/le-soutien-dun-mecreant-a-benoit-xvi-596","title":{"rendered":"Le soutien d&#039;un m\u00e9cr\u00e9ant \u00e0 Benoit XVI"},"content":{"rendered":"<p>J&rsquo;ai toujours eu une r\u00e9ticence \u00e0 \u00e9voquer ma relation \u00e0 la religion. Profond\u00e9ment attach\u00e9 \u00e0 la la\u00efcit\u00e9 et donc \u00e0 la s\u00e9paration stricte entre la vie priv\u00e9e et la vie publique, je demeure enclin \u00e0 ne pas me justifier sur le fait que, bien que baptis\u00e9 et ayant re\u00e7u une instruction religieuse, je ne me suis pas mari\u00e9 \u00e0 l&rsquo;\u00e9glise ni fait baptiser mes enfants, consid\u00e9rant que c&rsquo;est \u00e0 elles de prendre un jour la d\u00e9cision si elles le souhaitent. Pourquoi ? Justement, c&rsquo;est une histoire entre moi et mon \u00e9pouse, et entre nous et nos fois \u00e9ventuelles. En revanche, il est difficile de cacher que je ne me rends jamais \u00e0 la messe dominicale. On peut aussi s&rsquo;apercevoir que, par exemple, je n&rsquo;observe pas car\u00eame et que je mange de la viande le vendredi. Donc, pour un observateur attentif de ma vie publique, il n&rsquo;y a gu\u00e8re de doute qu&rsquo;on peut me classer dans la cat\u00e9gorie des m\u00e9cr\u00e9ants. Soit.<\/p>\n<p>Pourtant, alors que son texte est profond\u00e9ment inspir\u00e9 par la foi catholique, j&rsquo;ai sign\u00e9 l&rsquo;<a href=\"http:\/\/www.appelaverite.fr\/\" target=\"_blank\" rel=\"noopener\">Appel \u00e0 la v\u00e9rit\u00e9<\/a> des catholiques fran\u00e7ais, lequel compte plus de 6000 signatures \u00e0 l&rsquo;heure o\u00f9 j&rsquo;\u00e9cris ces lignes.<\/p>\n<p>Pourquoi un m\u00e9cr\u00e9ant s&rsquo;associe t-il \u00e0 cette initiative de pratiquants fervents ?<\/p>\n<p>Parce que j&rsquo;aime la v\u00e9rit\u00e9, tout simplement. Et la v\u00e9rit\u00e9 est constamment malmen\u00e9e ces temps-ci en ce qui concerne l&rsquo;Eglise catholique en g\u00e9n\u00e9ral et le Pape Beno\u00eet XVI en particulier. Comme l&rsquo;a notamment <a href=\"http:\/\/www.koztoujours.fr\/?p=7211\" target=\"_blank\" rel=\"noopener\">tr\u00e8s bien expliqu\u00e9<\/a> Koz, un camarade blogueur parfois publi\u00e9 par Causeur, ou Bernard Lecomte[1. Biographe de Jean-Paul II, notamment..] ce matin sur Europe 1, le Souverain pontife fait l&rsquo;objet d&rsquo;une v\u00e9ritable chasse m\u00e9diatique \u00e0 l&rsquo;\u00e9chelle internationale \u00e0 laquelle notre pays ne fait malheureusement pas exception. Trait\u00e9 successivement d&rsquo;ami des n\u00e9gationnistes, d&rsquo;excommunicateur de jeune fille ayant subi un avortement, puis d&rsquo;assassin \u00e0 l&rsquo;occasion de ses propos dans un avion le menant en Afrique, b\u00e9atificateur de pape nazi, le voil\u00e0 protecteur de p\u00e9dophiles. Excusez du peu. Tout cela est \u00e9videmment faux. Fran\u00e7ois Miclo <a href=\"http:\/\/www.causeur.fr\/et-preserve-nous-du-mal,2135\" target=\"_blank\" rel=\"noopener\">dans un texte m\u00e9morable<\/a> avait tordu le cou aux trois premiers canards. En ce qui concerne la derni\u00e8re accusation en date, elle est d&rsquo;autant plus ignoble que Beno\u00eet XVI est justement celui qui a bris\u00e9 la loi du silence qui r\u00e9gnait dans l&rsquo;Eglise \u00e0 ce sujet pendant de longues ann\u00e9es comme dans d&rsquo;autres institutions.<\/p>\n<p>A l&rsquo;occasion des \u00e9lections europ\u00e9ennes, Fran\u00e7ois Bayrou avait cru bon de rappeler des \u00e9crits de Daniel Cohn-Bendit datant des ann\u00e9es soixante-dix et qui le choquaient pour encourager la p\u00e9dophilie. Ce rappel s&rsquo;\u00e9tait retourn\u00e9 contre le d\u00e9put\u00e9 b\u00e9arnais. Certes, il s&rsquo;attaquait \u00e0 une vache sacr\u00e9e mais il avait aussi tort. En regardant une \u00e9poque avec les lunettes d&rsquo;aujourd&rsquo;hui, il tombait dans le grave p\u00e9ch\u00e9 de l&rsquo;anachronisme, ce que la plupart des m\u00e9dias relevait pour une fois, alors qu&rsquo;elle l&rsquo;avait tant oubli\u00e9 sur d&rsquo;autres sujets br\u00fblants, relayant les appels \u00e0 la repentance. N&rsquo;est pas Dany Cohn-Bendit qui veut, m\u00eame si, \u00e0 un degr\u00e9 moindre, Fr\u00e9d\u00e9ric Mitterrand fit l&rsquo;objet d&rsquo;un traitement du m\u00eame genre, la journaliste de service passant pudiquement sur son \u00e9vocation de boxeurs de quarante ans.<\/p>\n<p>Tel n&rsquo;est donc pas le cas pour Beno\u00eet XVI. Jusqu&rsquo;\u00e0 maintenant, l&rsquo;\u00e9mission de t\u00e9l\u00e9 la plus repr\u00e9sentative de l&rsquo;\u00e9lite bobo\u00efsante, le Grand Journal de Canal plus, n&rsquo;a pas encore invit\u00e9 de d\u00e9fenseur du Pape sur son plateau. On imagine volontiers que lorsque ce sera le cas, il devra subir le r\u00e9quisitoire implacable d&rsquo;Aphatie, les remarques assassines prof\u00e9r\u00e9es d&rsquo;un ton bonhomme par Ali Badou et supporter les questions d&rsquo;Ariane Massenet, dignes d&rsquo;une \u00e9l\u00e8ve m\u00e9diocre de classe de cinqui\u00e8me. Aussit\u00f4t apr\u00e8s avoir quitt\u00e9 le plateau, il entendra l&rsquo;\u00e9cho d&rsquo;un cardinal \u00e0 voix de Sylvester Stallone s&rsquo;esclaffer devant les exploits du Guignol repr\u00e9sentant un pape mi-p\u00e9dophile mi-nazi. <a href=\"http:\/\/carnet.causeur.fr\/antidote\/la-defense-de-zemmour-passe-par-celle-de-guillon,00594\" target=\"_blank\" rel=\"noopener\">Comme je l&rsquo;\u00e9crivais mercredi<\/a> en reprenant les sages propos du Pr\u00e9sident de la R\u00e9publique, mieux vaut un exc\u00e8s de caricature \u00e0 l&rsquo;absence de caricature. Nulle n&rsquo;est donc question pour moi de pr\u00f4ner le retour du d\u00e9lit de blasph\u00e8me.\u00a0 Mais je ne peux m&#8217;emp\u00eacher de penser ce qu&rsquo;un sketch du m\u00eame tonneau provoquerait s&rsquo;il moquait Islam et imams. Au regard de ce qui surviendrait, les \u00e9v\u00e8nements survenus r\u00e9cemment \u00e0 Tremblay-en-France rel\u00e8veraient alors de l&rsquo;aimable plaisanterie. Mais comme le reconnaissait tr\u00e8s honn\u00eatement St\u00e9phane Guillon[2. Vid\u00e9o ci-dessus.], les comiques d&rsquo;aujourd&rsquo;hui savent choisir leurs cibles en mati\u00e8re de rebelle-attitude.<\/p>\n<p>Voil\u00e0 pourquoi, alors qu&rsquo;on peut me consid\u00e9rer comme un m\u00e9cr\u00e9ant, j&rsquo;ai sign\u00e9 cet appel \u00e0 la v\u00e9rit\u00e9 avec tous ces fervents catholiques. Par amour de la v\u00e9rit\u00e9. Et par horreur des chasses \u00e0 courre.<\/p>\n<p>[youtube]d3MyBilUj20[\/youtube]<\/p>\n","protected":false},"excerpt":{"rendered":"<p>Pourquoi j&rsquo;ai sign\u00e9 l&rsquo;Appel \u00e0 la V\u00e9rit\u00e9 des catholiques fran\u00e7ais<\/p>\n","protected":false},"author":10,"featured_media":0,"comment_status":"open","ping_status":"closed","sticky":false,"template":"","format":"standard","meta":{"footnotes":""},"categories":[4],"tags":[],"class_list":{"0":"post-596","1":"post","2":"type-post","3":"status-publish","4":"format-standard","6":"category-oxygene"},"_links":{"self":[{"href":"https:\/\/blog.causeur.fr\/antidote\/wp-json\/wp\/v2\/posts\/596","targetHints":{"allow":["GET"]}}],"collection":[{"href":"https:\/\/blog.causeur.fr\/antidote\/wp-json\/wp\/v2\/posts"}],"about":[{"href":"https:\/\/blog.causeur.fr\/antidote\/wp-json\/wp\/v2\/types\/post"}],"author":[{"embeddable":true,"href":"https:\/\/blog.causeur.fr\/antidote\/wp-json\/wp\/v2\/users\/10"}],"replies":[{"embeddable":true,"href":"https:\/\/blog.causeur.fr\/antidote\/wp-json\/wp\/v2\/comments?post=596"}],"version-history":[{"count":0,"href":"https:\/\/blog.causeur.fr\/antidote\/wp-json\/wp\/v2\/posts\/596\/revisions"}],"wp:attachment":[{"href":"https:\/\/blog.causeur.fr\/antidote\/wp-json\/wp\/v2\/media?parent=596"}],"wp:term":[{"taxonomy":"category","embeddable":true,"href":"https:\/\/blog.causeur.fr\/antidote\/wp-json\/wp\/v2\/categories?post=596"},{"taxonomy":"post_tag","embeddable":true,"href":"https:\/\/blog.causeur.fr\/antidote\/wp-json\/wp\/v2\/tags?post=596"}],"curies":[{"name":"wp","href":"https:\/\/api.w.org\/{rel}","templated":true}]}}