{"id":622,"date":"2010-04-29T15:20:45","date_gmt":"2010-04-29T14:20:45","guid":{"rendered":"http:\/\/carnet.causeur.fr\/antidote\/?p=622"},"modified":"2021-04-26T16:11:27","modified_gmt":"2021-04-26T14:11:27","slug":"je-ne-mangerai-pas-mes-chaussettes-et-jaurai-mon-jeroboam","status":"publish","type":"post","link":"https:\/\/blog.causeur.fr\/antidote\/je-ne-mangerai-pas-mes-chaussettes-et-jaurai-mon-jeroboam-622","title":{"rendered":"Je ne mangerai pas mes chaussettes et j&#039;aurai mon j\u00e9roboam"},"content":{"rendered":"<p>On devait \u00eatre fin 1997 \u00e0 Paris. Philippe S\u00e9guin, devenu depuis peu Pr\u00e9sident du RPR, r\u00e9unissait 500 jeunes RPR \u00e0 la Mutualit\u00e9. Pour parler de la Nation, Max Gallo avait \u00e9t\u00e9 convi\u00e9. Et puis, bizarrement, pour parler d&rsquo;\u00e9conomie, S\u00e9guin avait invit\u00e9 Monsieur Euro, Yves-Thibault de Silguy. Mon ami Jean-Christophe Comor, d\u00e9j\u00e0, me pr\u00e9venait :<em>\u00ab\u00a0S\u00e9guin fait son virage europ\u00e9en. La pr\u00e9sence de Silguy en est la preuve\u00a0\u00bb<\/em>. Refusant de voir\u00a0 qu&rsquo;il avait \u00e9videmment raison, je me disais que Silguy passerait tout de m\u00eame un mauvais quart d&rsquo;heure et qu&rsquo;il serait persuad\u00e9 en partant que les jeunes s\u00e9guinistes ne l\u00e2cheraient rien. C&rsquo;est un jeune haut-fonctionnaire, qui \u00e9crivait dans le <em>Respublica<\/em> des jeunes s\u00e9guinistes sous le pseudo de Gabriel Villedieu, qui attaqua le premier. Silguy ne fut pas \u00e0 la noce. Villedieu finit m\u00eame par prouver l&rsquo;inanit\u00e9 des propos de Mr \u20ac et de le traiter d&rsquo;\u00e2ne, se faisant r\u00e9primander par le tout frais secr\u00e9taire national s\u00e9guiniste \u00e0 la jeunesse.<\/p>\n<p>C&rsquo;est l\u00e0 que le micro, que j&rsquo;avais demand\u00e9 avant que mon comp\u00e8re ne parle, arriva jusqu&rsquo;\u00e0 moi. Il fallait \u00eatre \u00e0 la hauteur de Villedieu tout en \u00e9vitant de donner quelques noms animaliers \u00e0 l&rsquo;invit\u00e9. Je fis donc mon intervention, \u00e0 ma fa\u00e7on, pour conclure :<em>\u00a0\u00bb si votre Euro, g\u00e9r\u00e9 comme vous le dites, d\u00e9montre son efficacit\u00e9, je reviens et je mange mes chaussettes\u00a0\u00bb<\/em>. Ces derniers jours, qui ne voit que c&rsquo;est effectivement \u00e0 Silguy de bouffer les siennes ?<\/p>\n<p>No\u00ebl 2001. Nous sommes en famille \u00e0 la table du r\u00e9veillon et \u00e0 une semaine de l&rsquo;entr\u00e9e en vigueur de l&rsquo;Euro. A b\u00e2tons rompus, la discussion s&rsquo;engage \u00e0 propos de cette monnaie unique. A cette table, tous, je le pense, ne sont pas des fanatiques de cette monnaie unique et ceux qui avaient le droit de vote neuf ans auparavant ont vot\u00e9 NON \u00e0 Maastricht. Je tente une pr\u00e9diction : <em>\u00ab\u00a0l&rsquo;Euro ne f\u00eatera pas ses dix ans\u00a0\u00bb<\/em>. Un oncle et un beau-fr\u00e8re -fatalistes ou un brin influenc\u00e9 par cette fausse id\u00e9e de sens de l&rsquo;Histoire- me disent que c&rsquo;est impossible. <em>\u00ab\u00a0Je vous parie un j\u00e9roboam\u00a0\u00bb<\/em>, osai-je. Depuis, il ne se passe pas un r\u00e9veillon sans que l&rsquo;oncle et le beau-fr\u00e8re comptent \u00e0 rebours ironiquement les ann\u00e9es qui nous s\u00e9parent de l&rsquo;in\u00e9luctable moment, le 24 d\u00e9cembre 2011, o\u00f9 ils pourront\u00a0 boire sur le compte de votre serviteur.<\/p>\n<p>L&rsquo;Euro est donc en train de crever. La France en sera t-elle sortie avant dix-huit mois me faisant remporter mon pari ? C&rsquo;est aujourd&rsquo;hui fort possible. Finalement, les seuls qui auraient pu sauver la monnaie europ\u00e9enne sont ceux, de M\u00e9lenchon \u00e0 Dupont-Aignan en passant par Chev\u00e8nement, qui r\u00e9clament depuis toujours de nouveaux statuts pour la Banque centrale europ\u00e9enne. Mais pour se d\u00e9barrasser de cet accident de l&rsquo;histoire, il fallait juste attendre, et laisser faire ceux qui l&rsquo;avaient souhait\u00e9. Les \u00e2nes&#8230;<\/p>\n","protected":false},"excerpt":{"rendered":"<p>La mort de l&rsquo;euro approche \u00e0 grands pas.<\/p>\n","protected":false},"author":10,"featured_media":0,"comment_status":"open","ping_status":"closed","sticky":false,"template":"","format":"standard","meta":{"footnotes":""},"categories":[4],"tags":[],"class_list":{"0":"post-622","1":"post","2":"type-post","3":"status-publish","4":"format-standard","6":"category-oxygene"},"_links":{"self":[{"href":"https:\/\/blog.causeur.fr\/antidote\/wp-json\/wp\/v2\/posts\/622","targetHints":{"allow":["GET"]}}],"collection":[{"href":"https:\/\/blog.causeur.fr\/antidote\/wp-json\/wp\/v2\/posts"}],"about":[{"href":"https:\/\/blog.causeur.fr\/antidote\/wp-json\/wp\/v2\/types\/post"}],"author":[{"embeddable":true,"href":"https:\/\/blog.causeur.fr\/antidote\/wp-json\/wp\/v2\/users\/10"}],"replies":[{"embeddable":true,"href":"https:\/\/blog.causeur.fr\/antidote\/wp-json\/wp\/v2\/comments?post=622"}],"version-history":[{"count":0,"href":"https:\/\/blog.causeur.fr\/antidote\/wp-json\/wp\/v2\/posts\/622\/revisions"}],"wp:attachment":[{"href":"https:\/\/blog.causeur.fr\/antidote\/wp-json\/wp\/v2\/media?parent=622"}],"wp:term":[{"taxonomy":"category","embeddable":true,"href":"https:\/\/blog.causeur.fr\/antidote\/wp-json\/wp\/v2\/categories?post=622"},{"taxonomy":"post_tag","embeddable":true,"href":"https:\/\/blog.causeur.fr\/antidote\/wp-json\/wp\/v2\/tags?post=622"}],"curies":[{"name":"wp","href":"https:\/\/api.w.org\/{rel}","templated":true}]}}