{"id":663,"date":"2010-06-08T16:45:00","date_gmt":"2010-06-08T15:45:00","guid":{"rendered":"http:\/\/carnet.causeur.fr\/antidote\/?p=663"},"modified":"2021-04-26T16:11:26","modified_gmt":"2021-04-26T14:11:26","slug":"non-au-monde-des-bisounours","status":"publish","type":"post","link":"https:\/\/blog.causeur.fr\/antidote\/non-au-monde-des-bisounours-663","title":{"rendered":"Non au monde des Bisounours"},"content":{"rendered":"<p>A la suite d&rsquo;une chronique o\u00f9 il avait parodi\u00e9 Dominique de Villepin[1. Dont tout Paris -et m\u00eame au del\u00e0- conna\u00eet le langage fleuri en priv\u00e9] en train de r\u00e9p\u00e9ter quatre fois \u00ab\u00a0j&rsquo;encule Sarkozy\u00a0\u00bb, Didier Porte a re\u00e7u une lettre recommand\u00e9e de la direction de la radio de service public o\u00f9 il s\u00e9vit.\u00a0 Il semble donc bien que celui qui chronique le jeudi matin sur France Inter soit dans le collimateur de Jean-Luc Hees et Philippe Val et que les chances de le r\u00e9\u00e9couter en septembre\u00a0 soient amincies.<\/p>\n<p>Que Philippe Val, avec son pass\u00e9 journalistico-caricaturiste, feigne de ne pas comprendre cette chronique est d\u00e9j\u00e0 assez risible. Mais que, <a href=\"http:\/\/guybirenbaum.com\/20100607\/a-qui-feriez-vous-croire-nicolas-demorand-que-les-gros-mots-perturbent-leducation-des-enfants\/\" target=\"_blank\" rel=\"noopener\">comme le souligne \u00e0 juste titre Guy Birenbaum<\/a>, Demorand, Guetta et Legrand soient all\u00e9s manifester leur r\u00e9probation sur le plateau du Grand Journal, voil\u00e0 qui n&rsquo;est pas un signe de grande \u00e9l\u00e9gance, pour utiliser une litote et ne pas sombrer aussi dans l&rsquo;utilisation des mots d&rsquo;oiseaux, des fois que des enfants me lisent, comme dirait Demorand.<\/p>\n<p>Demorand, donc, s&rsquo;est fond\u00e9 sur le bon exemple qu&rsquo;il faut donner aux enfants pour condamner ainsi son confr\u00e8re. Les enfants ont bon dos. Au passage, je me demande si tous les id\u00e9ologues p\u00e9dagogistes que France Inter a accueillis depuis des ann\u00e9es, y compris au micro de Demorand, n&rsquo;ont pas fait davantage pour la mauvaise \u00e9ducation de nos enfants que les sketches de Didier Porte. Mais c&rsquo;est un autre sujet.<\/p>\n<p>Le lendemain -ou le surlendemain- c&rsquo;\u00e9tait \u00e0 C\u00e9cile Duflot de se montrer extr\u00eamement choqu\u00e9e par le \u00ab\u00a0cr\u00e9tin\u00a0\u00bb lanc\u00e9 par Cohn-Bendit au num\u00e9ro 2 des Verts, Jean-Vincent Plac\u00e9. La secr\u00e9taire nationale s&rsquo;est ensuite employ\u00e9e, en vain, \u00e0 convaincre l&rsquo;ancien lideur soixanthuitard qu&rsquo;il avait l\u00e0 prononc\u00e9 un mot d&rsquo;une gravit\u00e9 exceptionnelle. On aurait pu croire \u00e0 ce moment l\u00e0 qu&rsquo;elle allait faire appel \u00e0 une cellule d&rsquo;aide psychologique pour le cr\u00e9tin en question et pour tous ceux qui avaient \u00e9t\u00e9 choqu\u00e9s comme elle par ce mot du Diable.<\/p>\n<p>Quelques jours avant, c&rsquo;\u00e9tait \u00e0 Bruno Roger-Petit de s&rsquo;\u00e9mouvoir d&rsquo;une r\u00e9plique d&rsquo;Elisabeth L\u00e9vy \u00e0 Roland Dumas. L&rsquo;ancien ministre venait d&rsquo;accuser la journaliste d&rsquo;hitl\u00e9risme -pas moins- et elle lui avait r\u00e9torqu\u00e9 que la seule r\u00e9ponse adapt\u00e9e aurait \u00e9t\u00e9 de lui balancer son verre \u00e0 la figure[2. Sans qu&rsquo;on sache, il est vrai, s&rsquo;il s&rsquo;agissait du contenant ou du contenu, voire des deux \u00e0 la fois si elle n&rsquo;avait pas fini de le boire.].<em> \u00ab\u00a0Comportement tragique, path\u00e9tique, mais aussi, il faut bien le dire, la  d\u00e9monstration in vivo de ce \u00e0 quoi m\u00e8ne la pens\u00e9e profonde d&rsquo;Elisabeth  L\u00e9vy: la violence.\u00a0\u00bb: <\/em>telle est la sentence de Roger-Petit. On n&rsquo;est pas \u00e9tonn\u00e9 que le m\u00eame blogueur, ancien journaliste de France-t\u00e9l\u00e9visions, s&rsquo;interroge aussi sur le cas de Didier Porte, dont la chronique dut \u00eatre insoutenable \u00e0 ses oreilles de Bisounours. On s&rsquo;interroge davantage sur le fait qu&rsquo;il s&rsquo;\u00e9meuve sur de telles broutilles alors qu&rsquo;il accumule par ailleurs les points Godwin[3. Il pourrait ais\u00e9ment prendre la t\u00eate du Championnat de France de la discipline, si elle \u00e9tait organis\u00e9e.]. Qu&rsquo;on en juge : en moins de trois jours, il a soutenu Georges-Marc Benamou lorsque ce dernier qualifiait Zemmour de fasciste et le rangeait \u00e0 la droite de P\u00e9tain avant de prendre la d\u00e9fense de Dumas sur la qualification nazie d&rsquo;Elisabeth L\u00e9vy. Pour Roger-Petit, dire \u00ab\u00a0j&rsquo;encule\u00a0\u00bb m\u00eame dans une parodie, cela vaut licenciement. Et seulement \u00e9voquer le fait qu&rsquo;on aurait tr\u00e8s bien pu, si on n&rsquo;\u00e9tait civilis\u00e9e, r\u00e9pondre par un jet d&rsquo;objet ou de liquide, cela suffit \u00e0 confirmer \u00e0 d\u00e9montrer votre intrins\u00e8que violence. Alors que la violence, justement, on pensait davantage que c&rsquo;\u00e9tait effectivement jeter le verre et ne rien dire. En revanche, renvoyer sans arr\u00eat ses semblables <em>aux heures les plus sombres de notre Histoire<\/em>, voil\u00e0 qui ne souffre d&rsquo;aucune gravit\u00e9.<\/p>\n<p>Au risque donc d&rsquo;\u00eatre tax\u00e9 de complicit\u00e9 avec ces violents personnages que sont Daniel Cohn-Bendit, Didier Porte et Elisabeth L\u00e9vy, on pr\u00e9f\u00e9rera largement la compagnie de ces derniers au monde des Bisounours que nous r\u00e9servent C\u00e9cile Duflot, Nicolas Demorand et Bruno Roger-Petit.<\/p>\n<p>Parce que ce monde des Bisounours l\u00e0, il est vraiment totalitaire. Et, <em>in fine<\/em>, beaucoup plus violent.<\/p>\n","protected":false},"excerpt":{"rendered":"<p>Plut\u00f4t Porte, L\u00e9vy et Cohn-Bendit que Demorand, Roger-Petit et Duflot<\/p>\n","protected":false},"author":10,"featured_media":0,"comment_status":"open","ping_status":"closed","sticky":false,"template":"","format":"standard","meta":{"footnotes":""},"categories":[5],"tags":[],"class_list":{"0":"post-663","1":"post","2":"type-post","3":"status-publish","4":"format-standard","6":"category-sulfate"},"_links":{"self":[{"href":"https:\/\/blog.causeur.fr\/antidote\/wp-json\/wp\/v2\/posts\/663","targetHints":{"allow":["GET"]}}],"collection":[{"href":"https:\/\/blog.causeur.fr\/antidote\/wp-json\/wp\/v2\/posts"}],"about":[{"href":"https:\/\/blog.causeur.fr\/antidote\/wp-json\/wp\/v2\/types\/post"}],"author":[{"embeddable":true,"href":"https:\/\/blog.causeur.fr\/antidote\/wp-json\/wp\/v2\/users\/10"}],"replies":[{"embeddable":true,"href":"https:\/\/blog.causeur.fr\/antidote\/wp-json\/wp\/v2\/comments?post=663"}],"version-history":[{"count":0,"href":"https:\/\/blog.causeur.fr\/antidote\/wp-json\/wp\/v2\/posts\/663\/revisions"}],"wp:attachment":[{"href":"https:\/\/blog.causeur.fr\/antidote\/wp-json\/wp\/v2\/media?parent=663"}],"wp:term":[{"taxonomy":"category","embeddable":true,"href":"https:\/\/blog.causeur.fr\/antidote\/wp-json\/wp\/v2\/categories?post=663"},{"taxonomy":"post_tag","embeddable":true,"href":"https:\/\/blog.causeur.fr\/antidote\/wp-json\/wp\/v2\/tags?post=663"}],"curies":[{"name":"wp","href":"https:\/\/api.w.org\/{rel}","templated":true}]}}