{"id":674,"date":"2010-06-19T12:23:11","date_gmt":"2010-06-19T11:23:11","guid":{"rendered":"http:\/\/carnet.causeur.fr\/antidote\/?p=674"},"modified":"2021-04-26T16:11:26","modified_gmt":"2021-04-26T14:11:26","slug":"incurie","status":"publish","type":"post","link":"https:\/\/blog.causeur.fr\/antidote\/incurie-674","title":{"rendered":"Incurie"},"content":{"rendered":"<p>Les r\u00e9v\u00e9lations du journal l&rsquo;Equipe de ce matin n&rsquo;\u00e9tonneront pas grand monde. Les insultes d&rsquo;Anelka en direction de son entra\u00eeneur, lequel l&rsquo;avait pourtant rappel\u00e9 en \u00e9quipe de France malgr\u00e9 sa mentalit\u00e9 d\u00e9sastreuse et continuait \u00e0 le titulariser en d\u00e9pit de prestations ridicules, sont \u00e0 l&rsquo;image du bonhomme et de toute sa carri\u00e8re.<\/p>\n<p>Ce qui \u00e9tonne davantage, c&rsquo;est le fait que Nicolas Anelka soit toujours, \u00e0 l&rsquo;heure o\u00f9 sont r\u00e9dig\u00e9es ces lignes, parmi le groupe des s\u00e9lectionn\u00e9s dans l&rsquo;h\u00f4tel pr\u00e9f\u00e9r\u00e9 de Rama Yade. Que Raymond Domenech tol\u00e8re encore que celui qui l&rsquo;a insult\u00e9 jeudi soir demeure en Afrique du Sud, on devrait en rester sur le s\u00e9ant. Mais on aurait tort. Car son ego se manifeste davantage en conf\u00e9rence de presse que vis-\u00e0-vis des joueurs qu&rsquo;il doit encadrer, et cela depuis toujours. Malheureusement, ce qui serait efficace, et ce qu&rsquo;on lui demande, c&rsquo;est pr\u00e9cis\u00e9ment le contraire : faire preuve d&rsquo;humilit\u00e9 par rapport \u00e0 l&rsquo;ext\u00e9rieur et d&rsquo;autorit\u00e9 \u00e0 l&rsquo;int\u00e9rieur.<\/p>\n<p>Mais Domenech n&rsquo;est pas seul en cause. O\u00f9 est donc pass\u00e9 le pr\u00e9sident de la f\u00e9d\u00e9ration fran\u00e7aise de football ? N&rsquo;est-ce-pas \u00e0 lui, dans ce cas, de suppl\u00e9er l&rsquo;entra\u00eeneur insult\u00e9 et r\u00e9clamer <em>manu militari<\/em> que le joueur de Chelsea boucle <em>illico<\/em> ses valises ? Jean-Pierre Escalettes, puisque son nom ne dit rien \u00e0 tous ceux qui ne suivent le foot que lors des coupes du monde, poss\u00e8de t-il le charisme n\u00e9cessaire pour prendre une telle d\u00e9cision ? A l&rsquo;\u00e9vidence, au bout de trente-six heures apr\u00e8s les faits, ce n&rsquo;est pas le cas. Pas \u00e9tonnant d\u00e8s lors de constater ce champ de ruines que constitue la s\u00e9lection nationale. Si tous les dossiers sont g\u00e9r\u00e9s avec la m\u00eame indigence, il n&rsquo;y a absolument aucune raison d&rsquo;\u00eatre surpris.<\/p>\n<p>Puisque Domenech et Escalettes semblent prendre du temps \u00e0 prendre cette d\u00e9cision logique, qui pourrait donc les y pousser ? On me souffle dans l&rsquo;oreillette qu&rsquo;une ministre partage la vie du groupe, justement depuis jeudi soir. Il ne s&rsquo;agit pas de Rama Yade, aujourd&rsquo;hui condamn\u00e9e au silence, mais de la ministre en chef, Madame Bachelot. On ne voit pas comment elle pourrait ignorer les insultes d&rsquo;Anelka pas davantage que les batailles de clans qui rongent ce groupe. Son volontarisme, qui n&rsquo;avait pas d&rsquo;\u00e9gal lorsqu&rsquo;il s&rsquo;agissait de vacciner tous les Fran\u00e7ais, conna\u00eetrait-il quelques faiblesses passag\u00e8res ? Rappelons que Roselyne Bachelot trouvait logique de priver Rib\u00e9ry de coupe du monde s&rsquo;il avait \u00e9t\u00e9 mis en examen dans une affaire relevant de la vie priv\u00e9e. En revanche, lorsque le m\u00eame, en situation professionnelle, se comporte en ca\u00efd de bac \u00e0 sable[1. Droits r\u00e9serv\u00e9s : EZ \u00e0 \u00ab\u00a0\u00e7a se dispute\u00a0\u00bb.] avec Gourcuff ou lorsque Anelka prof\u00e8re de tels propos en direction de l&rsquo;entra\u00eeneur, il n&rsquo;y a plus personne.<\/p>\n<p>Il est possible que, finalement, dans les heures prochaines, Anelka quitte l&rsquo;Afrique du Sud et aille faire ce qui lui pla\u00eet le plus, d\u00e9penser son pognon. Ce qui est malheureux, c&rsquo;est que ce sera gr\u00e2ce \u00e0 un journal et non pas par la d\u00e9cision des personnalit\u00e9s pay\u00e9es pour en prendre.<\/p>\n<p><span style=\"text-decoration: underline\"><strong>Ajout le 19\/06\/10 \u00e0 14h31 <\/strong><\/span>: <em><strong>Selon Canal +, Nicolas Anelka serait en plein conseil de discipline et devrait \u00eatre exclu du groupe. Mieux vaut tard que jamais ? Trop facile ! Ce ne sont pas les insultes qui ont provoqu\u00e9 cette d\u00e9cision mais bien leur r\u00e9v\u00e9lation par le journal l&rsquo;Equipe ce matin, la m\u00eame r\u00e9v\u00e9lation qui a pouss\u00e9 Roselyne Bachelot a r\u00e9diger un petit communiqu\u00e9 appelant \u00e0 la dignit\u00e9 sans pour autant demander \u00e0 la f\u00e9d\u00e9 de prendre ses responsabilit\u00e9s.<\/strong><\/em><\/p>\n","protected":false},"excerpt":{"rendered":"<p>Sans la Une de l&rsquo;Equipe, Anelka n&rsquo;aurait pas fait ses valises.<\/p>\n","protected":false},"author":10,"featured_media":0,"comment_status":"open","ping_status":"closed","sticky":false,"template":"","format":"standard","meta":{"footnotes":""},"categories":[5],"tags":[],"class_list":{"0":"post-674","1":"post","2":"type-post","3":"status-publish","4":"format-standard","6":"category-sulfate"},"_links":{"self":[{"href":"https:\/\/blog.causeur.fr\/antidote\/wp-json\/wp\/v2\/posts\/674","targetHints":{"allow":["GET"]}}],"collection":[{"href":"https:\/\/blog.causeur.fr\/antidote\/wp-json\/wp\/v2\/posts"}],"about":[{"href":"https:\/\/blog.causeur.fr\/antidote\/wp-json\/wp\/v2\/types\/post"}],"author":[{"embeddable":true,"href":"https:\/\/blog.causeur.fr\/antidote\/wp-json\/wp\/v2\/users\/10"}],"replies":[{"embeddable":true,"href":"https:\/\/blog.causeur.fr\/antidote\/wp-json\/wp\/v2\/comments?post=674"}],"version-history":[{"count":0,"href":"https:\/\/blog.causeur.fr\/antidote\/wp-json\/wp\/v2\/posts\/674\/revisions"}],"wp:attachment":[{"href":"https:\/\/blog.causeur.fr\/antidote\/wp-json\/wp\/v2\/media?parent=674"}],"wp:term":[{"taxonomy":"category","embeddable":true,"href":"https:\/\/blog.causeur.fr\/antidote\/wp-json\/wp\/v2\/categories?post=674"},{"taxonomy":"post_tag","embeddable":true,"href":"https:\/\/blog.causeur.fr\/antidote\/wp-json\/wp\/v2\/tags?post=674"}],"curies":[{"name":"wp","href":"https:\/\/api.w.org\/{rel}","templated":true}]}}