{"id":693,"date":"2010-07-09T23:04:01","date_gmt":"2010-07-09T22:04:01","guid":{"rendered":"http:\/\/carnet.causeur.fr\/antidote\/?p=693"},"modified":"2021-04-26T16:11:26","modified_gmt":"2021-04-26T14:11:26","slug":"francois-taurais-du-rester-a-troyes","status":"publish","type":"post","link":"https:\/\/blog.causeur.fr\/antidote\/francois-taurais-du-rester-a-troyes-693","title":{"rendered":"Fran\u00e7ois, t&#039;aurais d\u00fb rester \u00e0 Troyes !"},"content":{"rendered":"<p><em>Deux mois \u00e0 l&rsquo;Int\u00e9rieur, cinq ans \u00e0 l&rsquo;ext\u00e9rieur<\/em>. C&rsquo;\u00e9tait ce que Nicolas Sarkozy avait promis \u00e0 Fran\u00e7ois Baroin au printemps 2007, lorsque le maire de Troyes prit ses fonctions -tr\u00e8s provisoires- Place Beauvau. C&rsquo;est peu dire que le pr\u00e9sident de la R\u00e9publique n&rsquo;aime pas le prot\u00e9g\u00e9 de Jacques Chirac. Ce dernier \u00e9tait porte-parole de la campagne chiraquienne victorieuse de 1995 ; Nicolas Sarkozy portait celle d&rsquo;Edouard Balladur, le perdant. On a beau dire : cela laisse des traces.<\/p>\n<p>Aussi, lorsque Fran\u00e7ois Baroin a accept\u00e9 de devenir ministre du budget de Nicolas Sarkozy, juste apr\u00e8s la rouste des r\u00e9gionales appelant ce dernier \u00e0 resserrer les rangs de la majorit\u00e9 parlementaire[1. Nouvelle phase de l&rsquo;ouverture : apr\u00e8s la Gauche, les chiraquiens.], on aurait pu y voir une revanche. Il est fort possible, \u00e0 la fin de cette semaine agit\u00e9e, que Baroin ait mesur\u00e9 le pi\u00e8ge dans lequel il \u00e9tait tomb\u00e9. Perso, je ne voudrais pas \u00eatre \u00e0 sa place. Mais pour tout dire, je ne m&rsquo;y serais pas mis. D&rsquo;abord, parce que moi et l&rsquo;orthodoxie budg\u00e9taire sauce M\u00e9decins de Moli\u00e8re, cela fait deux. Et puis surtout, il ne faut jamais accepter les propositions d&rsquo;un vieil ennemi politique, surtout quand le temps joue pour soi, ce qui \u00e9tait le cas de Fran\u00e7ois Baroin en mars dernier.<\/p>\n<p>Vint l&rsquo;affaire Bettencourt-Woerth. Certes, rien ne laissait pr\u00e9sager en mars dernier que cette affaire \u00e9claterait. Baroin ne pouvait pas savoir que des histoires de succession et de majordomes passionn\u00e9s de Hi-Fi d\u00e9boucheraient sur la mise en cause de son pr\u00e9d\u00e9cesseur. Il ne pouvait donc pas savoir qu&rsquo;il serait alors en premi\u00e8re ligne pour d\u00e9fendre un coll\u00e8gue devenu tr\u00e8s fragilis\u00e9. La pression devait \u00eatre tr\u00e8s forte sur le ministre Baroin[2. Une journaliste sp\u00e9cialiste des d\u00e9bats parlementaires disait ce soir  \u00e0 RTL qu&rsquo;il \u00e9tait \u00e0 ce moment l\u00e0 \u00ab\u00a0\u00e0 bout de nerfs\u00a0\u00bb, ce que je crois  bien volontiers.] pour qu&rsquo;il lance le concours de points Godwin le plus impressionnant de l&rsquo;ann\u00e9e. Et ces douze derniers mois figuraient d\u00e9j\u00e0 tr\u00e8s bien dans le palmar\u00e8s de la discipline. C&rsquo;est lui qui a donc accus\u00e9 les d\u00e9put\u00e9s socialistes de faire le jeu de l&rsquo;extr\u00eame droite. Vieille ficelle, qui ne fonctionne plus et qui, circonstance aggravante, fait davantage ce m\u00eame jeu, lorsqu&rsquo;on l&rsquo;utilise \u00e0 mauvais escient. Devant la repr\u00e9sentation nationale et repris ensuite par toutes les t\u00e9l\u00e9s et radios, Baroin a signal\u00e9 \u00e0 tous les d\u00e9go\u00fbt\u00e9s suppl\u00e9mentaires de la politique dans quelle direction ils pouvaient se tourner, plut\u00f4t que de se r\u00e9fugier dans l&rsquo;abstention.<\/p>\n<p>Comme un malheur ne vient jamais seul, l&rsquo;id\u00e9e a \u00e9t\u00e9 trouv\u00e9e tr\u00e8s bonne en tr\u00e8s haut lieu. Et le message de Baroin aux socialistes, qui -soyons justes- n&rsquo;avaient pas \u00e9t\u00e9 particuli\u00e8rement virulents sur le sujet et en tout cas tr\u00e8s en de\u00e7a de certains hebdomadaires class\u00e9s \u00e0 droite, a \u00e9t\u00e9 repris par la bande des porte-flingues sarkozystes, les Paill\u00e9, Lefebvre, Morano et Bertrand. Pauvre Baroin ! Etre repris par ces quatre l\u00e0, c&rsquo;est pas top ; \u00e0 se taper la t\u00eate contre les murs, plut\u00f4t. Il faut dire que dans sa diatribe \u00e0 la Chambre, en plus d&rsquo;\u00e9voquer la b\u00eate immonde, le ministre du budget avait aussi chevauch\u00e9 le poney de bataille pr\u00e9f\u00e9r\u00e9 de Fr\u00e9d\u00e9ric Lefebvre et Nadine Morano, la d\u00e9nonciation d&rsquo;Internet, parce que c&rsquo;\u00e9tait un site qui avait publi\u00e9 le fameux entretien avec Claire T. Et donc, les accusations de fascisme, les allusions \u00e0 la presse des ann\u00e9es trente n&rsquo;ont pas tard\u00e9. Un extra-terrestre, de passage \u00e0 Paris au milieu de la semaine, et de retour sur sa plan\u00e8te, doit \u00eatre certain que le trotskysme est un mouvement d&rsquo;extr\u00eame-droite, et poss\u00e8de un m\u00e9dium num\u00e9rique dirig\u00e9 par un directeur moustachu[3. Des mauvais esprits me soufflent que cette moustache colle \u00e0 la th\u00e8se en question. Qu&rsquo;on ne compte pas sur moi pour faire dans le d\u00e9lit de faci\u00e8s et la morpho-psycho-politologie.]. En tout cas, s&rsquo;il a \u00e9cout\u00e9 Fr\u00e9d\u00e9ric Lefebvre.<\/p>\n<p>Au passage, il est tout de m\u00eame assez piquant de voir ce m\u00eame directeur de M\u00e9diapart, sp\u00e9cialiste en d\u00e9tection du fascisme en particulier et de tout ce qui est \u00ab\u00a0naus\u00e9abond\u00a0\u00bb en g\u00e9n\u00e9ral, se voir aujourd&rsquo;hui dans la position, ch\u00e8re aux Fr\u00e8res Lumi\u00e8re[4. Dont l&rsquo;un d&rsquo;eux n&rsquo;\u00e9tait pas non plus tr\u00e8s blanc-bleu au niveau de ses relations avec la collaboration en g\u00e9n\u00e9ral et le Duce en particulier. Enfin, je dis \u00e7a au cas o\u00f9 M\u00e9diapart ou Xavier Bertrand seraient tent\u00e9s de m&rsquo;offrir un joli salaire. Non, en fait, je blague (sur l&rsquo;acceptation de la proposition, pas sur Louis ou Auguste Lumi\u00e8re).], de l&rsquo;arroseur arros\u00e9. Plenel, outr\u00e9 de ces accusations de fascisme, en a port\u00e9 l&rsquo;affaire devant les tribunaux. On ne traite pas impun\u00e9ment de fasciste un chevalier de l&rsquo;anti-fascisme comme lui. Non, mais !<\/p>\n<p>Cela dit, m\u00eame si ce moment a pu donner un petit plaisir -une sorte de carr\u00e9 de chocolat- \u00e0 ceux qui sont exasp\u00e9r\u00e9s par les le\u00e7ons de d\u00e9mocratie d&rsquo;Edwy, ces allusions au fascisme de M\u00e9diapart, de la gauche et de tout Internet en prime, n&rsquo;en \u00e9taient pas moins connes. Certes, on en attend, en g\u00e9n\u00e9ral, pas moins des mousquetaires Morano-Paill\u00e9-Bertrand-Lefebvre. Mais elles auront, en fin de compte, abouti au renforcement de Marine Le Pen, laquelle n&rsquo;a qu&rsquo;\u00e0 se baisser pour ramasser les \u00e9lecteurs \u00e0 chaque fois que des personnalit\u00e9s politiques\u00a0 font allusion au Front National. On a peine \u00e0 croire que des esprits aussi rus\u00e9s, sis \u00e0 l&rsquo;Elys\u00e9e, encouragent l&rsquo;utilisation de tels \u00e9l\u00e9ments de langage. Qu&rsquo;ils continuent et il leur faudra finir par \u00e9tudier ce qu&rsquo;il conviendrait de faire dans le cas d&rsquo;un duel Martine-Marine.<\/p>\n<p>Mais revenons \u00e0 Baroin. Il me pr\u00e9occupe. Le voil\u00e0 charg\u00e9 de mener une politique budg\u00e9taire dont les classes moyennes seront les principales victimes ; qui est contraint de faire bloc avec ses coll\u00e8gues et le Pr\u00e9sident dans cette histoire Bettencourt-Woerth ; qui finit par perdre son sang froid devant la France enti\u00e8re. Il n&rsquo;aurait pas \u00e9t\u00e9 mieux \u00e0 Troyes ? A rester \u00e0 <em>l&rsquo;ext\u00e9rieur<\/em> comme l&rsquo;y invitait ce cher Nicolas ? La revanche est un sentiment d\u00e9cid\u00e9ment tr\u00e8s mauvais conseiller. En politique, comme ailleurs.<\/p>\n","protected":false},"excerpt":{"rendered":"<p>Deux mois \u00e0 l&rsquo;Int\u00e9rieur, trois ans \u00e0 l&rsquo;ext\u00e9rieur, deux ans dans la m&#8230;<\/p>\n","protected":false},"author":10,"featured_media":0,"comment_status":"open","ping_status":"closed","sticky":false,"template":"","format":"standard","meta":{"footnotes":""},"categories":[5],"tags":[],"class_list":{"0":"post-693","1":"post","2":"type-post","3":"status-publish","4":"format-standard","6":"category-sulfate"},"_links":{"self":[{"href":"https:\/\/blog.causeur.fr\/antidote\/wp-json\/wp\/v2\/posts\/693","targetHints":{"allow":["GET"]}}],"collection":[{"href":"https:\/\/blog.causeur.fr\/antidote\/wp-json\/wp\/v2\/posts"}],"about":[{"href":"https:\/\/blog.causeur.fr\/antidote\/wp-json\/wp\/v2\/types\/post"}],"author":[{"embeddable":true,"href":"https:\/\/blog.causeur.fr\/antidote\/wp-json\/wp\/v2\/users\/10"}],"replies":[{"embeddable":true,"href":"https:\/\/blog.causeur.fr\/antidote\/wp-json\/wp\/v2\/comments?post=693"}],"version-history":[{"count":0,"href":"https:\/\/blog.causeur.fr\/antidote\/wp-json\/wp\/v2\/posts\/693\/revisions"}],"wp:attachment":[{"href":"https:\/\/blog.causeur.fr\/antidote\/wp-json\/wp\/v2\/media?parent=693"}],"wp:term":[{"taxonomy":"category","embeddable":true,"href":"https:\/\/blog.causeur.fr\/antidote\/wp-json\/wp\/v2\/categories?post=693"},{"taxonomy":"post_tag","embeddable":true,"href":"https:\/\/blog.causeur.fr\/antidote\/wp-json\/wp\/v2\/tags?post=693"}],"curies":[{"name":"wp","href":"https:\/\/api.w.org\/{rel}","templated":true}]}}