{"id":697,"date":"2010-07-14T14:20:08","date_gmt":"2010-07-14T13:20:08","guid":{"rendered":"http:\/\/carnet.causeur.fr\/antidote\/?p=697"},"modified":"2021-04-26T16:11:26","modified_gmt":"2021-04-26T14:11:26","slug":"retour-sur-une-intervention-presidentielle","status":"publish","type":"post","link":"https:\/\/blog.causeur.fr\/antidote\/retour-sur-une-intervention-presidentielle-697","title":{"rendered":"Retour sur une intervention pr\u00e9sidentielle"},"content":{"rendered":"<p>Comme la plupart des Fran\u00e7ais, j&rsquo;ai gueul\u00e9 devant mon poste lundi soir. Pourtant, le Pr\u00e9sident de la R\u00e9publique a \u00e9cout\u00e9 une bonne part des critiques et conseils qui tombaient comme \u00e0 Gravelotte jusqu&rsquo;aux r\u00e9gionales. Il fait d\u00e9sormais profil bas. Il tente de demeurer calme et pos\u00e9. Sans doute a t-il fini par comprendre qu&rsquo;il fallait r\u00e9pondre \u00e0 cette demande \u00e9manant notamment de l&rsquo;\u00e9lectorat de droite, mais aussi que les mensonges passaient beaucoup mieux ainsi.<\/p>\n<p>Car de menteries, comme dirait ma grand-m\u00e8re, nous ne f\u00fbmes pas \u00e9pargn\u00e9s. Et il ne fallait surtout pas compter sur son interlocuteur -je n&rsquo;ose dire interviouveur- pour les lui faire remarquer. On y reviendra. Le Pr\u00e9sident de la R\u00e9publique mentait effront\u00e9ment lorsqu&rsquo;il a affirm\u00e9 qu&rsquo;on avait attendu que le ministre Woerth soit charg\u00e9 des retraites pour se poser la question de la compatibilit\u00e9 avec la tenue de la tr\u00e9sorerie de l&rsquo;UMP. On sait que c&rsquo;est compl\u00e8tement faux. De nombreux journalistes et personnalit\u00e9s politiques ont soulev\u00e9 le probl\u00e8me durant les trois ans o\u00f9 il cumulait cette charge avec le minist\u00e8re du Budget. Je l&rsquo;entends encore r\u00e9pondre \u00e0 la question que lui posait Dominique Souchier sur Europe 1 il y a quelques mois. J&rsquo;entends encore Jean-Fran\u00e7ois Kahn s&rsquo;\u00e9poumoner \u00e0 le d\u00e9noncer. J&rsquo;entends encore Nicolas Dupont-Aignan, j&rsquo;entends encore Marine Le Pen, j&rsquo;entends encore des questions de d\u00e9put\u00e9s PS devant la repr\u00e9sentation nationale, d\u00e9noncer le fait qu&rsquo;on puisse ainsi collecter l&rsquo;imp\u00f4t d&rsquo;un c\u00f4t\u00e9 et collecter des dons d\u00e9ductibles de l&rsquo;imp\u00f4t de l&rsquo;autre. Car, entendons nous bien : ce n&rsquo;est pas le cumul entre tr\u00e9sorier de parti et ministre qui posait probl\u00e8me. Mais entre tr\u00e9sorier de parti et ministre <span style=\"text-decoration: underline\"><em><strong>du budget<\/strong><\/em><\/span>. D\u00e8s lors, sa d\u00e9mission d&rsquo;aujourd&rsquo;hui constitue une v\u00e9ritable pantalonnade, alors qu&rsquo;il n&rsquo;est plus \u00e0 Bercy mais rue de Grenelle. Perso, qu&rsquo;il demeure tr\u00e9sorier de l&rsquo;UMP aujourd&rsquo;hui m&rsquo;en touche une sans faire bouger l&rsquo;autre. Il n&rsquo;y a plus aucun conflit d&rsquo;int\u00e9r\u00eat entre les deux charges.<\/p>\n<p>Autre bel exemple de mensonge \u00e9hont\u00e9 : le bouclier fiscal allemand \u00e0 50 %. L&rsquo;Allemagne, dont Nicolas Sarkozy a beaucoup parl\u00e9 lundi soir[4. Lire \u00e0 ce propos, <a href=\"http:\/\/horizons.typepad.fr\/accueil\/2010\/07\/les-troublants-propos-de-sarkozy-sur-la-nouvelle-allemagne.html#more\" target=\"_blank\" rel=\"noopener\">l&rsquo;int\u00e9ressant billet de Malakine<\/a>.], ne pratique plus cette disposition depuis d\u00e9j\u00e0 quatre ans. D&rsquo;abord, il ne s&rsquo;agit pas de d\u00e9cisions politiques outre-rhin mais de jurisprudences successives de la Cour constitutionnelle de Karlsruhe, dont la derni\u00e8re a, comme l&rsquo;expliquait <a href=\"http:\/\/www.lemonde.fr\/politique\/article\/2009\/04\/30\/bouclier-fiscal-la-fausse-reference-allemande-de-m-sarkozy_1187567_823448.html\" target=\"_blank\" rel=\"noopener\">Le Monde en avril 2009<\/a>, d\u00e9bout\u00e9 un contribuable impos\u00e9 \u00e0 60 % (soit le niveau du bouclier fiscal avant la loi de juillet 2007 le ramenant \u00e0 50 % en France). Et lorsqu&rsquo;il a \u00e9voqu\u00e9 les r\u00e9sultats spectaculaires en mati\u00e8re de s\u00e9curit\u00e9[1. Sont-ce les m\u00eames qui retiennent le ministre de l&rsquo;Int\u00e9rieur de d\u00e9voiler les chiffres de voitures br\u00fbl\u00e9es cette nuit ?], je me serait bien volontiers esclaff\u00e9 si je n&rsquo;avais pas pens\u00e9 \u00e0 ceux de mes amis qui n&rsquo;ont pas la chance, comme moi, d&rsquo;habiter un quartier plut\u00f4t calme.<\/p>\n<p>Alors certes le Pr\u00e9sident a largement domin\u00e9 David Pujadas, malheureusement plus \u00e0 l&rsquo;aise lorsqu&rsquo;il s&rsquo;agit de filmer des gens \u00e0 leur insu pour les livrer \u00e0 la vindicte populaire, quand ce n&rsquo;est pas \u00e0 la mar\u00e9chauss\u00e9e. Mais le pr\u00e9sentateur m\u00e9ritait-il pour autant le concert de lazzi qui s&rsquo;est abattu sur lui depuis hier ? Je le pense d&rsquo;autant moins que je ne vois vraiment pas quel journaliste est capable aujourd&rsquo;hui de d\u00e9stabiliser, tout en ne se transformant pas en opposant politique, Nicolas Sarkozy en entretien \u00e0 l&rsquo;Elys\u00e9e[2. A part peut-\u00eatre Eric Zemmour qui le bousculerait sur son c\u00f4t\u00e9 finalement le plus faible, le droit] ? Et puis -avouons le, je suis tellement press\u00e9 qu&rsquo;Arlette vide la place de directrice de l&rsquo;info, que j&rsquo;ai quelque retenue \u00e0 enfoncer son \u00e9ventuel rempla\u00e7ant. Tout plut\u00f4t qu&rsquo;elle.<\/p>\n<p>Mais cette domination ne fait illusion que quelques minutes. Un jour j&rsquo;\u00e9tais en discussion avec un \u00e9lu et nous discutions d&rsquo;un de ses coll\u00e8gues, dot\u00e9 d&rsquo;un bagout in\u00e9galable. Il me dit, en me d\u00e9signant une table de couleur noire :\u00a0\u00bbLui, il serait capable de prouver \u00e0 toute l&rsquo;assistance que cette table est rouge ; devant lui et son brillant expos\u00e9, nous finirions par nous en convaincre ; puis, quelques minutes apr\u00e8s son d\u00e9part, nous regarderions \u00e0 nouveau la table et nous nous apercevrions que la table n&rsquo;\u00e9tait pas rouge mais effectivement noire ; nous h\u00e9siterions alors entre saluer l&rsquo;artiste ou vouer aux g\u00e9monies l&rsquo;escroc-baratineur\u00a0\u00bb. Nicolas Sarkozy me fait penser \u00e0 cette anecdote \u00e0 chaque fois qu&rsquo;il r\u00e9ussit une intervention t\u00e9l\u00e9vis\u00e9e, c&rsquo;est \u00e0 dire \u00e0 chaque fois. On se dit qu&rsquo;il a \u00e9t\u00e9 bon. Trop bon, justement, pour qu&rsquo;on le croie.<\/p>\n<p>Ne nous y trompons pas. Et parions sur le fait que le Pr\u00e9sident lui-m\u00eame ne s&rsquo;y trompe pas non plus : le Pr\u00e9sident est dans la seringue. Certes le PS n&rsquo;a pas encore retrouv\u00e9 la sant\u00e9 optimale pour \u00eatre tout \u00e0 fait certain de bouter Nicolas Sarkozy hors de l&rsquo;Elys\u00e9e en 2012. Tant que le corps \u00e9lectoral n&rsquo;aura pas la certitude que Martine Aubry a tranch\u00e9 entre sa pente naturelle, sociale-lib\u00e9rale sauce DSK, et la pente \u00e9lectorale qui la rapprocherait de M\u00e9lenchon[3. Quel service -involontaire- Fran\u00e7ois Bayrou lui a rendu en d\u00e9clarant qu&rsquo;elle se \u00ab\u00a0m\u00e9lenchonisait\u00a0\u00bb !], les socialistes pourront offrir \u00e0 la droite une victoire par d\u00e9faut. Mais, comme dit justement le chef du Parti de Gauche, nous sommes en pleine acc\u00e9l\u00e9ration de l&rsquo;histoire. Le Front de Gauche a le vent en poupe et l&rsquo;efficacit\u00e9 t\u00e9l\u00e9g\u00e9nique de son lideur m\u00e9diatique y est pour beaucoup. Et de l&rsquo;autre c\u00f4t\u00e9, Marine Le Pen a litt\u00e9ralement ex\u00e9cut\u00e9, <a href=\"http:\/\/www.dailymotion.com\/video\/xe0j52_news\" target=\"_blank\" rel=\"noopener\">chez Jean-Jacques Bourdin<\/a>, la prestation pr\u00e9sidentielle. Si ces deux l\u00e0 arrivent \u00e0 gagner la bataille de leurs chapelles, et qu&rsquo;ils continuent \u00e0 se montrer si efficaces, c&rsquo;est peut-\u00eatre un second tour <span style=\"text-decoration: underline\">doublement<\/span> in\u00e9dit que nous pourrions trancher dans deux ans.<\/p>\n<p>Que le Pr\u00e9sident de la R\u00e9publique me permette un petit conseil d&rsquo;image : certes son \u00e9pouse est charmante, a un joli sourire. Mais la mettre autant en valeur, comme aujourd&rsquo;hui en marge des c\u00e9r\u00e9monies du 14 juillet, c&rsquo;est devenu totalement contre-productif. La \u00ab\u00a0gauche Carla\u00a0\u00bb, c&rsquo;est aujourd&rsquo;hui associ\u00e9 \u00e0 Philippe Val, au Grand Journal de Canal Plus, \u00e0 la gauche caviar, \u00e0 l&rsquo;Hadopi. En bref, \u00e0 tout ce qui fait horreur au classes populaires mais aussi, de plus en plus, aux classes moyennes. Le lib\u00e9ralisme \u00e9conomique et le lib\u00e9ralisme soci\u00e9tal. Plus on verra Carla, plus Marine et M\u00e9luche se renforceront. A bon entendeur&#8230;<\/p>\n","protected":false},"excerpt":{"rendered":"<p>Mensonges, baratin et \u00ab\u00a0gauche Carla\u00a0\u00bb offrent une autoroute \u00e0 Marine Le Pen et Jean-Luc M\u00e9lenchon.<\/p>\n","protected":false},"author":10,"featured_media":0,"comment_status":"open","ping_status":"closed","sticky":false,"template":"","format":"standard","meta":{"footnotes":""},"categories":[5],"tags":[],"class_list":{"0":"post-697","1":"post","2":"type-post","3":"status-publish","4":"format-standard","6":"category-sulfate"},"_links":{"self":[{"href":"https:\/\/blog.causeur.fr\/antidote\/wp-json\/wp\/v2\/posts\/697","targetHints":{"allow":["GET"]}}],"collection":[{"href":"https:\/\/blog.causeur.fr\/antidote\/wp-json\/wp\/v2\/posts"}],"about":[{"href":"https:\/\/blog.causeur.fr\/antidote\/wp-json\/wp\/v2\/types\/post"}],"author":[{"embeddable":true,"href":"https:\/\/blog.causeur.fr\/antidote\/wp-json\/wp\/v2\/users\/10"}],"replies":[{"embeddable":true,"href":"https:\/\/blog.causeur.fr\/antidote\/wp-json\/wp\/v2\/comments?post=697"}],"version-history":[{"count":0,"href":"https:\/\/blog.causeur.fr\/antidote\/wp-json\/wp\/v2\/posts\/697\/revisions"}],"wp:attachment":[{"href":"https:\/\/blog.causeur.fr\/antidote\/wp-json\/wp\/v2\/media?parent=697"}],"wp:term":[{"taxonomy":"category","embeddable":true,"href":"https:\/\/blog.causeur.fr\/antidote\/wp-json\/wp\/v2\/categories?post=697"},{"taxonomy":"post_tag","embeddable":true,"href":"https:\/\/blog.causeur.fr\/antidote\/wp-json\/wp\/v2\/tags?post=697"}],"curies":[{"name":"wp","href":"https:\/\/api.w.org\/{rel}","templated":true}]}}