{"id":797,"date":"2010-09-20T22:34:17","date_gmt":"2010-09-20T21:34:17","guid":{"rendered":"http:\/\/carnet.causeur.fr\/antidote\/?p=797"},"modified":"2021-04-26T16:11:25","modified_gmt":"2021-04-26T14:11:25","slug":"pas-de-remise-de-peine-pour-hortefeux","status":"publish","type":"post","link":"https:\/\/blog.causeur.fr\/antidote\/pas-de-remise-de-peine-pour-hortefeux-797","title":{"rendered":"Pas de remise de peine pour Hortefeux !"},"content":{"rendered":"<p>Brice Hortefeux nous avait d\u00e9j\u00e0 \u00e9tonn\u00e9, au d\u00e9but de l&rsquo;\u00e9t\u00e9, <a href=\"http:\/\/www.causeur.fr\/la-societe-du-spectaculaire,6932\" target=\"_blank\" rel=\"noopener\">en r\u00e9inventant le sentiment d&rsquo;ins\u00e9curit\u00e9<\/a>. Selon lui, en effet, les progr\u00e8s pour lutter contre celle-ci s&rsquo;av\u00e9raient spectaculaires. Le Pr\u00e9sident de la R\u00e9publique, sans doute gr\u00e2ce au renfort d&rsquo;\u00e9tudes d&rsquo;opinion, avait vite pris conscience du caract\u00e8re inaudible d&rsquo;une telle assertion et avait ainsi prononc\u00e9 le fameux discours de Grenoble dont la tonalit\u00e9 martiale tranchait avec les d\u00e9clarations de son ministre de l&rsquo;Int\u00e9rieur.<\/p>\n<p>J&rsquo;ai bien peur que son entretien-choc, ainsi que le pr\u00e9sentait en Une le Fig-mag de ce samedi, ne subisse pas la m\u00eame correction de la part de Nicolas Sarkozy. De toute \u00e9vidence, cet entretien a \u00e9t\u00e9 pr\u00e9par\u00e9 avec l&rsquo;Elys\u00e9e et rien de ce qui a \u00e9t\u00e9 annonc\u00e9 par le ministre n&rsquo;a d\u00fb d\u00e9plaire au Pr\u00e9sident de la R\u00e9publique, comme le remarquait ce soir Jean-Michel Aphatie, lequel ajoutait malicieusement qu&rsquo;il ne devait pas en \u00eatre de m\u00eame pour Mich\u00e8le Alliot-Marie.<\/p>\n<p>Pourtant, voir le ministre de l&rsquo;Int\u00e9rieur de ce gouvernement s&rsquo;en prendre aux remises de peine et m\u00eame r\u00e9clamer l&rsquo;\u00e9lection des juges d&rsquo;application des peines de manque pas de sel pour celui qui a suivi attentivement les d\u00e9bats parlementaires depuis trois ans. Lors d&rsquo;une s\u00e9ance de nuit, en effet, c&rsquo;est Nicolas Dupont-Aignan, qui si\u00e8ge aux non-inscrits, qui avait pr\u00e9sent\u00e9 un amendement supprimant le principe de l&rsquo;automaticit\u00e9 des remises de peine. Celui, auquel je n&rsquo;ai jamais ici cach\u00e9 mon attachement, arguait que chez nos voisins britanniques et allemands, les r\u00e9ductions de peine ne constituaient pas la norme mais l&rsquo;exception. Or, le gouvernement, pressentant que le Pr\u00e9sident de Debout la R\u00e9publique pouvait entra\u00eener l&rsquo;adh\u00e9sion de quelques d\u00e9put\u00e9s de la majorit\u00e9, avait fait appel au groupe socialiste pour faire repousser cet amendement, lequel aurait rendu inutile la sortie de Brice Hortefeux sur ce th\u00e8me.<\/p>\n<p>Evidemment, il n&rsquo;y a pas eu beaucoup de journalistes pour le remarquer. Ni Jean-Michel Aphatie, qui refuse de conna\u00eetre la vie politique fran\u00e7aise hors UMP et PS[1. Depuis qu&rsquo;il a quitt\u00e9 l&rsquo;UMP en janvier 2007, JMA n&rsquo;a plus jamais invit\u00e9 Dupont-Aignan \u00e0 son micro. Ce dernier lui demandant pourquoi, le journaliste lui a r\u00e9pondu que seuls les grands partis l&rsquo;int\u00e9ressaient.], ni ceux qui menaient l&rsquo;entretien au Fig-mag ne furent interpell\u00e9s par cet \u00e9tonnant paradoxe. En fait, le seul journaliste ayant relev\u00e9, \u00e0 ma connaissance, cette pr\u00e9cieuse information, se trouve \u00eatre celui que seuls les idiots continuent de d\u00e9peindre en sarkozyste : Eric Zemmour,<a href=\"http:\/\/www.lepost.fr\/article\/2010\/09\/09\/2213104_video-z-comme-zemmour-09-09-10-courtes-peines-criminels-endurcis-braqueurs-relaches_1_0_1.html\" target=\"_blank\" rel=\"noopener\"> \u00e0 l&rsquo;antenne de RTL le 9 septembre dernier<\/a>.<\/p>\n<p>Brice Hortefeux continue \u00e0 se moquer du monde et la quasi-totalit\u00e9 de la presse fran\u00e7aise pr\u00e9f\u00e8re collectionner les points Godwin \u00e0 son sujet plut\u00f4t que de faire preuve de pr\u00e9cision et de pertinence. Au ministre et \u00e0 ses pr\u00e9tendus vigilants journalistes, je n&rsquo;accorderais, sur ce sujet comme sur beaucoup d&rsquo;autres, aucune remise de peine.<\/p>\n","protected":false},"excerpt":{"rendered":"<p>Ni pour la plupart des journalistes.<\/p>\n","protected":false},"author":10,"featured_media":0,"comment_status":"open","ping_status":"closed","sticky":false,"template":"","format":"standard","meta":{"footnotes":""},"categories":[5],"tags":[],"class_list":{"0":"post-797","1":"post","2":"type-post","3":"status-publish","4":"format-standard","6":"category-sulfate"},"_links":{"self":[{"href":"https:\/\/blog.causeur.fr\/antidote\/wp-json\/wp\/v2\/posts\/797","targetHints":{"allow":["GET"]}}],"collection":[{"href":"https:\/\/blog.causeur.fr\/antidote\/wp-json\/wp\/v2\/posts"}],"about":[{"href":"https:\/\/blog.causeur.fr\/antidote\/wp-json\/wp\/v2\/types\/post"}],"author":[{"embeddable":true,"href":"https:\/\/blog.causeur.fr\/antidote\/wp-json\/wp\/v2\/users\/10"}],"replies":[{"embeddable":true,"href":"https:\/\/blog.causeur.fr\/antidote\/wp-json\/wp\/v2\/comments?post=797"}],"version-history":[{"count":0,"href":"https:\/\/blog.causeur.fr\/antidote\/wp-json\/wp\/v2\/posts\/797\/revisions"}],"wp:attachment":[{"href":"https:\/\/blog.causeur.fr\/antidote\/wp-json\/wp\/v2\/media?parent=797"}],"wp:term":[{"taxonomy":"category","embeddable":true,"href":"https:\/\/blog.causeur.fr\/antidote\/wp-json\/wp\/v2\/categories?post=797"},{"taxonomy":"post_tag","embeddable":true,"href":"https:\/\/blog.causeur.fr\/antidote\/wp-json\/wp\/v2\/tags?post=797"}],"curies":[{"name":"wp","href":"https:\/\/api.w.org\/{rel}","templated":true}]}}