{"id":821,"date":"2010-09-22T08:46:27","date_gmt":"2010-09-22T07:46:27","guid":{"rendered":"http:\/\/carnet.causeur.fr\/antidote\/?p=821"},"modified":"2021-04-26T16:11:25","modified_gmt":"2021-04-26T14:11:25","slug":"un-monde-davance-mais-une-strategie-de-retard","status":"publish","type":"post","link":"https:\/\/blog.causeur.fr\/antidote\/un-monde-davance-mais-une-strategie-de-retard-821","title":{"rendered":"Un monde d&#039;avance mais une strat\u00e9gie de retard"},"content":{"rendered":"<p><a href=\"http:\/\/www.marianne2.fr\/A-Pau,-Todd-denonce-le-vide-du-projet-economique-du-PS_a197697.html\" target=\"_blank\" rel=\"noopener\">L&rsquo;article que consacre ce matin G\u00e9rald Andrieu<\/a> aux journ\u00e9es parlementaires du PS s&rsquo;av\u00e8re fort r\u00e9v\u00e9lateur de l&rsquo;impasse dans laquelle l&rsquo;aile gauche incarn\u00e9e par le courant \u00ab\u00a0Un monde d&rsquo;avance\u00a0\u00bb est engag\u00e9e. Ce dernier, dirig\u00e9 par le jeune Beno\u00eet Hamon et l&rsquo;ancien Henri Emmanuelli, semble plus isol\u00e9 que jamais aujourd&rsquo;hui. Sa strat\u00e9gie, depuis la cl\u00f4ture du congr\u00e8s de Reims, y a puissamment contribu\u00e9.<\/p>\n<p>L&rsquo;erreur de Beno\u00eet Hamon, c&rsquo;est d&rsquo;avoir d&rsquo;abord accept\u00e9 cette alliance avec Martine Aubry et de devenir son porte-parole. Jean-Luc M\u00e9lenchon, quant \u00e0 lui, prenait acte de la d\u00e9faite de leurs id\u00e9es face \u00e0 celles des socio-lib\u00e9raux Royal, Aubry et Delano\u00eb. Il cr\u00e9ait dans la foul\u00e9e le Parti de Gauche et initiait une alliance avec le PCF. On sait que Hamon fut membre du cabinet de Martine Aubry au minist\u00e8re du Travail et qu&rsquo;il a gard\u00e9 une certaine tendresse pour son ancienne patronne. Mais lorsqu&rsquo;on se pique d&rsquo;incarner le retour aux sources du socialisme, on doit gommer tous les aspects humains et faire de la Politique, de la vraie.<\/p>\n<p>A lire les r\u00e9actions des \u00e9lus socialistes aux admonestations protectionnistes d&rsquo;Emmanuel Todd, on ne sait que trop le superbe isolement dans lequel se trouvent Hamon et Emmanuelli sur la question du libre-\u00e9change. Le d\u00e9put\u00e9 landais a beau d\u00e9clarer solennellement \u00e0 ses camarades que ce th\u00e8me s&rsquo;imposera \u00e0 eux, on sait dans la coulisse qu&rsquo;une candidature DSK acterait la d\u00e9faite de leur strat\u00e9gie. Mais l\u00e0 o\u00f9 ils demeurent aveugl\u00e9s, c&rsquo;est lorsqu&rsquo;ils pensent qu&rsquo;une candidature Aubry en consacrerait la victoire. Aubry n&rsquo;est nullement plus favorable au protectionnisme que DSK. Lorsqu&rsquo;ils se basent sur l&rsquo;introduction de la notion de \u00ab\u00a0juste \u00e9change\u00a0\u00bb dans le programme du PS pour annoncer l&rsquo;amorce de leur victoire id\u00e9ologique, ils font preuve d&rsquo;une na\u00efvet\u00e9 confondante. Pour trois raisons.<\/p>\n<p>La premi\u00e8re, c&rsquo;est que, comme le dit Todd \u00e0 tous ceux qui n&rsquo;aiment pas le terme de \u00ab\u00a0protectionnisme\u00a0\u00bb et pr\u00e9f\u00e8rent une s\u00e9mantique \u00ab\u00a0cache-sexe\u00a0\u00bb, \u00ab\u00a0avoir peur du mot, c&rsquo;est avoir peur de la chose\u00a0\u00bb.<\/p>\n<p>La seconde, c&rsquo;est que l&rsquo;auteur du programme du PS, et donc l&rsquo;introducteur du concept de juste-\u00e9change, se trouve \u00eatre Pierre Moscovici, dont la proximit\u00e9 avec Pascal Lamy, directeur de l&rsquo;organisation mondiale du commerce, est connue de tous, au moins au PS. Lorsqu&rsquo;on prononce le mot \u00ab\u00a0protectionnisme\u00a0\u00bb devant le d\u00e9put\u00e9 du Doubs, il sort syst\u00e9matiquement son r\u00e9volver. D\u00e8s lors, l&rsquo;introduction du \u00ab\u00a0juste-\u00e9change\u00a0\u00bb ne peut pas s&rsquo;interpr\u00e9ter autrement\u00a0 que comme un su-sucre de Martine Aubry \u00e0 son porte-parole.<\/p>\n<p>La troisi\u00e8me, c&rsquo;est que le protectionnisme pouvait encore \u00eatre, en novembre 2008, le sujet n\u00b01 que d\u00e9crivent Henri Emmanuelli et Emmanuel Todd, dont c&rsquo;est la marotte. Sauf, qu&rsquo;il est devanc\u00e9 aujourd&rsquo;hui par la Monnaie en g\u00e9n\u00e9ral et la sortie de la zone euro en particulier. La crise grecque est pass\u00e9e par l\u00e0. L\u00e0 encore, M\u00e9lenchon b\u00e9n\u00e9ficie de davantage de libert\u00e9 pour aborder le sujet. Au PS de la fille de Jacques Delors, cela tient de la plaisanterie. En fait, la seule capable de briser ce tabou reste S\u00e9gol\u00e8ne Royal &#8211;<a href=\"http:\/\/www.causeur.fr\/royal-arriere-centre,6137\" target=\"_blank\" rel=\"noopener\">c&rsquo;est d&rsquo;ailleurs l&rsquo;ultime solution qui lui reste pour s&rsquo;imposer<\/a>&#8211; et M\u00e9lenchon l&rsquo;a bien compris en se rendant \u00e0 sa f\u00eate de la Fraternit\u00e9 dimanche.<\/p>\n<p>Contrairement \u00e0 ce que pensent Hamon et Emmanuelli, la candidature de DSK leur serait beaucoup plus profitable. Elle les forcerait, non \u00e0 participer \u00e0 cette pantalonnade de primaires, mais \u00e0 opter pour une candidature M\u00e9lenchon et quitter <em>de facto<\/em> le Parti Socialiste. Tout cela rendrait davantage service \u00e0 leurs id\u00e9es que de devenir les cocus in\u00e9vitables d&rsquo;une candidature Aubry et de dragouiller Besancenot notamment dans le but d&rsquo;affaiblir M\u00e9lenchon. Ce dernier demeure bien, en effet, le symbole personnifi\u00e9 de leur faute originelle de novembre 2008. Ils le voient en concurrent alors qu&rsquo;il reste la seule planche de salut pour faire progresser leurs id\u00e9es. Le rejoindre maintenant n&rsquo;est pas seulement une bonne id\u00e9e, c&rsquo;est la seule. Et cela pourrait m\u00eame rendre aussi service \u00e0 M\u00e9lenchon malgr\u00e9 lui puisque ce dernier a vu, depuis deux ans, des \u00e9colos-libertaires prendre un poids de plus en plus important dans son parti. Il suffit d&rsquo;aller se rendre sur son blog pour s&rsquo;en apercevoir. Les Jacobins, semble t-il, n&rsquo;y sont plus les bienvenus, ce qui tranche avec les prises de parole efficaces du Chef.<\/p>\n<p>Mieux vaut tard que jamais, finalement. Il ne tient qu&rsquo;\u00e0 Hamon et Emmanuelli de ne pas devenir les Mariani-Myard du Parti socialiste. M\u00eame si -on l&rsquo;aura compris- il s&rsquo;agit de toute \u00e9vidence du destin qu&rsquo;ils ont choisi, jetant des pellet\u00e9es de terre suppl\u00e9mentaires sur leur id\u00e9al.<\/p>\n","protected":false},"excerpt":{"rendered":"<p>Hamon et Emmanuelli dans l&rsquo;impasse<\/p>\n","protected":false},"author":10,"featured_media":0,"comment_status":"open","ping_status":"closed","sticky":false,"template":"","format":"standard","meta":{"footnotes":""},"categories":[4],"tags":[],"class_list":{"0":"post-821","1":"post","2":"type-post","3":"status-publish","4":"format-standard","6":"category-oxygene"},"_links":{"self":[{"href":"https:\/\/blog.causeur.fr\/antidote\/wp-json\/wp\/v2\/posts\/821","targetHints":{"allow":["GET"]}}],"collection":[{"href":"https:\/\/blog.causeur.fr\/antidote\/wp-json\/wp\/v2\/posts"}],"about":[{"href":"https:\/\/blog.causeur.fr\/antidote\/wp-json\/wp\/v2\/types\/post"}],"author":[{"embeddable":true,"href":"https:\/\/blog.causeur.fr\/antidote\/wp-json\/wp\/v2\/users\/10"}],"replies":[{"embeddable":true,"href":"https:\/\/blog.causeur.fr\/antidote\/wp-json\/wp\/v2\/comments?post=821"}],"version-history":[{"count":0,"href":"https:\/\/blog.causeur.fr\/antidote\/wp-json\/wp\/v2\/posts\/821\/revisions"}],"wp:attachment":[{"href":"https:\/\/blog.causeur.fr\/antidote\/wp-json\/wp\/v2\/media?parent=821"}],"wp:term":[{"taxonomy":"category","embeddable":true,"href":"https:\/\/blog.causeur.fr\/antidote\/wp-json\/wp\/v2\/categories?post=821"},{"taxonomy":"post_tag","embeddable":true,"href":"https:\/\/blog.causeur.fr\/antidote\/wp-json\/wp\/v2\/tags?post=821"}],"curies":[{"name":"wp","href":"https:\/\/api.w.org\/{rel}","templated":true}]}}