{"id":847,"date":"2010-09-27T12:14:03","date_gmt":"2010-09-27T11:14:03","guid":{"rendered":"http:\/\/carnet.causeur.fr\/antidote\/?p=847"},"modified":"2021-04-26T16:11:25","modified_gmt":"2021-04-26T14:11:25","slug":"qui-est-donc-le-mentor-du-premier-ministre","status":"publish","type":"post","link":"https:\/\/blog.causeur.fr\/antidote\/qui-est-donc-le-mentor-du-premier-ministre-847","title":{"rendered":"Qui est donc le mentor du Premier Ministre ?"},"content":{"rendered":"<p>Fran\u00e7ois Fillon a donc, avec une rare \u00e9l\u00e9gance, pris de la distance avec le Pr\u00e9sident de la R\u00e9publique qui, comme chacun sait, vit une p\u00e9riode de grande popularit\u00e9. Certes, on ne peut pas ignorer qu&rsquo;il a \u00e9t\u00e9 maltrait\u00e9 par l&rsquo;Elys\u00e9e, plut\u00f4t \u00e0 la mani\u00e8re Giscard-Chirac que Mitterrand-Rocard. Et, on pourrait donc en conclure que, dans la mesure o\u00f9 son d\u00e9part se pr\u00e9cise, il s&rsquo;agit d&rsquo;un pr\u00eat\u00e9 pour un rendu.<\/p>\n<p>Mais cette histoire de mentor a de quoi interroger. Nous n&rsquo;ignorons pas que, par ces mots, le Premier Ministre rappelle que son soutien \u00e0 Nicolas Sarkozy r\u00e9sulte d&rsquo;une alliance politique, puisqu&rsquo;il a bien voulu le pr\u00e9ciser lui-m\u00eame. Ainsi souhaite t-il rappeler qu&rsquo;il s&rsquo;agissait d&rsquo;une association de deux personnalit\u00e9s du m\u00eame plan et de la m\u00eame trempe. Ce n&rsquo;est pas mauvais pour son ego m\u00eame si cela ne manquera pas de faire sourire dans les chaumi\u00e8res. Dans la m\u00eame veine, il parle de projet \u00e9crit ensemble ce dont se gausse le Pr\u00e9sident de la R\u00e9publique, qui dit \u00e0 tout Paris que <em>\u00ab\u00a0Fran\u00e7ois Fillon est le seul qui croit qu&rsquo;il a r\u00e9dig\u00e9 (son) programme\u00a0\u00bb<\/em>.<\/p>\n<p>Ce qui nous interroge davantage, c&rsquo;est de conna\u00eetre qui peut bien \u00eatre le mentor de Fran\u00e7ois Fillon. On pourrait conclure le propos d\u00e8s \u00e0 pr\u00e9sent en supposant qu&rsquo;il n&rsquo;a pas de mentor, ou qu&rsquo;il n&rsquo;en a plus depuis la mort de Philippe S\u00e9guin. Mais ce serait trop facile et, surtout, bien trop \u00e9logieux. D&rsquo;abord, si Fillon a grandi dans l&rsquo;ombre de S\u00e9guin, qu&rsquo;il l&rsquo;a suivi dans ses premiers combats comme un bon petit soldat, on ne peut pas dire qu&rsquo;il ait \u00e9t\u00e9 fid\u00e8le au message s\u00e9guiniste \u00e0 partir du moment o\u00f9 il est devenu ministre. Pour s&rsquo;en convaincre, il suffit de rappeler les deux discours les plus connus de Philippe S\u00e9guin, celui prononc\u00e9 \u00e0 l&rsquo;Assembl\u00e9e nationale le 5 mai 1992 sur la Souverainet\u00e9 et contre Maastricht, et l&rsquo;autre en juin 1993, sur le Munich Social, dans lequel \u00e9taient fustig\u00e9es les politiques faisant passer l&#8217;emploi derri\u00e8re d&rsquo;autres pr\u00e9occupations et notamment les d\u00e9ficits publics. Pis, s&rsquo;il existe une l\u00e9g\u00e8re touche s\u00e9guiniste dans le dispositif de Nicolas Sarkozy, elle se situe plut\u00f4t chez son conseiller sp\u00e9cial Henri Guaino, lequel a \u00e9t\u00e9, notamment lors de l&rsquo;affaire du Grand Emprunt, le v\u00e9ritable adversaire id\u00e9ologique de Fillon.<\/p>\n<p>S\u00e9guin retir\u00e9 de la vie politique apr\u00e8s son \u00e9chec \u00e0 Paris, c&rsquo;est vers Jacques Chirac que Fran\u00e7ois Fillon s&rsquo;est tourn\u00e9, notamment en impulsant l&rsquo;id\u00e9e de parti unique de la majorit\u00e9 -encore un coup de poignard \u00e0 S\u00e9guin ! L&rsquo;histoire s&rsquo;est mal termin\u00e9e puisqu&rsquo;il ne fut pas du dernier gouvernement chiraquien et d\u00e9clara que le Pr\u00e9sident avait offert sur un plateau un directeur de campagne \u00e0 Nicolas Sarkozy, preuve que la revanche \u00e9tait moteur plus puissant chez lui que les convictions, et qu&rsquo;on ne retiendrait des mandats de Chirac que ses r\u00e9formes \u00e0 lui, ce qui d\u00e9montrait sa grande modestie. Au passage, on se demande l\u00e9gitimement de quelles r\u00e9formes il s&rsquo;agissait. Si c&rsquo;est celle des retraites en 2003, on la retiendra d&rsquo;autant moins que c&rsquo;est son propre gouvernement qui acte, ces derniers jours, son insuffisance.<\/p>\n<p>On conna\u00eet la suite avec Nicolas Sarkozy. D\u00e8s lors, point de mentor \u00e0 se mettre sous la dent. On pourrait lui trouver des mod\u00e8les. Pierre Laval -celui de 1935, pas de 1940- ou Antoine Pinay pourraient expliquer son go\u00fbt immod\u00e9r\u00e9 mais <a href=\"http:\/\/carnet.causeur.fr\/antidote\/les-mauvais-comptes-dalexandre,00700\" target=\"_blank\" rel=\"noopener\">contre-productif<\/a> de la lutte tous azimuts contre les d\u00e9ficits. Mais nous ne succomberons pas \u00e0 l&rsquo;anachronisme, plus grand p\u00e9ch\u00e9 de notre temps. il faut trouver quelqu&rsquo;un de notre \u00e9poque.<\/p>\n<p>Eureka !<\/p>\n<p><a rel=\"attachment wp-att-856\" href=\"http:\/\/carnet.causeur.fr\/antidote\/qui-est-donc-le-mentor-du-premier-ministre,00847\/aphatie-3\"><img loading=\"lazy\" decoding=\"async\" class=\"alignnone size-medium wp-image-856\" src=\"http:\/\/carnet.causeur.fr\/antidote\/files\/2010\/09\/aphatie2-300x247.jpg\" alt=\"\" width=\"300\" height=\"247\" srcset=\"https:\/\/blog.causeur.fr\/antidote\/wp-content\/uploads\/sites\/9\/2010\/09\/aphatie2-300x247.jpg 300w, https:\/\/blog.causeur.fr\/antidote\/wp-content\/uploads\/sites\/9\/2010\/09\/aphatie2.jpg 323w\" sizes=\"auto, (max-width: 300px) 100vw, 300px\" \/><\/a><\/p>\n<p><img decoding=\"async\" src=\"\/TEMP\/moz-screenshot-1.png\" alt=\"\" \/><\/p>\n","protected":false},"excerpt":{"rendered":"<p>Fran\u00e7ois Fillon, une certaine id\u00e9e de la comptabilit\u00e9<\/p>\n","protected":false},"author":10,"featured_media":0,"comment_status":"open","ping_status":"closed","sticky":false,"template":"","format":"standard","meta":{"footnotes":""},"categories":[4],"tags":[],"class_list":{"0":"post-847","1":"post","2":"type-post","3":"status-publish","4":"format-standard","6":"category-oxygene"},"_links":{"self":[{"href":"https:\/\/blog.causeur.fr\/antidote\/wp-json\/wp\/v2\/posts\/847","targetHints":{"allow":["GET"]}}],"collection":[{"href":"https:\/\/blog.causeur.fr\/antidote\/wp-json\/wp\/v2\/posts"}],"about":[{"href":"https:\/\/blog.causeur.fr\/antidote\/wp-json\/wp\/v2\/types\/post"}],"author":[{"embeddable":true,"href":"https:\/\/blog.causeur.fr\/antidote\/wp-json\/wp\/v2\/users\/10"}],"replies":[{"embeddable":true,"href":"https:\/\/blog.causeur.fr\/antidote\/wp-json\/wp\/v2\/comments?post=847"}],"version-history":[{"count":0,"href":"https:\/\/blog.causeur.fr\/antidote\/wp-json\/wp\/v2\/posts\/847\/revisions"}],"wp:attachment":[{"href":"https:\/\/blog.causeur.fr\/antidote\/wp-json\/wp\/v2\/media?parent=847"}],"wp:term":[{"taxonomy":"category","embeddable":true,"href":"https:\/\/blog.causeur.fr\/antidote\/wp-json\/wp\/v2\/categories?post=847"},{"taxonomy":"post_tag","embeddable":true,"href":"https:\/\/blog.causeur.fr\/antidote\/wp-json\/wp\/v2\/tags?post=847"}],"curies":[{"name":"wp","href":"https:\/\/api.w.org\/{rel}","templated":true}]}}