{"id":876,"date":"2010-09-30T10:45:20","date_gmt":"2010-09-30T09:45:20","guid":{"rendered":"http:\/\/carnet.causeur.fr\/antidote\/?p=876"},"modified":"2021-04-26T16:11:25","modified_gmt":"2021-04-26T14:11:25","slug":"monsieur-le-president-dites-a-la-commission-le-mot-de-cambronne","status":"publish","type":"post","link":"https:\/\/blog.causeur.fr\/antidote\/monsieur-le-president-dites-a-la-commission-le-mot-de-cambronne-876","title":{"rendered":"Monsieur le Pr\u00e9sident, dites \u00e0 la Commission le mot de Cambronne !"},"content":{"rendered":"<p>Monsieur le Pr\u00e9sident de la R\u00e9publique,<\/p>\n<p>Si le Premier Ministre a cru bon de rappeler, dimanche, que vous n&rsquo;\u00e9tiez pas son mentor, il pourrait bien que nous ayons une id\u00e9e de l&rsquo;identit\u00e9 du v\u00f4tre. D&rsquo;ailleurs, le Tout-Paris m\u00e9diatique relaie actuellement une information -ou une rumeur- selon laquelle vous auriez confi\u00e9 \u00e0 celui-ci vos id\u00e9es \u00e0 propos de la personnalit\u00e9 qui devrait occuper prochainement Matignon.<\/p>\n<p>Vous gagneriez, Monsieur le Pr\u00e9sident, \u00e0 vous rem\u00e9morer une phrase d&rsquo;Edouard Balladur -puisque c&rsquo;est de lui qu&rsquo;il s&rsquo;agit. Ce dernier, d\u00e9couvrant les implications de l&rsquo;Arr\u00eat Nicolo[3. Cet arr\u00eat du Conseil d&rsquo;Etat, datant de 1989, dispose qu&rsquo;une loi, m\u00eame post\u00e9rieure \u00e0 une r\u00e8glementation europ\u00e9enne, lui est inf\u00e9rieure. Auparavant, le principe de loi-\u00e9cran pr\u00e9valait.], n&rsquo;aurait[2. Si j&rsquo;utilise le conditionnel par prudence, je suis certain \u00e0 99,9 % d&rsquo;avoir lu cette anecdote dans un ouvrage.] pas cach\u00e9 son effarement et conclu d&rsquo;une mani\u00e8re lapidaire : \u00ab\u00a0Un jour, il faudra <em>leur<\/em> dire le mot de Cambronne\u00a0\u00bb.<\/p>\n<p><em>Leur<\/em>, c&rsquo;est \u00e0 la fois la Commission de Bruxelles, la Cour de Justice de Luxembourg, et le Juge administratif fran\u00e7ais, lequel, depuis 1989, travaille contre la Souverainet\u00e9 et les int\u00e9r\u00eats nationaux r\u00e9unis en censurant au besoin la loi fran\u00e7aise, c&rsquo;est \u00e0 dire la voix du Peuple qu&rsquo;il est cens\u00e9 servir.<\/p>\n<p>La semaine derni\u00e8re, vous n&rsquo;avez pas cach\u00e9 votre col\u00e8re devant les scandaleux propos de Madame Viviane Reding. Et on \u00e9tait partag\u00e9 entre soulagement, \u00e9tonnement et hilarit\u00e9, lorsque Pierre Lellouche, charg\u00e9 des affaires europ\u00e9ennes dans votre gouvernement, rappela que la France \u00e9tait un pays souverain et qu&rsquo;il n&rsquo;avait pas \u00e0 se faire dicter sa conduite par une commissaire d\u00e9pourvue de l\u00e9gitimit\u00e9 d\u00e9mocratique[4. Ce qui tranchait \u00e0 son avantage avec cette \u00e9mission d&rsquo;Yves Calvi au printemps dernier o\u00f9 il levait les yeux avec m\u00e9pris lorsque Nicolas Dupont-Aignan pronon\u00e7ait le mot \u00ab\u00a0Souverainet\u00e9\u00a0\u00bb]. Mon compagnon -et n\u00e9anmoins camarade- J\u00e9r\u00f4me Leroy, vous a alors, <a href=\"http:\/\/www.causeur.fr\/le-souverainisme-a-la-petite-semaine,7399\" target=\"_blank\" rel=\"noopener\">dans les colonnes de Causeur<\/a>, rappel\u00e9 \u00e0 juste titre que la Souverainet\u00e9 ne se limitait point \u00e0 une histoire de roulottes mal gar\u00e9es, mani\u00e8re de vous dire qu&rsquo;il ne vous d\u00e9sapprouvait pas sur votre attitude mais qu&rsquo;il vous faudrait sans doute pousser plus loin cette salutaire r\u00e9action, pour le convaincre -et moi avec- que cette notion vous redevenait famili\u00e8re.<\/p>\n<p>Une semaine plus tard, si ce n&rsquo;est pas pour discrimination, qualification la plus infamante en 2010, la Commission a tout de m\u00eame lanc\u00e9 une proc\u00e9dure en infraction contre notre pays. Les Trait\u00e9s -que vous avez tous approuv\u00e9s, sinon initi\u00e9 pour le dernier en date- l&rsquo;y autorisent, Monsieur le Pr\u00e9sident. C&rsquo;est ce syst\u00e8me que vous avez voulu, de concert avec l&rsquo;opposition socialiste qui vous conspue mais qui s&rsquo;en trouve davantage coh\u00e9rente que vous en soutenant Madame Reding.<\/p>\n<p>On a beaucoup glos\u00e9 sur la notion d&rsquo;hyperpr\u00e9sidence ces trois derni\u00e8res ann\u00e9es. Vous n&rsquo;avez \u00e0 vrai dire rien fait pour que cette accusation ne vous soit pas jet\u00e9e \u00e0 la figure, cannibalisant les ministres et notamment le Premier d&rsquo;entre eux, amor\u00e7ant une re-centralisation de notre pays en souhaitant le remplacement de la taxe professionnelle par des dotations d&rsquo;Etat, retirant ainsi une bonne part de l&rsquo;autonomie budg\u00e9taires des f\u00e9odalit\u00e9s locales. <em>A Bruxelles, j&rsquo;enl\u00e8ve le haut, et le bas \u00e0 Ajaccio<\/em>, disait malicieusement William Abitbol que vous avez bien d\u00fb conna\u00eetre. C&rsquo;est \u00e0 ce haut, Monsieur le Pr\u00e9sident qu&rsquo;il faut maintenant vous attaquer si vous voulez r\u00e9ellement retrouver les marges de man\u0153uvre dont disposaient vos lointains pr\u00e9d\u00e9cesseurs et que vous sembliez tant regretter il y a huit jours, humili\u00e9 par les d\u00e9clarations de Viviane Reding.<\/p>\n<p>On l&rsquo;a \u00e9crit plus haut, la Souverainet\u00e9 ne se limite pas au probl\u00e8me de campements \u00e9vacu\u00e9s car\u00a0 ill\u00e9galement implant\u00e9s. Aujourd&rsquo;hui, la Commission propose une amende de 0,2 % du PIB -pas moins- pour les Etats qui ne se plieraient pas \u00e0 leurs injonctions budg\u00e9taires. De m\u00eame, l&rsquo;agence Moody&rsquo;s vient de d\u00e9grader la note espagnole se rapprochant encore, lentement mais s\u00fbrement, de notre pays. Il ne suffit pas de bougonner, Monsieur le Pr\u00e9sident, contre Bruxelles et le poids pris par ces agences de notation. Il faut s&rsquo;en affranchir, un point c&rsquo;est tout. Or, le budget qui se pr\u00e9pare d\u00e9montre \u00e0 l&rsquo;\u00e9vidence que vous prenez un chemin inverse. On s&rsquo;est moqu\u00e9 ici la semaine derni\u00e8re <a href=\"http:\/\/carnet.causeur.fr\/antidote\/nico-et-viviane-les-amants-de-lisbonne,00767\" target=\"_blank\" rel=\"noopener\">en imaginant une sitcom<\/a> dont Reding, Barroso et vous \u00e9tiez les anti-h\u00e9ros. Mais est-ce bien de la complicit\u00e9 comme nous le laissions entendre ? Parfois, on pourrait davantage penser que vos coups de menton cachent une faiblesse que vous reprochiez \u00e0 votre pr\u00e9d\u00e9cesseur.<\/p>\n<p>L&rsquo;autre jour, Jean-Luc M\u00e9lenchon a \u00e9tonn\u00e9 son monde en ne se joignant pas au concert de ceux qui soutenaient Madame Reding contre vous. Il a d\u00e9montr\u00e9 \u00e0 cette occasion qu&rsquo;il avait compris ce que le Peuple attendait au contraire de la plupart des adh\u00e9rents de son parti. De m\u00eame, Nicolas Dupont-Aignan vous a devanc\u00e9 en postant sur son blog <a href=\"http:\/\/blog.nicolasdupontaignan.fr\/post\/Lettre-ouverte-%C3%A0-Mme-Reding%2C-Commissaire-europ%C3%A9en.\" target=\"_blank\" rel=\"noopener\">une lettre ouverte<\/a> \u00e0 Madame Reding lui enjoignant de se m\u00ealer de ses fesses[1. Que Nicolas Dupont-Aignan me pardonne de ce r\u00e9sum\u00e9 un peu rapide de sa missive. Mais c&rsquo;est le message essentiel que j&rsquo;en ai retenu. Et qui m&rsquo;a rempli de satisfaction !]. La presse internationale ne peut pas vous m\u00e9nager plus mal qu&rsquo;en ce moment. Qu&rsquo;avez vous donc \u00e0 perdre \u00e0 dire enfin son fait \u00e0 la Commission de Bruxelles, aux agences de notation et pourquoi pas \u00e0 Jean-Claude Trichet et Pascal Lamy ? Rien ! En revanche, le Peuple qui a dit non le 29 mai 2005 pourrait bien vous pardonner enfin de l&rsquo;avoir censur\u00e9 avec le Trait\u00e9 de Lisbonne.<\/p>\n<p>Ecoutez Balladur. Ecoutez votre mentor ! Dites leur les cinq lettres. Ainsi, pour la premi\u00e8re fois, pourrions-nous sentir sarkozystes, ce qui ne serait pas la moindre vacherie \u00e0 notre endroit. Vous priverez-vous aussi de ce plaisir ?<\/p>\n","protected":false},"excerpt":{"rendered":"<p>Si vous \u00eates celui que vous dites !<\/p>\n","protected":false},"author":10,"featured_media":0,"comment_status":"open","ping_status":"closed","sticky":false,"template":"","format":"standard","meta":{"footnotes":""},"categories":[4],"tags":[],"class_list":{"0":"post-876","1":"post","2":"type-post","3":"status-publish","4":"format-standard","6":"category-oxygene"},"_links":{"self":[{"href":"https:\/\/blog.causeur.fr\/antidote\/wp-json\/wp\/v2\/posts\/876","targetHints":{"allow":["GET"]}}],"collection":[{"href":"https:\/\/blog.causeur.fr\/antidote\/wp-json\/wp\/v2\/posts"}],"about":[{"href":"https:\/\/blog.causeur.fr\/antidote\/wp-json\/wp\/v2\/types\/post"}],"author":[{"embeddable":true,"href":"https:\/\/blog.causeur.fr\/antidote\/wp-json\/wp\/v2\/users\/10"}],"replies":[{"embeddable":true,"href":"https:\/\/blog.causeur.fr\/antidote\/wp-json\/wp\/v2\/comments?post=876"}],"version-history":[{"count":0,"href":"https:\/\/blog.causeur.fr\/antidote\/wp-json\/wp\/v2\/posts\/876\/revisions"}],"wp:attachment":[{"href":"https:\/\/blog.causeur.fr\/antidote\/wp-json\/wp\/v2\/media?parent=876"}],"wp:term":[{"taxonomy":"category","embeddable":true,"href":"https:\/\/blog.causeur.fr\/antidote\/wp-json\/wp\/v2\/categories?post=876"},{"taxonomy":"post_tag","embeddable":true,"href":"https:\/\/blog.causeur.fr\/antidote\/wp-json\/wp\/v2\/tags?post=876"}],"curies":[{"name":"wp","href":"https:\/\/api.w.org\/{rel}","templated":true}]}}