{"id":896,"date":"2010-10-05T11:54:18","date_gmt":"2010-10-05T10:54:18","guid":{"rendered":"http:\/\/carnet.causeur.fr\/antidote\/?p=896"},"modified":"2021-04-26T16:11:25","modified_gmt":"2021-04-26T14:11:25","slug":"quand-asko-voit-du-petainisme-partout","status":"publish","type":"post","link":"https:\/\/blog.causeur.fr\/antidote\/quand-asko-voit-du-petainisme-partout-896","title":{"rendered":"Quand Asko voit du p\u00e9tainisme partout"},"content":{"rendered":"<p>M\u00eame Olivier Duhamel et Nicolas Demorand en \u00e9taient stup\u00e9faits. Le premier l&rsquo;a d&rsquo;ailleurs fait savoir en termes choisis \u00e0 son comp\u00e8re d&rsquo;Europe 1. Le comp\u00e8re, c&rsquo;est Claude Askolovitch, qui participe avec les deux susnomm\u00e9s \u00e0 la tranche 18-20h. Nous sommes au tout d\u00e9but de l&rsquo;\u00e9mission et Natacha Polony, qui est parfois invit\u00e9e par Demorand, est interrog\u00e9e par ce dernier au sujet du d\u00e9but des vendanges.<\/p>\n<p>La journaliste du Figaro parle des paysans, de la modestie du vigneron face \u00e0 des \u00e9v\u00e8nements naturels contre lesquels on ne peut rien \u00e0 une \u00e9poque pourtant sur-technologis\u00e9e. Elle parle aussi de nos appellations d&rsquo;origine contr\u00f4l\u00e9e (AOC) qui font le lien entre le vin et la g\u00e9ographie et qui sont mises en danger par la mondialisation et cette tendance \u00e0 \u00e9tiqueter en fonction du seul c\u00e9page.<\/p>\n<p>A ces mots, Nicolas Demorand donne la parole \u00e0 Claude Askolovitch dont il nous dit qu&rsquo;il a l&rsquo;air accabl\u00e9. L&rsquo;\u00e9ditorialiste du JDD et d&rsquo;Europe n&rsquo;a pas \u00e9t\u00e9 sensible au plaidoyer de sa cons\u0153ur. Il commence par d\u00e9clarer que celui-ci lui donne envie de boire chilien. Et ensuite, il le qualifie de p\u00e9tainiste en le r\u00e9sumant \u00e0 cette formule, assassine :\u00a0\u00bbLes vendanges ne mentent pas\u00a0\u00bb.<\/p>\n<p>Comment un journaliste de bon niveau -et, dont j&rsquo;ai souvent appr\u00e9ci\u00e9 la lecture du temps o\u00f9 il \u00e9crivait \u00e0 Marianne- peut-il se laisser aller \u00e0 de tels raccourcis ? Un peu comme Alain Minc parlant de Bayrou, Asko, comme on l&rsquo;appelle dans le milieu journalistique, r\u00e9duit \u00e0 P\u00e9tain toute r\u00e9f\u00e9rence \u00e0 la terre et \u00e0 l&rsquo;attachement des Hommes \u00e0 celle-ci. M\u00eame si le r\u00e9gime de Vichy a exalt\u00e9 la terre qui ne mentait pas, est-ce une raison pour r\u00e9duire tout attachement au terroir \u00e0 du p\u00e9tainisme ? A l&rsquo;\u00e9vidence, c&rsquo;est ridicule. Tout comme, comme le disait nagu\u00e8re Raymond Barre, ce n&rsquo;\u00e9tait parce que le m\u00eame r\u00e9gime avait us\u00e9 du triptyque \u00ab\u00a0Travail-Famille-Patrie\u00a0\u00bb\u00a0 qu&rsquo;il ne fallait plus travailler, avoir des enfants ou aimer son pays.<\/p>\n<p>Pis, \u00e0 l&rsquo;heure o\u00f9 on retrouve des preuves suppl\u00e9mentaires \u00e0 propos de l&rsquo;attitude du Mar\u00e9chal P\u00e9tain : il disait avoir \u00e9t\u00e9 un bouclier pour les Fran\u00e7ais en g\u00e9n\u00e9ral et ceux d&rsquo;entre eux de confession juive en particulier. Les documents retrouv\u00e9s par Serge Klarsfeld d\u00e9montrent qu&rsquo;il faisait tout le contraire. Cela n&rsquo;\u00e9tonnera pas ceux qui se souviennent du G\u00e9n\u00e9ral de Gaulle qui disait, \u00e0 propos de Philippe P\u00e9tain :\u00a0\u00bbTravail-Famille-Patrie ? Il n&rsquo;a jamais travaill\u00e9, pas eu d&rsquo;enfants et a livr\u00e9 sa patrie \u00e0 l&rsquo;ennemi !\u00a0\u00bb<\/p>\n<p>Etre attach\u00e9, comme Natacha Polony, au terroir, \u00e0 ses produits, au savoir-faire des paysans, vouloir les d\u00e9fendre contre la grande distribution et les int\u00e9r\u00eats \u00e9conomiques de tout poil, c&rsquo;est justement faire preuve de r\u00e9sistance. C&rsquo;est \u00eatre aux antipodes de ce dont Askolovitch accusait Natacha hier soir. Qu&rsquo;un esprit aussi brillant que lui l&rsquo;ait oubli\u00e9 demeure d\u00e9solant mais n\u00e9anmoins symbolique d&rsquo;une \u00e9poque qui traque p\u00e9tainisme voire fascisme et nazisme dans toutes les phrases prononc\u00e9es. Ce qui rassure, en revanche, c&rsquo;est que Demorand et Duhamel, qui ne passent pas pour des r\u00e9actionnaires patent\u00e9s, n&rsquo;aient pas pris son parti. Cela signifie que le bon sens, parfois, peut demeurer majoritaire. Ouf !<\/p>\n","protected":false},"excerpt":{"rendered":"<p>Mar\u00e9chal, voil\u00e0 l&rsquo;AOC ?<\/p>\n","protected":false},"author":10,"featured_media":0,"comment_status":"open","ping_status":"closed","sticky":false,"template":"","format":"standard","meta":{"footnotes":""},"categories":[5],"tags":[],"class_list":{"0":"post-896","1":"post","2":"type-post","3":"status-publish","4":"format-standard","6":"category-sulfate"},"_links":{"self":[{"href":"https:\/\/blog.causeur.fr\/antidote\/wp-json\/wp\/v2\/posts\/896","targetHints":{"allow":["GET"]}}],"collection":[{"href":"https:\/\/blog.causeur.fr\/antidote\/wp-json\/wp\/v2\/posts"}],"about":[{"href":"https:\/\/blog.causeur.fr\/antidote\/wp-json\/wp\/v2\/types\/post"}],"author":[{"embeddable":true,"href":"https:\/\/blog.causeur.fr\/antidote\/wp-json\/wp\/v2\/users\/10"}],"replies":[{"embeddable":true,"href":"https:\/\/blog.causeur.fr\/antidote\/wp-json\/wp\/v2\/comments?post=896"}],"version-history":[{"count":0,"href":"https:\/\/blog.causeur.fr\/antidote\/wp-json\/wp\/v2\/posts\/896\/revisions"}],"wp:attachment":[{"href":"https:\/\/blog.causeur.fr\/antidote\/wp-json\/wp\/v2\/media?parent=896"}],"wp:term":[{"taxonomy":"category","embeddable":true,"href":"https:\/\/blog.causeur.fr\/antidote\/wp-json\/wp\/v2\/categories?post=896"},{"taxonomy":"post_tag","embeddable":true,"href":"https:\/\/blog.causeur.fr\/antidote\/wp-json\/wp\/v2\/tags?post=896"}],"curies":[{"name":"wp","href":"https:\/\/api.w.org\/{rel}","templated":true}]}}