{"id":9,"date":"2008-12-02T16:22:15","date_gmt":"2008-12-02T15:22:15","guid":{"rendered":"http:\/\/carnet.causeur.fr\/antidote\/?p=9"},"modified":"2021-04-26T16:12:06","modified_gmt":"2021-04-26T14:12:06","slug":"chienlit-suite","status":"publish","type":"post","link":"https:\/\/blog.causeur.fr\/antidote\/chienlit-suite-9","title":{"rendered":"Chienlit (suite)"},"content":{"rendered":"<p><a href=\"http:\/\/carnet.causeur.fr\/antidote\/files\/2008\/12\/lefebvre.jpeg\"><img loading=\"lazy\" decoding=\"async\" class=\"alignnone size-medium wp-image-78\" src=\"http:\/\/carnet.causeur.fr\/antidote\/files\/2008\/12\/lefebvre.jpeg\" alt=\"\" width=\"124\" height=\"87\" \/><\/a>Certains d\u00e9couvraient certainement mon dernier billet sur la chienlit au gouvernement qu&rsquo;ils pouvaient assister en m\u00eame temps \u00e0 un nouvel exemple avec l&rsquo;affaire De Filippis-Lib\u00e9ration. Depuis deux jours Mesdames Alliot-Marie et Dati se relayaient pour d\u00e9clarer \u00e0 quel point la proc\u00e9dure avait \u00e9t\u00e9 respect\u00e9e et s&rsquo;interrogeaient  sur le bien-fond\u00e9 de l&rsquo;\u00e9moi que suscitait cette affaire. Et hier soir, Monsieur le Pr\u00e9sident de la R\u00e9publique rendait public&#8230;son \u00e9moi.<\/p>\n<p>Allons, les filles ! Vous auriez d\u00fb le voir venir&#8230;.Au moins auriez vous pu sentir le vent hier matin lorsque Monsieur Lefebvre, porte-flingue officiel de l&rsquo;Elys\u00e9e, qualifiait d\u00e9j\u00e0 de \u00ab\u00a0choquante\u00a0\u00bb cette affaire tout en reportant la faute sur la juge d&rsquo;instruction qu&rsquo;il qualifiait de \u00ab\u00a0cow-boy\u00a0\u00bb. Je tiens \u00e0 la disposition des lecteurs de ce billet le lien qui m\u00e8ne \u00e0<a href=\"http:\/\/www.europe1.fr\/Radio\/Videos-podcast\/Les-interviews-du-matin\/Frederic-Lefebvre\"> l&rsquo;entretien<\/a> entre Monsieur Elkabaach et le porte-parole de l&rsquo;UMP. Tout y passe : Villepin et son outrance, La poup\u00e9e Vaudou qui est une arme (Monsieur Lefebvre, attention, il y a un chat noir qui traverse devant vous !) , et, cerise sur le g\u00e2teau, le retour de la d\u00e9tection de la future d\u00e9linquance d\u00e8s l&rsquo;\u00e2ge de 3 ans. Question int\u00e9ressante et qui est pos\u00e9e \u00e0 Monsieur Lefebvre ainsi qu&rsquo;\u00e0 Monsieur Darcos : faudra t-il oui ou non que les fonctionnaires charg\u00e9s de cette mission sachent changer les couches des enfants \u00e0 l&rsquo;instar des instituteurs ?<\/p>\n<p>Je n&rsquo;ai plus qu&rsquo;un espoir : que Monsieur Lefebvre devienne ministre \u00e0 son tour. Non pas pour r\u00e9v\u00e9ler la vraie nature du sarkozysme. Car dans le cas ubuesque o\u00f9 quelqu&rsquo;un ne la verrait pas,  je ne conseille plus les lunettes mais la canne blanche. Ce qui serait int\u00e9ressant, c&rsquo;est qu&rsquo;il serait enfin, lui aussi fort maltrait\u00e9 par le Pr\u00e9sident qui fustigerait rapidement son incomp\u00e9tence. Cette derni\u00e8re n&rsquo;est d&rsquo;ailleurs pas un secret pour les lecteurs de ses communiqu\u00e9s, souvent truff\u00e9s de fautes d&rsquo;orthographe.<\/p>\n","protected":false},"excerpt":{"rendered":"<p>Certains d\u00e9couvraient certainement mon dernier billet sur la chienlit au gouvernement qu&rsquo;ils pouvaient assister en m\u00eame temps \u00e0 un nouvel exemple avec l&rsquo;affaire De Filippis-Lib\u00e9ration. Depuis deux jours Mesdames Alliot-Marie et Dati se relayaient pour d\u00e9clarer \u00e0 quel point la proc\u00e9dure avait \u00e9t\u00e9 respect\u00e9e et s&rsquo;interrogeaient sur le bien-fond\u00e9 de l&rsquo;\u00e9moi que suscitait cette affaire. [&hellip;]<\/p>\n","protected":false},"author":10,"featured_media":0,"comment_status":"open","ping_status":"closed","sticky":false,"template":"","format":"standard","meta":{"footnotes":""},"categories":[5],"tags":[],"class_list":{"0":"post-9","1":"post","2":"type-post","3":"status-publish","4":"format-standard","6":"category-sulfate"},"_links":{"self":[{"href":"https:\/\/blog.causeur.fr\/antidote\/wp-json\/wp\/v2\/posts\/9","targetHints":{"allow":["GET"]}}],"collection":[{"href":"https:\/\/blog.causeur.fr\/antidote\/wp-json\/wp\/v2\/posts"}],"about":[{"href":"https:\/\/blog.causeur.fr\/antidote\/wp-json\/wp\/v2\/types\/post"}],"author":[{"embeddable":true,"href":"https:\/\/blog.causeur.fr\/antidote\/wp-json\/wp\/v2\/users\/10"}],"replies":[{"embeddable":true,"href":"https:\/\/blog.causeur.fr\/antidote\/wp-json\/wp\/v2\/comments?post=9"}],"version-history":[{"count":0,"href":"https:\/\/blog.causeur.fr\/antidote\/wp-json\/wp\/v2\/posts\/9\/revisions"}],"wp:attachment":[{"href":"https:\/\/blog.causeur.fr\/antidote\/wp-json\/wp\/v2\/media?parent=9"}],"wp:term":[{"taxonomy":"category","embeddable":true,"href":"https:\/\/blog.causeur.fr\/antidote\/wp-json\/wp\/v2\/categories?post=9"},{"taxonomy":"post_tag","embeddable":true,"href":"https:\/\/blog.causeur.fr\/antidote\/wp-json\/wp\/v2\/tags?post=9"}],"curies":[{"name":"wp","href":"https:\/\/api.w.org\/{rel}","templated":true}]}}