{"id":956,"date":"2010-10-22T19:57:46","date_gmt":"2010-10-22T18:57:46","guid":{"rendered":"http:\/\/carnet.causeur.fr\/antidote\/?p=956"},"modified":"2021-04-26T16:11:25","modified_gmt":"2021-04-26T14:11:25","slug":"la-dictee-du-petit-louis","status":"publish","type":"post","link":"https:\/\/blog.causeur.fr\/antidote\/la-dictee-du-petit-louis-956","title":{"rendered":"La dict\u00e9e du petit Louis"},"content":{"rendered":"<p><em><span style=\"text-decoration: underline\">Avertissement<\/span> : C&rsquo;est apr\u00e8s avoir d\u00e9couvert <a href=\"http:\/\/www.lefigaro.fr\/flash-actu\/2010\/10\/22\/97001-20101022FILWWW00392-j-sarkozy-obtient-sa-2e-annee-de-droit.php\" target=\"_blank\" rel=\"noopener\">cette d\u00e9p\u00eache publi\u00e9e sur le site internet du Figaro et concernant l&rsquo;obtention de la deuxi\u00e8me ann\u00e9e de droit de Jean Sarkozy<\/a> que j&rsquo;ai eu l&rsquo;id\u00e9e de ce texte. Le lecteur est pr\u00e9venu que les d\u00e9clarations et sentiments pr\u00eat\u00e9s aux diff\u00e9rents protagonistes ne sont issus que de l&rsquo;imagination malicieuse de l&rsquo;auteur. Toute co\u00efncidence ne serait que fortuite, comme on l&rsquo;\u00e9crit dans ces cas-l\u00e0.<\/em><\/p>\n<p><strong>Vendredi 14h00<\/strong> : Le <em>Figaro.fr<\/em> annonce que Louis Sarkozy a fait deux fautes et demie \u00e0 sa dict\u00e9e de fin de semaine. Cette performance, ajoute l&rsquo;auteur de la d\u00e9p\u00eache, permet au benjamin du Pr\u00e9sident de demeurer en t\u00eate de sa classe d&rsquo;une courte t\u00eate.<\/p>\n<p><strong>Vendredi 16h28 :<\/strong> <em>Mediapart<\/em> annonce que Paul-Henri E. qui n&rsquo;a fait qu&rsquo;une seule faute \u00e0 la m\u00eame dict\u00e9e conteste les r\u00e9sultats de Louis Sarkozy. Une virgule oubli\u00e9e n&rsquo;aurait pas \u00e9t\u00e9 comptabilis\u00e9e par l&rsquo;instituteur alors que cela avait d\u00e9j\u00e0 \u00e9t\u00e9 sanctionn\u00e9 pour lui-m\u00eame d&rsquo;une demi-faute le mois pr\u00e9c\u00e9dent. Mediapart conclut son papier d&rsquo;un <em>\u00ab\u00a0Selon que vous soyez puissant ou mis\u00e9rable\u00a0\u00bb<\/em> bien senti.<\/p>\n<p><strong>Vendredi 18h34 :<\/strong> L&rsquo;Elys\u00e9e conteste <em>sereinement mais fermement<\/em> les all\u00e9gations de <em>M\u00e9diapart<\/em>. Le communiqu\u00e9 pr\u00e9cise que l&rsquo;instituteur avait bien pr\u00e9venu que la ponctuation ferait l&rsquo;objet d&rsquo;une sanction car ayant fait l&rsquo;objet d&rsquo;exercices pendant la semaine pr\u00e9c\u00e9dent la dict\u00e9e o\u00f9 l&rsquo;enfant Paul-Henri avait eu une demi-faute alors qu&rsquo;il \u00e9tait convenu pour les trois dict\u00e9es suivantes -dont celle de ce vendredi- que ce ne serait plus le cas.<\/p>\n<p><strong>Vendredi 19h12 : <\/strong>Au <em>Grand Journal de Canal +<\/em>, Catherine Nay minimise la pol\u00e9mique en donnant des explications qui ne sont pas sans rappeler le communiqu\u00e9 de l&rsquo;Elys\u00e9e. Joseph Mac\u00e9-Scaron, quant \u00e0 lui, explique que <em>\u00ab\u00a0deux fautes et demie ou trois fautes, ce n&rsquo;est gu\u00e8re terrible pour un fils de Pr\u00e9sident de la R\u00e9publique\u00a0\u00bb<\/em> et ajoute que le m\u00e9pris pour la langue fran\u00e7aise de son p\u00e8re n&rsquo;est certainement pas pour rien dans cet \u00e9chec.<\/p>\n<p><strong>Vendredi 23h22 :<\/strong> L&rsquo;AFP annonce que Ma\u00eetre Olivier Meztner a accept\u00e9 de d\u00e9fendre les int\u00e9r\u00eats de Paul-Henri E.<\/p>\n<p><strong>Samedi 11h44 :<\/strong> Dans <em>\u00ab\u00a0\u00e7a se dispute\u00a0\u00bb<\/em> sur <em>I-T\u00e9l\u00e9<\/em> Nicolas Domenach moque les justifications de l&rsquo;Elys\u00e9e : <em>\u00ab\u00a0Cela d\u00e9montre \u00e0 quel point le Pr\u00e9sident de la R\u00e9publique ne ma\u00eetrise plus sa communication et semble \u00e0 mille lieues des pr\u00e9occupations des Fran\u00e7ais\u00a0\u00bb<\/em>. Eric Zemmour lui r\u00e9torque que cela d\u00e9montre surtout le faible niveau des \u00e9coliers d&rsquo;aujourd&rsquo;hui, b\u00e9n\u00e9ficiant pourtant de bar\u00e8mes g\u00e9n\u00e9reux. Il ajoute que Nicolas Domenach ferait mieux de fustiger le p\u00e9dagogisme et la permissivit\u00e9 qui tuent l&rsquo;Ecole de la R\u00e9publique \u00e0 petit feu depuis trente ans.<\/p>\n<p><strong>Dimanche 13h08 :<\/strong> Sur <em>Canal +<\/em>, chez Anne-Sophie Lapix, Edouard Balladur, interrog\u00e9 \u00e0 propos de la pol\u00e9mique du moment par la journaliste, conseille au petit Louis, qu&rsquo;il a bien connu, de travailler davantage son orthographe et sa grammaire afin qu&rsquo;il soit bien arm\u00e9 linguistiquement. C&rsquo;est une condition de sa libert\u00e9 future, pr\u00e9cise t-il.<\/p>\n<p><strong>Dimanche 16h53 :<\/strong> Rebondissement dans l&rsquo;affaire \u00ab\u00a0Dict\u00e9e de Louis\u00a0\u00bb : <em>M\u00e9diapart<\/em> a recueilli le t\u00e9moignage de Jean-Baptiste M. qui aurait vu que Louis Sarkozy avait un dictionnaire sur les genoux pendant la dict\u00e9e. L&rsquo;affaire prend une autre ampleur.<\/p>\n<p><strong>Dimanche 18h42 :<\/strong> Interrog\u00e9 par Jean-Michel Aphatie sur les derni\u00e8res r\u00e9v\u00e9lations du site cher \u00e0 Edwy Plenel, Arnaud Montebourg r\u00e9pond que <em>\u00ab\u00a0si cette tricherie est av\u00e9r\u00e9e, c&rsquo;est tr\u00e8s grave pour les institutions de la R\u00e9publique\u00a0\u00bb<\/em>. <em>\u00ab\u00a0Il s&rsquo;agirait d&rsquo;un acte d\u00e9linquant\u00a0\u00bb<\/em>, croit-il bon d&rsquo;ajouter.<\/p>\n<p><strong>Lundi 8h21 :<\/strong> Sur Europe 1, Jean-Pierre Elkabbach re\u00e7oit Ma\u00eetre Olivier Metzner. Ce dernier annonce qu&rsquo;il a saisi le Rectorat de Paris afin que soit diligent\u00e9e une enqu\u00eate sur cette triste affaire.<\/p>\n<p><strong>Lundi 9h44 :<\/strong> Fr\u00e9d\u00e9ric Lefebvre d\u00e9clare lors du point-presse de l&rsquo;UMP que <em>\u00ab\u00a0Louis Sarkozy est un jeune homme brillant, qu&rsquo;il ne doit pas \u00eatre mieux trait\u00e9 que les autres enfants mais qu&rsquo;il ne doit pas non plus \u00eatre moins bien trait\u00e9\u00a0\u00bb<\/em>. Il accuse <em>M\u00e9diapart<\/em> de se comporter en <em>\u00ab\u00a0torchon num\u00e9rique digne des ann\u00e9es trente\u00a0\u00bb.<\/em><\/p>\n<p><strong>Lundi 9h58 :<\/strong> Sur <em>France Info<\/em>, Nadine Morano souhaite soutenir <em>\u00ab\u00a0ce si brillant jeune gar\u00e7on qu&rsquo;est Louis Sarkozy qui, s&rsquo;il ne doit pas \u00eatre mieux trait\u00e9 que d&rsquo;autres enfants, ne doit pas pour autant \u00eatre moins bien consid\u00e9r\u00e9\u00a0\u00bb<\/em>. Elle ajoute que <em>\u00ab\u00a0certains sites internet trotsko-fascistes pourraient \u00e9viter de telles pol\u00e9miques dignes de l&rsquo;avant-guerre\u00a0\u00bb<\/em>.<\/p>\n<p><strong>Lundi 10h24 : <\/strong>Xavier Bertrand d\u00e9nonce <em>\u00ab\u00a0ces nouveaux m\u00e9dias, h\u00e9ritiers de la presse naus\u00e9abonde de l&rsquo;entre deux guerres, qui n&rsquo;h\u00e9sitent pas \u00e0 stigmatiser un enfant qui, s&rsquo;il n&rsquo;a pas plus de droits que les autres, n&rsquo;en a pas moins non plus\u00a0\u00bb<\/em>. Il ajoute qu&rsquo;il <em>\u00ab\u00a0conna\u00eet personnellement Louis, un enfant tr\u00e8s brillant\u00a0\u00bb.<\/em><\/p>\n<p><strong>Lundi 19h28 : <\/strong>A <em>\u00ab\u00a0On refait le monde\u00a0\u00bb<\/em>, Elisabeth L\u00e9vy n&rsquo;y va pas par quatre chemins :<em>\u00ab\u00a0Cette histoire de dict\u00e9e, \u00e7a me fiche les jetons. Si vous voulez, m\u00eame si les r\u00e9sultats en orthographe de nos enfants -\u00e0 commencer par ceux du fils du Pr\u00e9sident- ne sont pas brillants, ce n&rsquo;est pas une raison pour en rajouter dans l&rsquo;anti-sarkozysme primaire\u00a0\u00bb.<\/em><\/p>\n<p><strong>Lundi 20h24 :<\/strong> Sur France 2, Philippe Meirieu s&rsquo;interroge : <em>\u00ab\u00a0Pourquoi stigmatise t-on donc encore les enfants en comptant leurs fautes d&rsquo;orthographe ?\u00a0\u00bb<\/em><\/p>\n<p><strong>Mardi 8h01 :<\/strong> Sur Antidote, le blog de David Desgouilles, un papier au vitriol est publi\u00e9 sur Philippe Meirieu, ses d\u00e9clarations de la veille et son influence d\u00e9cid\u00e9ment d\u00e9sastreuse sur l&rsquo;Ecole de la R\u00e9publique.<\/p>\n<p><strong>Mardi 12h00 :<\/strong> Rebondissement dans l&rsquo;affaire. <em>M\u00e9diapart<\/em> annonce que Luc Ch\u00e2tel a demand\u00e9 lui m\u00eame les palmes acad\u00e9miques pour l&rsquo;instituteur du petit Louis et que, circonstance aggravante, la femme d&rsquo;Eric Woerth \u00e9tait pr\u00e9sente au mariage du neveu du directeur de l&rsquo;\u00e9cole.<\/p>\n<p><strong>Mardi 19h25 : <\/strong>Grave incident sur le plateau du Grand Journal de Canal + : Apr\u00e8s que Jean-Luc M\u00e9lenchon a trait\u00e9 de <em>t\u00eate de linotte<\/em> Ariane Massenet qui l&rsquo;interrogeait sur l&rsquo;affaire de la dict\u00e9e, Jean-Michel Aphatie, prenant la d\u00e9fense de sa cons\u0153ur ainsi outrag\u00e9e, qualifie\u00a0 le pr\u00e9sident du parti de gauche de <em>stalinien de la pire esp\u00e8ce<\/em>. M\u00e9lenchon balance alors son verre d&rsquo;eau \u00e0 la figure de l&rsquo;\u00e9ditorialiste en le qualifiant de <em>valet des puissants<\/em> et de <em>monomaniaque de la dette<\/em>. Aphatie, prenant \u00e0 t\u00e9moin l&rsquo;assistance, sort sa carte de presse comme un rempart et, le visage humidifi\u00e9 -sans qu&rsquo;on sache s&rsquo;il s&rsquo;agissait de larmes ou de l&rsquo;eau jet\u00e9e par son agresseur, hurle <em>\u00ab\u00a0on attaque la libert\u00e9 de la presse, on attaque la libert\u00e9 de la presse !\u00a0\u00bb<\/em><\/p>\n<p><strong>Mercredi 13h00 : <\/strong>A la une du Monde, Luc Ferry et Jack Lang signent une tribune : <em>\u00ab\u00a0Pour une dict\u00e9e non stigmatisante.\u00a0\u00bb<\/em><\/p>\n<p><strong>Mercredi 15h28 :<\/strong> A l&rsquo;Assembl\u00e9e nationale, interrog\u00e9 par le d\u00e9put\u00e9 Mariani sur les honteuses all\u00e9gations de <em>Mediapart<\/em> sur la famille du Pr\u00e9sident de la R\u00e9publique, Brice Hortefeux s&#8217;emm\u00eale les pinceaux et annonce que<em> \u00ab\u00a0plusieurs empreintes g\u00e9nitales ont \u00e9t\u00e9 retrouv\u00e9es par la police scientifique sur le dictionnaire du petit Louis Sarkozy\u00a0\u00bb<\/em>.<\/p>\n<p><strong>Mercredi 18h00\u00a0 :<\/strong> Jusque l\u00e0 discret sur cette triste affaire, le Parti socialiste produit un communiqu\u00e9 :<em>\u00a0\u00bb Les d\u00e9clarations du ministre de l&rsquo;int\u00e9rieur, au del\u00e0 d&rsquo;un lapsus qui pr\u00eate \u00e0 sourire, d\u00e9montrent \u00e0 quel point les services de l&rsquo;Etat sont instrumentalis\u00e9s dans le seul int\u00e9r\u00eat de l&rsquo;Elys\u00e9e\u00a0\u00bb.<\/em><\/p>\n<p><strong>Mercredi 18h02 :<\/strong> Fr\u00e9d\u00e9ric Lefebvre, Nadine Morano, Xavier Bertrand et Dominique Paill\u00e9 r\u00e9agissent sur diff\u00e9rents m\u00e9dias en fustigeant l&rsquo;irresponsabilit\u00e9 du Parti socialiste, son go\u00fbt immod\u00e9r\u00e9 de la pol\u00e9mique et son absence de solutions pour am\u00e9liorer la vie quotidienne des Fran\u00e7ais.<\/p>\n<p><strong>Jeudi 11h41 :<\/strong> De passage \u00e0 Annecy, pour inaugurer un Institut technologique, Nicolas Sarkozy plaisante (ou pas ?) en signant le livre d&rsquo;or :<em>\u00ab\u00a0Je la mets o\u00f9, la virgule ?\u00a0\u00bb<\/em>.<\/p>\n<p><strong>Jeudi 20h06 : <\/strong>Luc Ch\u00e2tel, invit\u00e9 du JT de TF1 annonce que, dans une volont\u00e9 d&rsquo;apaisement et en accord avec le Pr\u00e9sident de la R\u00e9publique, le directeur de l&rsquo;\u00e9cole et l&rsquo;instituteur, cette dict\u00e9e de la honte (ainsi que l&rsquo;a qualifi\u00e9e Lib\u00e9ration \u00e0 sa Une le jour m\u00eame) ne comptera pas dans la moyenne du trimestre. Une nouvelle \u00e9preuve sera soumise \u00e0 tous les \u00e9l\u00e8ves de la classe, tous les dictionnaires ayant \u00e9t\u00e9 d\u00e9pos\u00e9s avant dans une salle attenante. C&rsquo;est Philippe Sollers lui-m\u00eame, pr\u00e9sident de jury de l&rsquo;agr\u00e9gation de lettres classiques, qui a accept\u00e9 d&rsquo;en faire la correction.<\/p>\n<p><strong>Jeudi 22h31 :<\/strong> Ma\u00eetre Olivier Metzner annonce le retrait de toute poursuite de la part de son jeune client mais pr\u00e9cise n\u00e9anmoins qu&rsquo;il assistera lui-m\u00eame \u00e0 la dict\u00e9e afin d&rsquo;en contr\u00f4ler la bonne ex\u00e9cution.<\/p>\n<p><strong>Vendredi 9h04 :<\/strong> Sous les cam\u00e9ras de BFM-TV, I-T\u00e9l\u00e9, LCI et de la cha\u00eene parlementaire, les enfants de la classe du petit Louis font leur nouvelle dict\u00e9e. Sans doute d\u00e9stabilis\u00e9s par un tel environnement, les \u00e9l\u00e8ves produisent des copies catastrophiques, la moins mauvaise, Marie-Sophie T., faisant 8 fautes.<\/p>\n","protected":false},"excerpt":{"rendered":"<p>Une folle semaine m\u00e9diatico-politique !<\/p>\n","protected":false},"author":10,"featured_media":0,"comment_status":"open","ping_status":"closed","sticky":false,"template":"","format":"standard","meta":{"footnotes":""},"categories":[4],"tags":[],"class_list":{"0":"post-956","1":"post","2":"type-post","3":"status-publish","4":"format-standard","6":"category-oxygene"},"_links":{"self":[{"href":"https:\/\/blog.causeur.fr\/antidote\/wp-json\/wp\/v2\/posts\/956","targetHints":{"allow":["GET"]}}],"collection":[{"href":"https:\/\/blog.causeur.fr\/antidote\/wp-json\/wp\/v2\/posts"}],"about":[{"href":"https:\/\/blog.causeur.fr\/antidote\/wp-json\/wp\/v2\/types\/post"}],"author":[{"embeddable":true,"href":"https:\/\/blog.causeur.fr\/antidote\/wp-json\/wp\/v2\/users\/10"}],"replies":[{"embeddable":true,"href":"https:\/\/blog.causeur.fr\/antidote\/wp-json\/wp\/v2\/comments?post=956"}],"version-history":[{"count":0,"href":"https:\/\/blog.causeur.fr\/antidote\/wp-json\/wp\/v2\/posts\/956\/revisions"}],"wp:attachment":[{"href":"https:\/\/blog.causeur.fr\/antidote\/wp-json\/wp\/v2\/media?parent=956"}],"wp:term":[{"taxonomy":"category","embeddable":true,"href":"https:\/\/blog.causeur.fr\/antidote\/wp-json\/wp\/v2\/categories?post=956"},{"taxonomy":"post_tag","embeddable":true,"href":"https:\/\/blog.causeur.fr\/antidote\/wp-json\/wp\/v2\/tags?post=956"}],"curies":[{"name":"wp","href":"https:\/\/api.w.org\/{rel}","templated":true}]}}