{"id":957,"date":"2010-10-14T16:39:00","date_gmt":"2010-10-14T15:39:00","guid":{"rendered":"http:\/\/carnet.causeur.fr\/antidote\/?p=957"},"modified":"2021-04-26T16:11:25","modified_gmt":"2021-04-26T14:11:25","slug":"lettre-a-mes-amis-effrayes-par-facebook","status":"publish","type":"post","link":"https:\/\/blog.causeur.fr\/antidote\/lettre-a-mes-amis-effrayes-par-facebook-957","title":{"rendered":"Lettre \u00e0 mes amis effray\u00e9s par Facebook"},"content":{"rendered":"<p>La sortie du film \u00ab\u00a0The social network\u00a0\u00bb[1. Qui m&rsquo;a l&rsquo;air d&rsquo;\u00eatre un sacr\u00e9 navet si j&rsquo;en crois <a href=\"http:\/\/davidabiker.fr\/wordpress\/jai-vu-the-social-net-work\/\" target=\"_blank\" rel=\"noopener\">David Abiker<\/a> \u00e0 qui j&rsquo;ai tendance \u00e0 faire confiance.] a donn\u00e9 lieu \u00e0 des chroniques et d\u00e9bats \u00e0 propos du r\u00e9seau Facebook. Et j&rsquo;ai pu mesurer \u00e0 quel point je me trouvais \u00e9loign\u00e9 de certains de mes amis sur le sujet.<\/p>\n<p>J&rsquo;ai donc pu entendre Elisabeth L\u00e9vy et Eric Zemmour dire tout le mal qu&rsquo;ils pensent du r\u00e9seau hier sur l&rsquo;antenne de RTL. Quant au camarade-compagnon J\u00e9r\u00f4me Leroy, il en fait l&rsquo;un des symboles de ce \u00ab\u00a0monde d&rsquo;apr\u00e8s\u00a0\u00bb qu&rsquo;il ex\u00e8cre et moque. Big Brother pour J\u00e9r\u00f4me ! Espace de d\u00e9lation pour Elisabeth ! Instrument de la dictature de la transparence pour Eric ! Mazette ! Et dire que je participe \u00e0 tout cela&#8230;<\/p>\n<p>Puis-je, mes chers amis, vous faire part de ma modeste exp\u00e9rience ? Voil\u00e0 \u00e0 peu pr\u00e8s deux ans que j&rsquo;ai un profil Facebook. Je compte 386 contacts. Pourquoi ai-je \u00e9crit \u00ab\u00a0contacts\u00a0\u00bb et pas \u00ab\u00a0amis\u00a0\u00bb ? Parce que -\u00e9videmment- l&rsquo;amiti\u00e9, c&rsquo;est autre chose. Non pas que parmi les 386, il n&rsquo;y en ait pas de v\u00e9ritables, mais ils constituent \u00e9videmment une minorit\u00e9. Facebook me sert principalement \u00e0 promouvoir ma modeste production \u00e9ditoriale et \u00e0 faire partager \u00e0 tout mon r\u00e9seau tous les liens que d&rsquo;autres m&rsquo;ont signal\u00e9s et auxquels je trouve de l&rsquo;int\u00e9r\u00eat. C&rsquo;est ainsi qu&rsquo;il m&rsquo;est arriv\u00e9 de faire profiter \u00e0 tous mes contacts d&rsquo;un texte d&rsquo;<a href=\"http:\/http:\/\/www.causeur.fr\/auteur\/elevy\/\" target=\"_blank\" rel=\"noopener\">Elisabeth L\u00e9vy sur Causeur<\/a>, une chronique d&rsquo;<a href=\"http:\/\/www.rtl.fr\/emission\/z-comme-zemmour\" target=\"_blank\" rel=\"noopener\">Eric Zemmour en vid\u00e9o<\/a> ou d&rsquo;un billet de <a href=\"http:\/\/www.causeur.fr\/auteur\/Jleroy\" target=\"_blank\" rel=\"noopener\">J\u00e9r\u00f4me Leroy sur Causeur<\/a> ou <a href=\"http:\/\/feusurlequartiergeneral.blogspot.com\/\" target=\"_blank\" rel=\"noopener\">Feu sur le quartier g\u00e9n\u00e9ral<\/a>.\u00a0 Parfois, je me laisse aussi aller \u00e0 des consid\u00e9rations sur l&rsquo;actualit\u00e9, une \u00e9mission t\u00e9l\u00e9 ou radio ou sur le match de la veille. En vue du pr\u00e9sent billet, j&rsquo;ai regard\u00e9 si j&rsquo;avais donn\u00e9 des \u00e9l\u00e9ments de vie priv\u00e9e \u00e0 mes contacts. Il est vrai que j&rsquo;ai retrouv\u00e9 quelques petites choses, faute avou\u00e9e \u00e0 moiti\u00e9 pardonn\u00e9e ! Ainsi, je dois vous le confesser, j&rsquo;ai pu dire en juillet dernier que j&rsquo;\u00e9tais \u00ab\u00a0en mode cartons\u00a0\u00bb, parce que je pr\u00e9parais mon d\u00e9m\u00e9nagement ou que je partais faire une sortie en v\u00e9lo par ce si beau temps[2. En ajoutant \u00e0 mon retour, le chronom\u00e9trage de ma performance sportive, ce qui ajoute \u00e0 ma faute egotico-exhibitionniste.]. A part \u00e7a, rien du tout. Mais je suis certain que vous pensez que c&rsquo;est d\u00e9j\u00e0 trop !<\/p>\n<p>En vrai, Facebook est comme le t\u00e9l\u00e9phone, la plume d&rsquo;oie ou le pigeon voyageur, ce que l&rsquo;on en fait. Parmi mes contacts, il n&rsquo;y a qu&rsquo;une infime minorit\u00e9 -cela doit se compter sur les doigts d&rsquo;une main- qui fait part de consid\u00e9rations vraiment priv\u00e9es et intimes. Je dois reconna\u00eetre que ce genre de d\u00e9bordement \u00e9tait plus fr\u00e9quent il y a deux ans. Mais les gens finissent par apprivoiser le m\u00e9dium. Ils ont, pour la plupart, compris ce que vous pointiez du doigt. Vous me direz que je choisis certainement bien mes contacts. C&rsquo;est une remarque de bon sens et je vous remercie par avance de la formuler. Car, vous r\u00e9pondrai-je, qu&rsquo;est ce qui vous emp\u00eache d&rsquo;en faire autant ?<\/p>\n<p>Comme toute technologie nouvelle, Internet en g\u00e9n\u00e9ral et Facebook en particulier n\u00e9cessitent un cerveau en bon \u00e9tat de marche pour \u00eatre utilis\u00e9s \u00e0 bon escient. Un cerveau en bon \u00e9tat de marche r\u00e9clame maturit\u00e9, me r\u00e9pondrez-vous, attirant mon attention sur les enfants et adolescents, les plus pr\u00e9sents sur le r\u00e9seau. Ce n&rsquo;est pas le moindre des arguments que vous pourriez avancer. Mais l\u00e0 encore, Facebook et son utilisation demeurent \u00e0 l&rsquo;image de tout le reste. Il revient aux parents d&rsquo;expliquer \u00e0 leurs enfants quels risques ils prennent en faisant n&rsquo;importe quoi. On leur explique bien qu&rsquo;il faut regarder \u00e0 droite et \u00e0 gauche avant de traverser, que le respect des r\u00e8gles grammaticales reste important en 2010, que Secret Story est une \u00e9mission de merde ou qu&rsquo;il vaut mieux appeler ses parents \u00e0 trois heures du matin que de revenir dans la voiture d&rsquo;un pote avin\u00e9. Je ne vois pas pourquoi il serait plus difficile de d\u00e9montrer qu&rsquo;il est tr\u00e8s sot de faire savoir ses moindres faits et gestes \u00e0 la moiti\u00e9 de son coll\u00e8ge.<\/p>\n<p>Rodolphe Bosselut le disait \u00e0 Elisabeth mercredi soir : nous n&rsquo;avons pas d&rsquo;autre choix que de faire avec ce genre de technologie. Et il importe de la conna\u00eetre au mieux pour faire adopter un comportement responsable \u00e0 ceux dont nous avons la charge. Et, voyez-vous, mes amis amoureux du \u00ab\u00a0monde d&rsquo;avant\u00a0\u00bb, Facebook n&rsquo;a pas que des inconv\u00e9nients. Sans Facebook, Fran\u00e7ois Miclo et moi ne nous serions pas retrouv\u00e9s. Sans Facebook, donc, pas de David Desgouilles dans Causeur ! Vous n&rsquo;avez pas tort d&rsquo;avancer que cela peut bouleverser des vies. La mienne a bien chang\u00e9. Pour le meilleur.<\/p>\n","protected":false},"excerpt":{"rendered":"<p>Le r\u00e9seau, c&rsquo;est ce que vous en faites !<\/p>\n","protected":false},"author":10,"featured_media":0,"comment_status":"open","ping_status":"closed","sticky":false,"template":"","format":"standard","meta":{"footnotes":""},"categories":[4],"tags":[],"class_list":{"0":"post-957","1":"post","2":"type-post","3":"status-publish","4":"format-standard","6":"category-oxygene"},"_links":{"self":[{"href":"https:\/\/blog.causeur.fr\/antidote\/wp-json\/wp\/v2\/posts\/957","targetHints":{"allow":["GET"]}}],"collection":[{"href":"https:\/\/blog.causeur.fr\/antidote\/wp-json\/wp\/v2\/posts"}],"about":[{"href":"https:\/\/blog.causeur.fr\/antidote\/wp-json\/wp\/v2\/types\/post"}],"author":[{"embeddable":true,"href":"https:\/\/blog.causeur.fr\/antidote\/wp-json\/wp\/v2\/users\/10"}],"replies":[{"embeddable":true,"href":"https:\/\/blog.causeur.fr\/antidote\/wp-json\/wp\/v2\/comments?post=957"}],"version-history":[{"count":0,"href":"https:\/\/blog.causeur.fr\/antidote\/wp-json\/wp\/v2\/posts\/957\/revisions"}],"wp:attachment":[{"href":"https:\/\/blog.causeur.fr\/antidote\/wp-json\/wp\/v2\/media?parent=957"}],"wp:term":[{"taxonomy":"category","embeddable":true,"href":"https:\/\/blog.causeur.fr\/antidote\/wp-json\/wp\/v2\/categories?post=957"},{"taxonomy":"post_tag","embeddable":true,"href":"https:\/\/blog.causeur.fr\/antidote\/wp-json\/wp\/v2\/tags?post=957"}],"curies":[{"name":"wp","href":"https:\/\/api.w.org\/{rel}","templated":true}]}}