{"id":1002,"date":"2010-12-24T12:54:34","date_gmt":"2010-12-24T10:54:34","guid":{"rendered":"http:\/\/carnet.causeur.fr\/asiledeblog\/?p=1002"},"modified":"2021-04-26T12:57:57","modified_gmt":"2021-04-26T10:57:57","slug":"le-rocher-de-cassandre","status":"publish","type":"post","link":"https:\/\/blog.causeur.fr\/asiledeblog\/le-rocher-de-cassandre-1002","title":{"rendered":"Le rocher de Cassandre"},"content":{"rendered":"<p><a href=\"http:\/\/blog.causeur.fr\/asiledeblog\/files\/2011\/01\/Marie-France-Garaud-.png\"><img loading=\"lazy\" decoding=\"async\" class=\"alignleft size-full wp-image-1003\" src=\"http:\/\/blog.causeur.fr\/asiledeblog\/files\/2011\/01\/Marie-France-Garaud-.png\" alt=\"\" width=\"200\" height=\"181\" \/><\/a>C\u2019est pour moi un bonheur toujours renouvel\u00e9 de voir Marie-France Garaud \u00e0 la t\u00e9l\u00e9, et de vous en parler. Mais en l\u2019occurrence, j\u2019ai un alibi\u2006: elle vient de publier un essai intitul\u00e9\u00a0<em>Impos\u00adtures politiques<\/em> (<a href=\"http:\/\/www.valeursactuelles.com\/actualit%C3%A9s\/politique\/marie-france-garaud-une-certaine-id%C3%A9e-de-l%E2%80%99%C3%A9tat20101118.html\" target=\"_blank\" rel=\"noopener\">lire l&rsquo;article d&rsquo;Eric Branca<\/a>). C\u2019est \u00e0 ce titre que, l\u2019autre lundi, on la retrouvait sur le plateau de Tadde\u00ef. Th\u00e8me de l\u2019\u00e9mission\u2006: \u201cLa crise\u201d. L\u2019occasion pour Mme Garaud de s\u2019exprimer, entre autres, sur les turbulences que traverse la zone euro (\u00e0 moins que ce ne soit l\u2019inverse).<\/p>\n<p><!--more--><\/p>\n<p>C\u2019est le chancelier Kohl, rappela-t-elle, qui a r\u00e9clam\u00e9 la monnaie unique au moment de la r\u00e9unification de l\u2019Allemagne\u2006; mais il n\u2019\u00e9tait pas question, \u00e0 l\u2019\u00e9poque, d\u2019y int\u00e9grer \u201cles pays du Club Med\u201d\u2026 Vingt ans plus tard, les Allemands ne voient toujours pas l\u2019int\u00e9r\u00eat de \u00ab\u00a0<em>payer <\/em>ad vitam aeternam<em> pour des pays avec lesquels ils ne ressentent aucun lien de solidarit\u00e9 <\/em>\u00bb.<\/p>\n<p>Nulle critique de l\u2019Allemagne l\u00e0-dedans\u2006! Plut\u00f4t une sorte de jalousie au nom de la France\u2006: sur l\u2019\u00e9chelle de la souverainet\u00e9, les deux pays se croisent\u2026<\/p>\n<p>La pr\u00e9sidente de l\u2019Institut international de g\u00e9opolitique n\u2019est pas plus antiallemande qu\u2019antieurop\u00e9enne ou \u201cpass\u00e9iste\u201d\u2026 Soucieuse simplement, dans les tribulations \u00e0 venir, que la France puisse survivre et faire entendre sa voix. \u201c\u00c7a n\u2019est plus dans ses moyens\u2006!\u201d entend-on cou\u00adramment. Encore faudrait-il, pour s\u2019en assurer, que ce f\u00fbt dans ses objectifs\u2026<\/p>\n<p>Mais la France a-t-elle encore des objectifs\u2006? C\u2019est la question que posera Mme Garaud \u00e0 propos du deuxi\u00e8me th\u00e8me de d\u00e9bat\u2006: la mon\u00adt\u00e9e du n\u00e9opopulisme en Europe, et notamment en France sous sa forme bleu-blanc-blond. Sans surprise, d\u00e8s la question pos\u00e9e, les invit\u00e9s se lan\u00adcent en ch\u0153ur dans un pittoresque \u201cd\u00e9bat contre Marine Le Pen\u201d qui ne va pas tarder \u00e0 tourner \u00e0 vide, c\u2019est-\u00e0-dire sur lui-m\u00eame.<\/p>\n<p>Sollicit\u00e9e par l\u2019animateur pour re\u00adlancer la controverse, Mme Garaud\u00a0le fera, comme \u00e0 son habitude, en montant au donjon pour dire ce qu\u2019elle voit. Et ce n\u2019est gu\u00e8re r\u00e9jouissant\u2006: le \u201cpopulisme\u201d ne fait qu\u2019occuper le vide laiss\u00e9 par la nation, c\u2019est-\u00e0-dire l\u2019\u00c9tat. \u00ab\u00a0<em>Le peuple n\u2019est pas de droite ou de gauche\u2006: il cherche o\u00f9 aller et qui va le conduire. Et pour l\u2019instant, il a le sentiment qu\u2019on ne le conduit pas. <\/em>\u00bb Tellement bien dit que \u00e7a en para\u00eetrait presque s\u00e9v\u00e8re\u2026<\/p>\n<p>L\u2019\u00c9tat dispara\u00eet au profit de la soci\u00e9t\u00e9 au moment o\u00f9 celle-ci aurait pr\u00e9cis\u00e9ment le plus besoin de lui\u2006: sous nos yeux, explique Mme Garaud, les lieux de pouvoir sont en train de glisser tr\u00e8s vite d\u2019Ouest en Est et d\u2019Occident vers l\u2019Orient.<\/p>\n<p>Dans ce contexte de boulever-sement historique, comment nos concitoyens ne seraient-ils pas troubl\u00e9s\u2006? Non seulement ils n\u2019ont aucune id\u00e9e de leur avenir, mais le probl\u00e8me c\u2019est que leurs repr\u00e9sentants politiques non plus\u2026<\/p>\n<p>Bref, \u201con est mal pris\u201d\u2006! Il faudrait m\u00eame sugg\u00e9rer \u00e0 Marie-France Ga\u00adraud d\u2019ajouter \u00e7a sur un bandeau rouge pour l\u2019\u00e9dition de poche\u2026<\/p>\n<p>Publi\u00e9 dans <a href=\"http:\/\/www.valeursactuelles.com\/culture\/t%C3%A9l%C3%A9vision\/rocher-de-cassandre20101223.html\">Valeurs Actuelles<\/a>, le 23.12.2010<\/p>\n","protected":false},"excerpt":{"rendered":"<p>C\u2019est pour moi un bonheur toujours renouvel\u00e9 de voir Marie-France Garaud \u00e0 la t\u00e9l\u00e9, et de vous en parler. Mais en l\u2019occurrence, j\u2019ai un alibi\u2006: elle vient de publier un essai intitul\u00e9\u00a0Impos\u00adtures politiques (lire l&rsquo;article d&rsquo;Eric Branca). C\u2019est \u00e0 ce titre que, l\u2019autre lundi, on la retrouvait sur le plateau de Tadde\u00ef. Th\u00e8me de l\u2019\u00e9mission\u2006: [&hellip;]<\/p>\n","protected":false},"author":9,"featured_media":0,"comment_status":"open","ping_status":"closed","sticky":false,"template":"","format":"standard","meta":{"footnotes":""},"categories":[11],"tags":[139],"class_list":{"0":"post-1002","1":"post","2":"type-post","3":"status-publish","4":"format-standard","6":"category-opinions","7":"tag-marie-france-garaud"},"_links":{"self":[{"href":"https:\/\/blog.causeur.fr\/asiledeblog\/wp-json\/wp\/v2\/posts\/1002","targetHints":{"allow":["GET"]}}],"collection":[{"href":"https:\/\/blog.causeur.fr\/asiledeblog\/wp-json\/wp\/v2\/posts"}],"about":[{"href":"https:\/\/blog.causeur.fr\/asiledeblog\/wp-json\/wp\/v2\/types\/post"}],"author":[{"embeddable":true,"href":"https:\/\/blog.causeur.fr\/asiledeblog\/wp-json\/wp\/v2\/users\/9"}],"replies":[{"embeddable":true,"href":"https:\/\/blog.causeur.fr\/asiledeblog\/wp-json\/wp\/v2\/comments?post=1002"}],"version-history":[{"count":0,"href":"https:\/\/blog.causeur.fr\/asiledeblog\/wp-json\/wp\/v2\/posts\/1002\/revisions"}],"wp:attachment":[{"href":"https:\/\/blog.causeur.fr\/asiledeblog\/wp-json\/wp\/v2\/media?parent=1002"}],"wp:term":[{"taxonomy":"category","embeddable":true,"href":"https:\/\/blog.causeur.fr\/asiledeblog\/wp-json\/wp\/v2\/categories?post=1002"},{"taxonomy":"post_tag","embeddable":true,"href":"https:\/\/blog.causeur.fr\/asiledeblog\/wp-json\/wp\/v2\/tags?post=1002"}],"curies":[{"name":"wp","href":"https:\/\/api.w.org\/{rel}","templated":true}]}}