{"id":1033,"date":"2011-01-13T12:04:28","date_gmt":"2011-01-13T10:04:28","guid":{"rendered":"http:\/\/carnet.causeur.fr\/asiledeblog\/?p=1033"},"modified":"2021-04-26T12:57:57","modified_gmt":"2021-04-26T10:57:57","slug":"aneries-elephantesques","status":"publish","type":"post","link":"https:\/\/blog.causeur.fr\/asiledeblog\/aneries-elephantesques-1033","title":{"rendered":"\u00c2neries \u00e9l\u00e9phantesques"},"content":{"rendered":"<p><a href=\"http:\/\/blog.causeur.fr\/asiledeblog\/files\/2011\/01\/glenn_beck_jon_stewart.png\"><img loading=\"lazy\" decoding=\"async\" class=\"alignleft size-medium wp-image-1034\" src=\"http:\/\/carnet.causeur.fr\/asiledeblog\/files\/2011\/01\/glenn_beck_jon_stewart-300x234.png\" alt=\"\" width=\"300\" height=\"234\" srcset=\"https:\/\/blog.causeur.fr\/asiledeblog\/wp-content\/uploads\/sites\/10\/2011\/01\/glenn_beck_jon_stewart-300x234.png 300w, https:\/\/blog.causeur.fr\/asiledeblog\/wp-content\/uploads\/sites\/10\/2011\/01\/glenn_beck_jon_stewart.png 350w\" sizes=\"auto, (max-width: 300px) 100vw, 300px\" \/><\/a>L<em>\u2019Effet papillon<\/em>, vous vous souvenez ? Non, pas ce battement d\u2019ailes cens\u00e9 provoquer un tremblement de terre \u00e0 l\u2019autre bout du monde ! Juste une \u00e9mission de Canal Plus dont je vous entretenais d\u00e9j\u00e0 la semaine derni\u00e8re : le temps des f\u00eates, Daphn\u00e9 Roulier avait choisi de nous faire visiter l\u2019Am\u00e9rique. Apr\u00e8s les aventures du petit Jonathan Krohn, \u201cMozart de la politique\u201d, elle nous proposait samedi dernier, entre autres, un documentaire intitul\u00e9\u00a0<em>le Parti d\u2019en rire<\/em>.\u00a0<em>A priori<\/em>, avec un titre pareil, je suis plut\u00f4t client\u2026 Sauf que l\u00e0, en fait de \u201crire\u201d, il s\u2019agissait plut\u00f4t d\u2019engagement, limite sartrien. L\u2019argument : un portrait crois\u00e9 de deux stars de la t\u00e9l\u00e9 am\u00e9ricaine, qui se livrent depuis dix ans \u00e0 une v\u00e9ritable \u201cguerre m\u00e9diatique\u201d. \u00c0 la gauche de Canal, Jon Stewart,\u00a0<em>\u00ab l\u2019un des humoristes politiques les plus populaires du pays \u00bb <\/em>; \u00e0 sa droite,\u00a0<em>\u00ab l\u2019ultraconservateur et tr\u00e8s vocif\u00e9rant Glenn Beck \u00bb<\/em>. <!--more-->Si, avec \u00e7a, vous n\u2019avez pas compris qui sont respectivement le m\u00e9chant et le gentil, je ne peux rien pour vous ! <!--more--><\/p>\n<p>Le probl\u00e8me, c\u2019est que Canal Plus n\u2019a pas forc\u00e9ment tort. Moi-m\u00eame qui vous \u00e9cris, j\u2019aurais naturellement tendance \u00e0 pr\u00e9f\u00e9rer un ludion rigolo comme Stewart, f\u00fbt-il progressiste, \u00e0 ce butor de Beck \u2013 surtout s\u2019il est cens\u00e9 en quelque mani\u00e8re incarner mes id\u00e9es.<\/p>\n<p>Simplement, je n\u2019aime pas qu\u2019on m\u2019explique de fa\u00e7on aussi ostentatoire ce qu\u2019il convient de penser. Le commentaire, passe encore\u2026 Mais le choix des images et la s\u00e9lection des t\u00e9moins : tout h\u00e9las, dans ce doc, est lourdement p\u00e9dagogique. Un seul exemple : pour parler objectivement du bateleur r\u00e9publicain, les auteurs sont all\u00e9s chercher qui ? Une \u201cFondation d\u00e9mocrate\u201d richement dot\u00e9e, dont l\u2019objet est de \u00ab\u00a0<em>surveiller 24 heures sur 24 les m\u00e9dias de droite<\/em> \u00bb pour en pointer \u00ab\u00a0<em>les d\u00e9rapages et les raccourcis<\/em> \u00bb. Ambiance !<\/p>\n<p>Avec Glenn Beck bien s\u00fbr, ces gens-l\u00e0 sont \u00e0 la f\u00eate ! Entre humour gras et vraies-fausses col\u00e8res, la vedette de FoxNews ne m\u00e9nage aucun effet pour brosser son public dans le sens du poil.\u00a0<em>\u00ab Il est tr\u00e8s dangereux <\/em>\u00bb, commente avec gourmandise le vice-pr\u00e9sident de la Fondation \u2013 justifiant ainsi au passage ses \u00e9moluments.<\/p>\n<p>Mais la \u201cdangerosit\u00e9\u201d n\u2019est jamais que le revers de l\u2019influence. Or sur ce terrain-l\u00e0, l\u2019affreux Beck pourrait prendre des le\u00e7ons aupr\u00e8s de l\u2019aimable Stewart : \u00e9lu \u201chomme de la d\u00e9cennie\u201d par un magazine branch\u00e9, Jon a m\u00eame eu l\u2019insigne honneur de recevoir, dans son talk-show humoristique sur Comedy Central, le pr\u00e9sident Obama en personne.<\/p>\n<p>En gros, r\u00e9sume le doc, si Glenn Beck est \u00ab\u00a0<em>c\u00e9l\u00e8bre<\/em> \u00bb, c\u2019est Jon Stewart qui est \u00ab\u00a0<em>populaire<\/em> \u00bb. La diff\u00e9rence, pour autant que j\u2019en aie compris, tient tout enti\u00e8re dans le cerveau des d\u00e9mocrates, am\u00e9ricains ou autres : ces gens-l\u00e0, figurez-vous, sont persuad\u00e9s d\u2019avoir d\u00e9pos\u00e9 la marque \u201cPeuple\u201d.<\/p>\n<p>Publi\u00e9 dans <a href=\"http:\/\/www.valeursactuelles.com\/culture\/t%C3%A9l%C3%A9vision\/%C3%A2neries-%C3%A9l%C3%A9phantesques20110113.html\">Valeurs Actuelles<\/a>, le 13.01.2011<\/p>\n","protected":false},"excerpt":{"rendered":"<p>L\u2019Effet papillon, vous vous souvenez ? Non, pas ce battement d\u2019ailes cens\u00e9 provoquer un tremblement de terre \u00e0 l\u2019autre bout du monde ! Juste une \u00e9mission de Canal Plus dont je vous entretenais d\u00e9j\u00e0 la semaine derni\u00e8re : le temps des f\u00eates, Daphn\u00e9 Roulier avait choisi de nous faire visiter l\u2019Am\u00e9rique. Apr\u00e8s les aventures du [&hellip;]<\/p>\n","protected":false},"author":9,"featured_media":0,"comment_status":"open","ping_status":"closed","sticky":false,"template":"","format":"standard","meta":{"footnotes":""},"categories":[11],"tags":[228],"class_list":{"0":"post-1033","1":"post","2":"type-post","3":"status-publish","4":"format-standard","6":"category-opinions","7":"tag-usa"},"_links":{"self":[{"href":"https:\/\/blog.causeur.fr\/asiledeblog\/wp-json\/wp\/v2\/posts\/1033","targetHints":{"allow":["GET"]}}],"collection":[{"href":"https:\/\/blog.causeur.fr\/asiledeblog\/wp-json\/wp\/v2\/posts"}],"about":[{"href":"https:\/\/blog.causeur.fr\/asiledeblog\/wp-json\/wp\/v2\/types\/post"}],"author":[{"embeddable":true,"href":"https:\/\/blog.causeur.fr\/asiledeblog\/wp-json\/wp\/v2\/users\/9"}],"replies":[{"embeddable":true,"href":"https:\/\/blog.causeur.fr\/asiledeblog\/wp-json\/wp\/v2\/comments?post=1033"}],"version-history":[{"count":0,"href":"https:\/\/blog.causeur.fr\/asiledeblog\/wp-json\/wp\/v2\/posts\/1033\/revisions"}],"wp:attachment":[{"href":"https:\/\/blog.causeur.fr\/asiledeblog\/wp-json\/wp\/v2\/media?parent=1033"}],"wp:term":[{"taxonomy":"category","embeddable":true,"href":"https:\/\/blog.causeur.fr\/asiledeblog\/wp-json\/wp\/v2\/categories?post=1033"},{"taxonomy":"post_tag","embeddable":true,"href":"https:\/\/blog.causeur.fr\/asiledeblog\/wp-json\/wp\/v2\/tags?post=1033"}],"curies":[{"name":"wp","href":"https:\/\/api.w.org\/{rel}","templated":true}]}}