{"id":104,"date":"2010-02-07T16:08:52","date_gmt":"2010-02-07T14:08:52","guid":{"rendered":"http:\/\/carnet.causeur.fr\/asiledeblog\/?p=104"},"modified":"2021-04-26T12:57:59","modified_gmt":"2021-04-26T10:57:59","slug":"marie-france-garaud-retour-vers-le-futur","status":"publish","type":"post","link":"https:\/\/blog.causeur.fr\/asiledeblog\/marie-france-garaud-retour-vers-le-futur-104","title":{"rendered":"Marie-France Garaud : retour vers le futur"},"content":{"rendered":"<p>La\u00a0<em>realpolitik<\/em> peut-elle casser des briques ?<\/p>\n<p style=\"text-align: center\"><a href=\"http:\/\/blog.causeur.fr\/asiledeblog\/files\/2010\/10\/Marie-France-Garaud.jpeg\"><img loading=\"lazy\" decoding=\"async\" class=\"aligncenter size-full wp-image-105\" src=\"http:\/\/blog.causeur.fr\/asiledeblog\/files\/2010\/10\/Marie-France-Garaud.jpeg\" alt=\"\" width=\"414\" height=\"252\" srcset=\"https:\/\/blog.causeur.fr\/asiledeblog\/wp-content\/uploads\/sites\/10\/2010\/10\/Marie-France-Garaud.jpeg 460w, https:\/\/blog.causeur.fr\/asiledeblog\/wp-content\/uploads\/sites\/10\/2010\/10\/Marie-France-Garaud-300x182.jpg 300w\" sizes=\"auto, (max-width: 414px) 100vw, 414px\" \/><\/a><\/p>\n<p>J\u2019ai toujours \u00e9t\u00e9 fan de Marie-France Garaud, et un peu seul en tant que tel. Je suis m\u00eame, \u00e0 ma connaissance, le seul de mes amis \u00e0 avoir vot\u00e9 pour elle \u00e0 la pr\u00e9sidentielle de 1981, et ce d\u00e8s le premier tour<sup><a id=\"fnref-3732-1\" href=\"http:\/\/www.causeur.fr\/marie-france-garaud-retour-vers-le-futur,3732#fn-3732-1\">1<\/a><\/sup>.<\/p>\n<p>Vingt-neuf ans plus tard, je suis encore et toujours en admiration devant cette machine intellectuelle et son unique objet. J\u2019aime l\u2019obstination froide avec laquelle, contre vents et mar\u00e9es id\u00e9ologiques, Dame Garaud continue de penser <!--more-->la g\u00e9opolitique en termes de rapports de forces entre \u00c9tats-nations.<\/p>\n<p>Pourtant ces L\u00e9viathan pr\u00e9historiques ont \u00e9t\u00e9 enterr\u00e9s depuis belle lurette par les meilleurs observateurs et acteurs de notre vie politique, d\u2019Alain Duhamel \u00e0 Alain Minc en passant par Cohn-Bendit et Bayrou. C\u2019est bien simple, depuis que je me tiens inform\u00e9, <!--more-->on n\u2019a cess\u00e9 de me le faire savoir\u00a0: la nation, c\u2019est \u00ab\u00a0d\u00e9pass\u00e9\u00a0\u00bb\u00a0! D\u00e9pass\u00e9 par l\u2019Europe, l\u2019Occident, le capitalisme, le communisme, la mondialisation, l\u2019altermondialisme, l\u2019esp\u00e9ranto, etc. Seuls une poign\u00e9e d\u2019intellos en roue libre, issus de la Gauche Sans Fronti\u00e8res, semblent avoir trouv\u00e9 le moyen de faire le trajet Bastille-Nation en passant par R\u00e9publique.<\/p>\n<p>Je me souviens encore de ma joie \u00e0 entendre Max Gallo, peu apr\u00e8s son<em>coming out<\/em> patriotique, r\u00e9pondre paisiblement \u00e0 un quelconque baratin post-national\u00a0: \u00ab\u00a0Bien s\u00fbr que la nation est une <!--more-->forme passag\u00e8re condamn\u00e9e \u00e0 dispara\u00eetre\u2026 Le Mont-Blanc aussi\u00a0!\u00a0\u00bb<\/p>\n<p>Sans avoir eu besoin de passer par la gauche, Mme Garaud ne dit pas autre chose, et depuis plus longtemps \u2013 que ce soit dans ses livres<sup><a id=\"fnref-3732-2\" href=\"http:\/\/www.causeur.fr\/marie-france-garaud-retour-vers-le-futur,3732#fn-3732-2\">2<\/a><\/sup>, sa revue\u00a0<em>G\u00e9opolitique<\/em> ou ses trop rares apparitions audiovisuelles. Sauf que la France de Marie-France ne commence pas avec la R\u00e9volution\u00a0: comme la diplomatie du G\u00e9n\u00e9ral, et pour les m\u00eames raisons, elle reconna\u00eet les Etats, pas les r\u00e9gimes. Elle-m\u00eame, d\u2019ailleurs, semble tout droit sortie de l\u2019Ancien \u2013 tant elle s\u2019exprime avec l\u2019autorit\u00e9 naturelle, et dans la langue choisie, d\u2019une grande dame du Grand Si\u00e8cle.<\/p>\n<p>La nation selon MFG, c\u2019est la souverainet\u00e9 ou rien. Autant dire que le d\u00e9bat qui fait rage sur l\u2019\u00a0\u00a0\u00bbidentit\u00e9 nationale\u00a0\u00bb lui est parfaitement \u00e9tranger. La qu\u00eate d\u2019identit\u00e9, c\u2019est tout ce qui reste \u00e0 un pays qui a perdu l\u2019essentiel\u00a0: le go\u00fbt et les moyens de sa souverainet\u00e9.<\/p>\n<p>C\u2019est peut-\u00eatre le cas de la France, nous dit Mme Garaud, mais s\u00fbrement pas celui des Etats-Unis, de la Russie, de la Chine\u2026ni m\u00eame de l\u2019Allemagne\u00a0! \u00ab\u00a0D\u00e9pass\u00e9s\u00a0\u00bb ou pas, tous ces \u00c9tats-nations continuent d\u2019agir exclusivement en fonction de leurs int\u00e9r\u00eats \u2013 et ils ont bien raison\u00a0!<\/p>\n<p>Encore faut-il qu\u2019ils sachent o\u00f9 est leur int\u00e9r\u00eat d\u2019aujourd\u2019hui et \u00e0 quels d\u00e9fis ils seront confront\u00e9s demain \u2013 puisque d\u00e9cid\u00e9ment, l\u2019Histoire n\u2019est toujours pas finie.<\/p>\n<p>L\u2019\u00e9v\u00e9nement majeur de ce d\u00e9but de si\u00e8cle, selon notre prof de\u00a0<em>realpolitik<\/em>, c\u2019est la mont\u00e9e en puissance de l\u2019Asie. Depuis la chute de l\u2019Empire Sovi\u00e9tique, dit-elle, \u00ab\u00a0la mondialisation est vraiment devenue mondiale\u00a0\u00bb\u00a0; il en r\u00e9sulte naturellement un \u00ab\u00a0glissement de la sph\u00e8re du pouvoir\u00a0\u00bb\u00a0: l\u2019Occident fourbu est en train de passer la main \u00e0 une Asie qui p\u00e8te la forme\u00a0!<br \/>\nLe secret de cette forme tient en un chiffre\u00a0: entre \u00ab\u00a0eux\u00a0\u00bb\u00a0 et \u00ab\u00a0nous\u00a0\u00bb, le co\u00fbt de la main-d\u2019\u0153uvre varie de 1 \u00e0 20. Avec la mondialisation d\u00e9capit\u00e9e telle que nous la pratiquons, cette simple statistique tient lieu de faire-part\u00a0: sauf rebondissement, nous sommes condamn\u00e9s \u00e0 dispara\u00eetre de la sc\u00e8ne de l\u2019Histoire \u2013 et ce sera bien fait\u00a0!<\/p>\n<p>S\u00e9v\u00e8re mais juste, Marie-France\u00a0! Parce qu\u2019enfin un protectionnisme europ\u00e9en, m\u00eame \u00ab\u00a0raisonnable\u00a0\u00bb, suffirait sans doute \u00e0 endiguer chez nous la vague asiatique avant qu\u2019elle ne devienne tsunami. Mais pour qu\u2019il y ait \u00ab\u00a0protectionnisme\u00a0europ\u00e9en\u00a0\u00bb, il faudrait d\u2019abord qu\u2019il y ait Europe\u00a0; et sur ce point, l\u2019histoire r\u00e9cente semble avoir donn\u00e9 raison au scepticisme gaullo-garaudien.<\/p>\n<p>L\u2019Union europ\u00e9enne, embourb\u00e9e dans la dialectique \u00e9largissement \u2013 approfondissement, a vu se dissiper ses fantasmes f\u00e9d\u00e9ralistes sans pour autant s\u2019engager dans la voie, plus modeste mais plus efficace, de la Conf\u00e9d\u00e9ration. En France, pour prendre un exemple au hasard, le Bayrou du XXI\u00e8me si\u00e8cle a sans doute rompu avec les erreurs de sa jeunesse extr\u00eame-giscardienne\u00a0; mais en a-t-il bien tir\u00e9 toutes les cons\u00e9quences\u00a0?<\/p>\n<p>En gros, l\u2019Europe aujourd\u2019hui n\u2019existe pas plus que l\u2019Occident\u00a0: d\u2019un c\u00f4t\u00e9, un vieux bloc qui ne fait plus face \u00e0 rien\u00a0; de l\u2019autre, une id\u00e9e tellement id\u00e9elle qu\u2019elle n\u2019est pas pr\u00e8s d\u2019atterrir\u2026 Entre les deux, Mme Garaud sugg\u00e8re de se raccrocher \u00e0 ce qui existe partout ailleurs dans le monde\u00a0: la nation. Et de nous donner en exemple\u2026 l\u2019Allemagne\u00a0!<\/p>\n<p>Certes, entre les grandes puissances d\u2019aujourd\u2019hui et celles de demain, les fr\u00e8res ennemis d\u2019hier sont tous les deux mal pris. Mais si, au sein m\u00eame de ce \u00ab\u00a0continent europ\u00e9en\u00a0\u00bb menac\u00e9 d\u2019\u00eatre d\u00e9sert\u00e9 par l\u2019Histoire, le centre de gravit\u00e9 se d\u00e9place vers l\u2019Allemagne, ce n\u2019est pas un hasard\u00a0: c\u2019est une affaire d\u2019Etat. \u00ab\u00a0En France, ass\u00e8ne M.-F.G., il n\u2019y a plus d\u2019Etat\u00a0!\u00a0\u00bb<br \/>\nIl ne s\u2019agit pas l\u00e0 d\u2019une attaque personnelle contre le chef dudit Etat, mais d\u2019un diagnostic du Dr Garaud concernant l\u2019\u00e2me de notre pays. Contrairement aux Allemands, nous avons perdu la \u00ab\u00a0volont\u00e9 de vouloir\u00a0\u00bb, comme disait Jank\u00e9l\u00e9vitch \u00e0 propos d\u2019autre chose. Or au bout du compte, \u00ab\u00a0c\u2019est la volont\u00e9 qui juge\u00a0\u00bb, comme disait je ne sais plus qui \u00e0 propos de \u00e7a.<\/p>\n<p>Suivez la guide\u00a0! Bris\u00e9e il y a soixante-cinq ans par le d\u00e9lire nazi, \u00ab\u00a0l\u2019Allemagne n\u2019a jamais accept\u00e9 ni d\u2019\u00eatre battue ni d\u2019\u00eatre divis\u00e9e\u00a0\u00bb. De la Constitution de 49 \u00e0 nos jours en passant par la r\u00e9unification de 90, elle a reconquis pied \u00e0 pied, patiemment et ch\u00e8rement, sa souverainet\u00e9 \u2013 c\u2019est-\u00e0-dire le choix de ses d\u00e9pendances et les moyens de son ind\u00e9pendance.<br \/>\nLa France, \u00e0 l\u2019inverse, n\u2019a pas su assumer sa place, pourtant acquise de haute lutte, \u00e0 la table des vainqueurs. Au fil du temps, elle a renonc\u00e9 \u00e0 son \u00ab\u00a0droit \u00e0 disposer d\u2019elle\u2013m\u00eame\u00a0\u00bb\u00a0; il serait temps qu\u2019elle le r\u00e9cup\u00e8re\u00a0!<\/p>\n<p>Non pas pour faire \u00e0 l\u2019Allemagne une guerre d\u2019avant-hier (d\u2019ailleurs, en g\u00e9n\u00e9ral, c\u2019est eux qui commen\u00e7aient\u00a0!). Juste pour parler avec elle d\u2019\u00e9gale \u00e0 \u00e9gale, parce qu\u2019il n\u2019y a pas de dialogue qui vaille sans \u00e9quilibre des forces. Et plus g\u00e9n\u00e9ralement pour se faire entendre dans le \u00ab\u00a0concert des nations\u00a0\u00bb, cet orchestre sans chef ni partition.<\/p>\n<p>\u00ab\u00a0<em>It\u2019s a wild world<\/em>\u00ab\u00a0, comme disait Cat Stevens. Si la France n\u2019a plus la volont\u00e9 d\u2019exister, personne ne l\u2019aura pour elle\u00a0! C\u2019est \u00e7a la realpolitik selon Marie-France Garaud, ou du moins ce que j\u2019en ai compris. Un peuple n\u2019\u00e9chappe pas \u00e0 l\u2019Histoire\u00a0: il ne peut qu\u2019en \u00eatre le sujet ou l\u2019objet.<\/p>\n<p>Souverainisme\u00a0? Patriotisme\u00a0? Nationalisme\u00a0? Peu me chaut\u00a0: je ne suis gu\u00e8re \u00e0 cheval sur l\u2019\u00e9tiquette\u00a0!<br \/>\nJe ne souhaite d\u2019ailleurs la disparition d\u2019aucune nation\u00a0; juste la survie de la mienne, comme tout le monde. Et je crois m\u00eame que tout le monde y gagnerait\u2026<\/p>\n<ol>\n<li>1,33% des suffrages exprim\u00e9s.\u00a0<a href=\"http:\/\/www.causeur.fr\/marie-france-garaud-retour-vers-le-futur,3732#fnref-3732-1\">\u21a9<\/a><\/li>\n<li>Dont le prochain traitera, para\u00eet-il, de l\u2019 \u00ab\u00a0aveuglement des \u00e9lites\u00a0\u00bb. En un seul volume ?\u00a0<a href=\"http:\/\/www.causeur.fr\/marie-france-garaud-retour-vers-le-futur,3732#fnref-3732-2\">\u21a9<\/a><\/li>\n<\/ol>\n<p>Paru sur <a href=\"http:\/\/www.causeur.fr\/marie-france-garaud-retour-vers-le-futur,3732\">Causeur.fr<\/a>, le 7 f\u00e9vrier 2010.<\/p>\n","protected":false},"excerpt":{"rendered":"<p>La\u00a0realpolitik peut-elle casser des briques ? J\u2019ai toujours \u00e9t\u00e9 fan de Marie-France Garaud, et un peu seul en tant que tel. Je suis m\u00eame, \u00e0 ma connaissance, le seul de mes amis \u00e0 avoir vot\u00e9 pour elle \u00e0 la pr\u00e9sidentielle de 1981, et ce d\u00e8s le premier tour1. Vingt-neuf ans plus tard, je suis encore [&hellip;]<\/p>\n","protected":false},"author":9,"featured_media":0,"comment_status":"open","ping_status":"closed","sticky":false,"template":"","format":"standard","meta":{"footnotes":""},"categories":[11],"tags":[139,184],"class_list":{"0":"post-104","1":"post","2":"type-post","3":"status-publish","4":"format-standard","6":"category-opinions","7":"tag-marie-france-garaud","8":"tag-realpolitik"},"_links":{"self":[{"href":"https:\/\/blog.causeur.fr\/asiledeblog\/wp-json\/wp\/v2\/posts\/104","targetHints":{"allow":["GET"]}}],"collection":[{"href":"https:\/\/blog.causeur.fr\/asiledeblog\/wp-json\/wp\/v2\/posts"}],"about":[{"href":"https:\/\/blog.causeur.fr\/asiledeblog\/wp-json\/wp\/v2\/types\/post"}],"author":[{"embeddable":true,"href":"https:\/\/blog.causeur.fr\/asiledeblog\/wp-json\/wp\/v2\/users\/9"}],"replies":[{"embeddable":true,"href":"https:\/\/blog.causeur.fr\/asiledeblog\/wp-json\/wp\/v2\/comments?post=104"}],"version-history":[{"count":0,"href":"https:\/\/blog.causeur.fr\/asiledeblog\/wp-json\/wp\/v2\/posts\/104\/revisions"}],"wp:attachment":[{"href":"https:\/\/blog.causeur.fr\/asiledeblog\/wp-json\/wp\/v2\/media?parent=104"}],"wp:term":[{"taxonomy":"category","embeddable":true,"href":"https:\/\/blog.causeur.fr\/asiledeblog\/wp-json\/wp\/v2\/categories?post=104"},{"taxonomy":"post_tag","embeddable":true,"href":"https:\/\/blog.causeur.fr\/asiledeblog\/wp-json\/wp\/v2\/tags?post=104"}],"curies":[{"name":"wp","href":"https:\/\/api.w.org\/{rel}","templated":true}]}}