{"id":1073,"date":"2011-01-27T11:51:51","date_gmt":"2011-01-27T09:51:51","guid":{"rendered":"http:\/\/carnet.causeur.fr\/asiledeblog\/?p=1073"},"modified":"2021-04-26T12:57:57","modified_gmt":"2021-04-26T10:57:57","slug":"marinologie","status":"publish","type":"post","link":"https:\/\/blog.causeur.fr\/asiledeblog\/marinologie-1073","title":{"rendered":"Marinologie"},"content":{"rendered":"<p><a href=\"http:\/\/blog.causeur.fr\/asiledeblog\/files\/2011\/01\/Marine-et-Jean-Marie-Le-Pen.png\"><img loading=\"lazy\" decoding=\"async\" class=\"alignleft size-full wp-image-1074\" src=\"http:\/\/blog.causeur.fr\/asiledeblog\/files\/2011\/01\/Marine-et-Jean-Marie-Le-Pen.png\" alt=\"\" width=\"300\" height=\"188\" \/><\/a>L\u2019autre lundi \u00e0\u00a0<em>Ce soir (ou jamais !)<\/em>, les invit\u00e9s de Tadde\u00ef se penchaient sur la double affaire Marine Le Pen : son \u00e9lection \u00e0 la t\u00eate du FN bien s\u00fbr, mais aussi les sondages flatteurs qui l\u2019ont salu\u00e9e.<\/p>\n<p>In\u00e9vitablement, sur un tel sujet, on a d\u00fb subir quelques banalit\u00e9s d\u2019usage. Ainsi, des repr\u00e9sentants de la gauche et de la droite se sont-ils livr\u00e9s \u00e0 leur traditionnel jeu de mistigri sur le th\u00e8me : qui est responsable de la\u00a0<em>\u00ab mont\u00e9e du FN \u00bb<\/em>? La\u00a0<em>\u00ab diabolisation \u00bb<\/em> <em>made in<\/em> PS ou la\u00a0<em>\u00ab banalisation \u00bb<\/em> mod\u00e8le UMP ? <!--more--><\/p>\n<p>Passionnant d\u00e9bat, sauf qu\u2019on y assiste depuis tant\u00f4t un quart de si\u00e8cle. Tout laisse donc \u00e0 penser que, face \u00e0 ce \u201cdanger\u201d, gauche et droite, qui ont altern\u00e9 entre-temps aux affaires, ont pr\u00e9f\u00e9r\u00e9 s\u2019entre-d\u00e9noncer plut\u00f4t que d\u2019agir\u2026 Sinon, c\u2019est bien simple : il n\u2019y aurait plus de FN ! et Fr\u00e9d\u00e9ric Tadde\u00ef en e\u00fbt \u00e9t\u00e9 r\u00e9duit \u00e0 trouver un autre sujet pour son \u00e9mission.<\/p>\n<p>Hormis ce th\u00e9\u00e2tre n\u00f4 et quelques niaiseries d\u00e9concertantes, on aura quand m\u00eame d\u00e9couvert ce soir-l\u00e0 une int\u00e9ressante vari\u00e9t\u00e9 de points de vue en mati\u00e8re de marinologie.<\/p>\n<p>D\u00e9marrage sur les chapeaux de roue avec l\u2019essayiste incontr\u00f4lable Alain Soral, ancien du PC et du FN. Pour lui, les m\u00e9dias ont remis la fille Le Pen dans le jeu \u00e0 une condition : qu\u2019elle assume la responsabilit\u00e9 du combat anti-islamiste, lui-m\u00eame fer de lance d\u2019un\u00a0<em>\u00ab conflit de civilisations \u00bb <\/em>voulu par\u00a0<em>\u00ab les juifs et les francs-ma\u00e7ons \u00bb<\/em>. L\u2019extr\u00eame droite, marionnette aux mains du lobby jud\u00e9o-ma\u00e7onnique ? Vertige quasi pascalien\u2026<\/p>\n<p>Plus consensuel, le sociologue Michel Maffesoli nous fait b\u00e9n\u00e9ficier de son \u00e9rudition joviale. \u00c0 partir du cas de la Marine, il \u00e9largit le d\u00e9bat au ph\u00e9nom\u00e8ne populiste, jusqu\u2019\u00e0 diagnostiquer une<em>secessio plebis<\/em>. Foin de raison, le peuple veut de l\u2019\u00e9motionnel !<\/p>\n<p>Nous n\u2019en aurons gu\u00e8re avec l\u2019aust\u00e8re philosophe Bernard Stiegler, qui a de cette affaire une vision nettement plus \u201cengag\u00e9e\u201d :\u00a0<em>\u00ab Le populisme industriel prosp\u00e8re sur la liquidation de la soci\u00e9t\u00e9 par le capitalisme financier ultra-sp\u00e9culatif. \u00bb<\/em><\/p>\n<p>Le temps que l\u2019on comprenne et Tadde\u00ef, le Hitchcock du casting, sort de sa manche un invit\u00e9 de derni\u00e8re minute : le philosophe marxo-althuss\u00e9rien Jacques Ranci\u00e8re, qui va troubler tout le monde en tenant des propos de bon sens.<\/p>\n<p><em>\u00ab Le mot \u201cpopulisme\u201d, <\/em>dit-il,\u00a0<em>utilis\u00e9 contre les peuples par les \u00e9lites, ne peut rien vouloir dire, puisque sa fonction est pr\u00e9cis\u00e9ment d\u2019amalgamer ! \u00bb <\/em>Quant au mot \u201cd\u00e9mocratie\u201d, il n\u2019a gu\u00e8re plus de sens :\u00a0<em>\u00ab En fait de d\u00e9mocratie, notre syst\u00e8me est confisqu\u00e9 par une toute petite minorit\u00e9. \u00bb <\/em>Bref une oligo-d\u00e9mocratie, comme diraient les hell\u00e9nistes\u2026<\/p>\n<p>\u00c0 deux reprises, je me suis surpris \u00e0 opiner, non sans une certaine inqui\u00e9tude : serais-je en train de virer sur le tard marxo-althuss\u00e9rien ? D\u00e9cid\u00e9ment, le populisme, c\u2019est dangereux, au moins comme sujet de conversation.<\/p>\n<p>Publi\u00e9 dans <a href=\"http:\/\/www.valeursactuelles.com\/culture\/t%C3%A9l%C3%A9vision\/marinologie20110127.html\">Valeurs Actuelles<\/a>, le 27 janvier 2011.<\/p>\n","protected":false},"excerpt":{"rendered":"<p>L\u2019autre lundi \u00e0\u00a0Ce soir (ou jamais !), les invit\u00e9s de Tadde\u00ef se penchaient sur la double affaire Marine Le Pen : son \u00e9lection \u00e0 la t\u00eate du FN bien s\u00fbr, mais aussi les sondages flatteurs qui l\u2019ont salu\u00e9e. In\u00e9vitablement, sur un tel sujet, on a d\u00fb subir quelques banalit\u00e9s d\u2019usage. Ainsi, des repr\u00e9sentants de la [&hellip;]<\/p>\n","protected":false},"author":9,"featured_media":0,"comment_status":"open","ping_status":"closed","sticky":false,"template":"","format":"standard","meta":{"footnotes":""},"categories":[11],"tags":[87,141],"class_list":{"0":"post-1073","1":"post","2":"type-post","3":"status-publish","4":"format-standard","6":"category-opinions","7":"tag-frederic-taddei","8":"tag-marine-le-pen"},"_links":{"self":[{"href":"https:\/\/blog.causeur.fr\/asiledeblog\/wp-json\/wp\/v2\/posts\/1073","targetHints":{"allow":["GET"]}}],"collection":[{"href":"https:\/\/blog.causeur.fr\/asiledeblog\/wp-json\/wp\/v2\/posts"}],"about":[{"href":"https:\/\/blog.causeur.fr\/asiledeblog\/wp-json\/wp\/v2\/types\/post"}],"author":[{"embeddable":true,"href":"https:\/\/blog.causeur.fr\/asiledeblog\/wp-json\/wp\/v2\/users\/9"}],"replies":[{"embeddable":true,"href":"https:\/\/blog.causeur.fr\/asiledeblog\/wp-json\/wp\/v2\/comments?post=1073"}],"version-history":[{"count":0,"href":"https:\/\/blog.causeur.fr\/asiledeblog\/wp-json\/wp\/v2\/posts\/1073\/revisions"}],"wp:attachment":[{"href":"https:\/\/blog.causeur.fr\/asiledeblog\/wp-json\/wp\/v2\/media?parent=1073"}],"wp:term":[{"taxonomy":"category","embeddable":true,"href":"https:\/\/blog.causeur.fr\/asiledeblog\/wp-json\/wp\/v2\/categories?post=1073"},{"taxonomy":"post_tag","embeddable":true,"href":"https:\/\/blog.causeur.fr\/asiledeblog\/wp-json\/wp\/v2\/tags?post=1073"}],"curies":[{"name":"wp","href":"https:\/\/api.w.org\/{rel}","templated":true}]}}