{"id":1120,"date":"2011-02-06T18:55:55","date_gmt":"2011-02-06T16:55:55","guid":{"rendered":"http:\/\/carnet.causeur.fr\/asiledeblog\/?p=1120"},"modified":"2021-04-26T12:57:45","modified_gmt":"2021-04-26T10:57:45","slug":"le-printemps-arabe-nous-rendrait-il-frileux","status":"publish","type":"post","link":"https:\/\/blog.causeur.fr\/asiledeblog\/le-printemps-arabe-nous-rendrait-il-frileux-1120","title":{"rendered":"Le printemps arabe nous rendrait-il frileux ?"},"content":{"rendered":"<h3>Par-del\u00e0 les postures sceptiques : r\u00e9ponse \u00e0 Elisabeth L\u00e9vy<\/h3>\n<p><a href=\"http:\/\/blog.causeur.fr\/asiledeblog\/files\/2011\/02\/revolution_en-_Tunisie.jpeg\"><img loading=\"lazy\" decoding=\"async\" class=\"alignleft size-medium wp-image-1123\" src=\"http:\/\/carnet.causeur.fr\/asiledeblog\/files\/2011\/02\/revolution_en-_Tunisie-300x198.jpg\" alt=\"\" width=\"300\" height=\"198\" srcset=\"https:\/\/blog.causeur.fr\/asiledeblog\/wp-content\/uploads\/sites\/10\/2011\/02\/revolution_en-_Tunisie-300x198.jpg 300w, https:\/\/blog.causeur.fr\/asiledeblog\/wp-content\/uploads\/sites\/10\/2011\/02\/revolution_en-_Tunisie.jpeg 680w\" sizes=\"auto, (max-width: 300px) 100vw, 300px\" \/><\/a>\u00ab\u00a0<em>C\u2019est une R\u00e9volution fran\u00e7aise !<\/em> \u00bb, s\u2019exclame le manifestant tunisien b\u00e9at sur l\u2019\u00e9cran d\u2019<a href=\"http:\/\/www.causeur.fr\/l%e2%80%99hiver-des-peuples-arabes-fera-t-il-un-printemps,8547\">\u00c9lisabeth L\u00e9vy<\/a>, qui en sourit encore. Eh bien oui ! Quand on a montr\u00e9 l\u2019exemple, et d\u2019aussi belle mani\u00e8re, il serait vexant de n\u2019\u00eatre point suivi. <!--more--><\/p>\n<p>\u00ab\u00a0<em>On a envie d\u2019y croire<\/em> \u00bb, commente notre cheftaine, avec l\u2019enthousiasme d\u2019un Burke en 89. Deux paragraphes plus loin, elle pr\u00e9cise m\u00eame ce qu\u2019elle pense vraiment de cette r\u00e9volution arabe : \u00ab\u00a0<em>Peut-\u00eatre, sans que nous le sachions, le feu couve ailleurs<\/em> \u00bb. On n\u2019est pas plus enthousiaste.<\/p>\n<p>Quel feu, donc ? Sans doute celui dont est faite la flamme qui devrait servir de corde pour lapider Sakineh, coin-coin. Voil\u00e0 l\u2019id\u00e9e : au fin fond de cette \u00ab ru\u00e9e arabe \u00bb que vante inconsid\u00e9r\u00e9ment\u00a0<em>Lib\u00e9<\/em>, ce qui nous guette, selon Elisabeth, c\u2019est la \u00ab th\u00e9ocratie iranienne \u00bb. Je caricature ? Peut \u00eatre, mais c\u2019est pas moi qui ai commenc\u00e9 !<\/p>\n<p>Foin de Terreur, de goulags, d\u2019Holocauste et de R\u00e9vo. Cul ! Qu\u2019importent les dictatures qui peuplent encore le monde, l\u2019ONU et son Conseil de s\u00e9curit\u00e9. Le danger principal pour les Droits de l\u2019Homme, qu\u2019on se le dise, c\u2019est l\u2019imp\u00e9rialisme chiito-persan.<\/p>\n<p>Sur la base de ce diagnostic, que prescrire donc \u00e0 nos amis arabes, toujours hibernants mais en voie de d\u00e9cong\u00e9lation ? \u00ab\u00a0<em>Une dictature la\u00efque, ou une d\u00e9mocratie islamiste<\/em> \u00bb, s\u2019interroge le Dr L\u00e9vy. Ce n\u2019est pas \u00e0 nous de trancher !, tranche finalement Ms L\u00e9vy.<\/p>\n<p>Pour tout dire, \u00e7a m\u2019arrange : dans cet \u00e9chiquier \u00e0 deux cases, je n\u2019aurais pas su o\u00f9 placer ni le Roi saoudien, ni le Cavalier turc.<\/p>\n","protected":false},"excerpt":{"rendered":"<p>Par-del\u00e0 les postures sceptiques : r\u00e9ponse \u00e0 Elisabeth L\u00e9vy \u00ab\u00a0C\u2019est une R\u00e9volution fran\u00e7aise ! \u00bb, s\u2019exclame le manifestant tunisien b\u00e9at sur l\u2019\u00e9cran d\u2019\u00c9lisabeth L\u00e9vy, qui en sourit encore. Eh bien oui ! Quand on a montr\u00e9 l\u2019exemple, et d\u2019aussi belle mani\u00e8re, il serait vexant de n\u2019\u00eatre point suivi.<\/p>\n","protected":false},"author":9,"featured_media":0,"comment_status":"open","ping_status":"closed","sticky":false,"template":"","format":"standard","meta":{"footnotes":""},"categories":[11],"tags":[74],"class_list":{"0":"post-1120","1":"post","2":"type-post","3":"status-publish","4":"format-standard","6":"category-opinions","7":"tag-elisabeth-levy"},"_links":{"self":[{"href":"https:\/\/blog.causeur.fr\/asiledeblog\/wp-json\/wp\/v2\/posts\/1120","targetHints":{"allow":["GET"]}}],"collection":[{"href":"https:\/\/blog.causeur.fr\/asiledeblog\/wp-json\/wp\/v2\/posts"}],"about":[{"href":"https:\/\/blog.causeur.fr\/asiledeblog\/wp-json\/wp\/v2\/types\/post"}],"author":[{"embeddable":true,"href":"https:\/\/blog.causeur.fr\/asiledeblog\/wp-json\/wp\/v2\/users\/9"}],"replies":[{"embeddable":true,"href":"https:\/\/blog.causeur.fr\/asiledeblog\/wp-json\/wp\/v2\/comments?post=1120"}],"version-history":[{"count":0,"href":"https:\/\/blog.causeur.fr\/asiledeblog\/wp-json\/wp\/v2\/posts\/1120\/revisions"}],"wp:attachment":[{"href":"https:\/\/blog.causeur.fr\/asiledeblog\/wp-json\/wp\/v2\/media?parent=1120"}],"wp:term":[{"taxonomy":"category","embeddable":true,"href":"https:\/\/blog.causeur.fr\/asiledeblog\/wp-json\/wp\/v2\/categories?post=1120"},{"taxonomy":"post_tag","embeddable":true,"href":"https:\/\/blog.causeur.fr\/asiledeblog\/wp-json\/wp\/v2\/tags?post=1120"}],"curies":[{"name":"wp","href":"https:\/\/api.w.org\/{rel}","templated":true}]}}