{"id":1128,"date":"2011-02-11T00:09:56","date_gmt":"2011-02-10T22:09:56","guid":{"rendered":"http:\/\/carnet.causeur.fr\/asiledeblog\/?p=1128"},"modified":"2021-04-26T12:57:45","modified_gmt":"2021-04-26T10:57:45","slug":"tous-les-soirs-ou-jamais","status":"publish","type":"post","link":"https:\/\/blog.causeur.fr\/asiledeblog\/tous-les-soirs-ou-jamais-1128","title":{"rendered":"Tous les soirs ou jamais !"},"content":{"rendered":"<p><a href=\"http:\/\/blog.causeur.fr\/asiledeblog\/files\/2011\/02\/Fr\u00e9d\u00e9ric-Tadde\u00ef.png\"><img loading=\"lazy\" decoding=\"async\" class=\"alignleft size-full wp-image-1129\" src=\"http:\/\/blog.causeur.fr\/asiledeblog\/files\/2011\/02\/Fr\u00e9d\u00e9ric-Tadde\u00ef.png\" alt=\"\" width=\"250\" height=\"193\" \/><\/a><span style=\"color: #000000\">C\u2019est officiel : \u00e0 la demande de la direction de France 3, Fr\u00e9d\u00e9ric Tadde\u00ef, animateur de\u00a0<em>Ce soir (ou jamais !)<\/em>, a accept\u00e9 de \u201cr\u00e9fl\u00e9chir \u00e0 une formule hebdomadaire de son magazine\u201d. De fort bonne gr\u00e2ce, m\u00eame :\u00a0<em>\u00ab Je passe mon temps \u00e0 r\u00e9fl\u00e9chir, \u00e7a fait partie de mon m\u00e9tier <\/em>\u00bb, commente-t-il sobrement dans une interview \u00e0 notre confr\u00e8re\u00a0<em>T\u00e9l\u00e9 2 semaines<\/em>. <\/span><!--more--><\/p>\n<p><span style=\"color: #000000\">De fait, la concurrence dans son \u201ccr\u00e9neau\u201d n\u2019est pas telle que le mec ait des raisons de s\u2019inqui\u00e9ter pour son avenir m\u00e9diatique. Le seul probl\u00e8me, c\u2019est la raison d\u2019une telle d\u00e9cision : fermer une fen\u00eatre quotidienne de r\u00e9flexion sur l\u2019actualit\u00e9, fort bien, mais pour la remplacer par quoi ?<\/span><\/p>\n<p><span style=\"color: #000000\">Que diable le service public peut-il bien reprocher \u00e0 cette \u00e9mission ? Une audience insuffisante ? Mais \u00e7a se saurait, depuis cinq ans ! Son \u201cusure\u201d, alors ? Mais qu\u2019est-ce qui s\u2019use moins vite qu\u2019une formule permettant d\u2019inviter, chaque saison, des centaines de personnalit\u00e9s souvent inconnues du grand public ? \u00c0 moins que ce ne soit l\u00e0, justement, le probl\u00e8me : donner la parole \u00e0 tous ces gens sous pr\u00e9texte qu\u2019ils ont quelque chose \u00e0 dire, \u00e7a a peut-\u00eatre fini par agacer beaucoup de monde.<\/span><\/p>\n<p><span style=\"color: #000000\">Toujours est-il que cette \u00e9mission s\u2019\u00e9tait impos\u00e9e, dans le Paf, comme une \u201cexception culturelle\u201d. Je sais bien que, pour nombre d\u2019entre vous \u2013 y compris parmi les aimables lecteurs de cette chronique \u2013, l\u2019\u201c\u00e9trange lucarne\u201d est par nature anticulturelle. C\u2019est oublier seulement que nos contemporains ne lisent pas \u2013 ou si mal que mieux vaut changer de sujet.<\/span><\/p>\n<p><span style=\"color: #000000\">Pour eux, le service public de l\u2019audiovisuel constitue la seule ouverture sur l\u2019univers magique de la culture. La preuve, c\u2019est que la majorit\u00e9 d\u2019entre eux lui tournent r\u00e9solument le dos pour s\u2019adonner aux joies de la t\u00e9l\u00e9 commerciale \u2013 qu\u2019on dit \u201cpriv\u00e9e\u201d sans pr\u00e9ciser de quoi.<\/span><\/p>\n<p><span style=\"color: #000000\">Quant \u00e0 la jeune g\u00e9n\u00e9ration, elle n\u2019a zapp\u00e9 le petit \u00e9cran que pour tomber dans les filets du Net et de sa vraie-fausse interactivit\u00e9. Attention ! Loin de moi l\u2019id\u00e9e de critiquer le progr\u00e8s technique, qui ne vaut que ce que valent ses utilisateurs. La Toile, c\u2019est Facebook mais c\u2019est aussi Wikip\u00e9dia, qui propose gratuitement \u00e0 tous une encyclop\u00e9die, un dictionnaire, un recueil de citations, etc. Il y a moins de clients certes, mais c\u2019est pareil dans l\u2019\u00e9dition entre Marc Levy et Richard Millet, et \u00e0 la t\u00e9l\u00e9, entre\u00a0<em>l\u2019\u00cele de la Tentation <\/em>et, par exemple,\u00a0<em>Ce soir (ou jamais !)<\/em>.<\/span><\/p>\n<p><span style=\"color: #000000\">Il y a vingt-cinq ans, notre intelligentsia s\u2019\u00e9tait mobilis\u00e9e pour d\u00e9fendre Droit de r\u00e9ponse, p\u00e9taudi\u00e8re millim\u00e9tr\u00e9e par Polac pour assouvir les fantasmes les plus vains de la gauche d\u2019\u00e9poque.<\/span><\/p>\n<p><span style=\"color: #000000\">Tadde\u00ef n\u2019en demande pas tant. L\u2019esprit public a \u00e9volu\u00e9 et, ici ou ailleurs, il sait qu\u2019il pourra continuer de pratiquer son exercice favori : retourner la boule \u00e0 neige de nos pr\u00e9jug\u00e9s pour nous entra\u00eener \u00e0 penser. Tant mieux pour lui, mais c\u2019est pour moi que je m\u2019inqui\u00e8te : priv\u00e9 de mon magazine quotidien, je pourrais bien \u00eatre conduit l\u2019an prochain, dans un geste d\u00e9sesp\u00e9r\u00e9, \u00e0 vous parler de TF1\u2026<\/span><\/p>\n<p><span style=\"color: #000000\">Publi\u00e9 dans <a href=\"http:\/\/www.valeursactuelles.com\/culture\/t%C3%A9l%C3%A9vision\/tous-soirs-ou-jamais20110210.html\">Valeurs Actuelles<\/a>, le 10 f\u00e9vrier 2011<\/span><\/p>\n","protected":false},"excerpt":{"rendered":"<p>C\u2019est officiel : \u00e0 la demande de la direction de France 3, Fr\u00e9d\u00e9ric Tadde\u00ef, animateur de\u00a0Ce soir (ou jamais !), a accept\u00e9 de \u201cr\u00e9fl\u00e9chir \u00e0 une formule hebdomadaire de son magazine\u201d. De fort bonne gr\u00e2ce, m\u00eame :\u00a0\u00ab Je passe mon temps \u00e0 r\u00e9fl\u00e9chir, \u00e7a fait partie de mon m\u00e9tier \u00bb, commente-t-il sobrement dans une interview [&hellip;]<\/p>\n","protected":false},"author":9,"featured_media":0,"comment_status":"open","ping_status":"closed","sticky":false,"template":"","format":"standard","meta":{"footnotes":""},"categories":[11],"tags":[87],"class_list":{"0":"post-1128","1":"post","2":"type-post","3":"status-publish","4":"format-standard","6":"category-opinions","7":"tag-frederic-taddei"},"_links":{"self":[{"href":"https:\/\/blog.causeur.fr\/asiledeblog\/wp-json\/wp\/v2\/posts\/1128","targetHints":{"allow":["GET"]}}],"collection":[{"href":"https:\/\/blog.causeur.fr\/asiledeblog\/wp-json\/wp\/v2\/posts"}],"about":[{"href":"https:\/\/blog.causeur.fr\/asiledeblog\/wp-json\/wp\/v2\/types\/post"}],"author":[{"embeddable":true,"href":"https:\/\/blog.causeur.fr\/asiledeblog\/wp-json\/wp\/v2\/users\/9"}],"replies":[{"embeddable":true,"href":"https:\/\/blog.causeur.fr\/asiledeblog\/wp-json\/wp\/v2\/comments?post=1128"}],"version-history":[{"count":0,"href":"https:\/\/blog.causeur.fr\/asiledeblog\/wp-json\/wp\/v2\/posts\/1128\/revisions"}],"wp:attachment":[{"href":"https:\/\/blog.causeur.fr\/asiledeblog\/wp-json\/wp\/v2\/media?parent=1128"}],"wp:term":[{"taxonomy":"category","embeddable":true,"href":"https:\/\/blog.causeur.fr\/asiledeblog\/wp-json\/wp\/v2\/categories?post=1128"},{"taxonomy":"post_tag","embeddable":true,"href":"https:\/\/blog.causeur.fr\/asiledeblog\/wp-json\/wp\/v2\/tags?post=1128"}],"curies":[{"name":"wp","href":"https:\/\/api.w.org\/{rel}","templated":true}]}}