{"id":1164,"date":"2011-03-10T15:38:34","date_gmt":"2011-03-10T13:38:34","guid":{"rendered":"http:\/\/carnet.causeur.fr\/asiledeblog\/?p=1164"},"modified":"2021-04-26T12:57:45","modified_gmt":"2021-04-26T10:57:45","slug":"autour-du-cercle","status":"publish","type":"post","link":"https:\/\/blog.causeur.fr\/asiledeblog\/autour-du-cercle-1164","title":{"rendered":"Autour du Cercle"},"content":{"rendered":"<p><a href=\"http:\/\/blog.causeur.fr\/asiledeblog\/files\/2011\/03\/Le-Cercle-Beigbeder-refait-l-annee-cine-pour-les-fetes-de-fin-d-annee_reference.jpeg\"><img loading=\"lazy\" decoding=\"async\" class=\"alignleft size-medium wp-image-1165\" src=\"http:\/\/carnet.causeur.fr\/asiledeblog\/files\/2011\/03\/Le-Cercle-Beigbeder-refait-l-annee-cine-pour-les-fetes-de-fin-d-annee_reference-300x202.jpg\" alt=\"\" width=\"300\" height=\"202\" srcset=\"https:\/\/blog.causeur.fr\/asiledeblog\/wp-content\/uploads\/sites\/10\/2011\/03\/Le-Cercle-Beigbeder-refait-l-annee-cine-pour-les-fetes-de-fin-d-annee_reference-300x202.jpg 300w, https:\/\/blog.causeur.fr\/asiledeblog\/wp-content\/uploads\/sites\/10\/2011\/03\/Le-Cercle-Beigbeder-refait-l-annee-cine-pour-les-fetes-de-fin-d-annee_reference.jpeg 470w\" sizes=\"auto, (max-width: 300px) 100vw, 300px\" \/><\/a>Le dimanche soir \u00e0 partir de 19h50, sur Canal Plus Cin\u00e9ma, Fr\u00e9d\u00e9ric Beigbeder nous re\u00e7oit dans son <em>Cercle<\/em> pour parler de l\u2019actualit\u00e9 cin\u00e9matographique, comme le nom de la cha\u00eene l\u2019indique. Mais bien s\u00fbr, ricanera-t-on : Beigbeder parlant de cin\u00e9ma, quoi de plus normal ? Le para\u00eetre parle du para\u00eetre\u2026 <!--more--><\/p>\n<p>Sortie de son contexte, cette phrase \u00e0 la\u00a0<em>Voici<\/em>pourrait me brouiller \u00e0 vie avec le futur acad\u00e9micien \u2013 et pour rien, en plus ! Je ne crois pas que l\u2019ami Beigbeder soit superficiel de naissance ; je le soup\u00e7onne d\u2019avoir choisi la superficialit\u00e9 comme r\u00e9ponse \u00e0 l\u2019absurde \u2013 ce qui vaut bien, somme toute, le djihadisme et-ou le suicide.<\/p>\n<p>Je ne tiens pas non plus le cin\u00e9ma pour un simple artifice ni m\u00eame pour un art mineur, mais bien pour le septi\u00e8me en date \u2013 b\u00e9n\u00e9ficiant \u00e0 ce titre de l\u2019h\u00e9ritage de tous les autres et capable, d\u2019une certaine mani\u00e8re, de les accomplir. Un film r\u00e9ussi, c\u2019est forc\u00e9ment une \u201cr\u00e9flection\u201d m\u00e9taphorique et belle de notre condition.<\/p>\n<p>Mais revenons-en au fameux\u00a0<em>Cercle<\/em>. Il se pr\u00e9sente comme une table de jeu, autour de laquelle des critiques balancent leurs opinions sur les sorties en salles.<\/p>\n<p>L\u2019autre dimanche, c\u2019est\u00a0<em>True Grit <\/em>qui \u00e9tait sur la selle(tte). Peut-\u00eatre pas le meilleur film des fr\u00e8res Coen, mais de la belle ouvrage, et fine, \u201crevisitant\u201d le western avec un sens du d\u00e9tail historique, de la v\u00e9rit\u00e9 humaine et donc de l\u2019humour qui en remontrerait \u00e0 beaucoup de \u201cpapes\u201d du cin\u00e9ma classique.<\/p>\n<p>Comme l\u2019ont r\u00e9p\u00e9t\u00e9 partout mais poliment les fr\u00e8res Coen en promo, non, leur film n\u2019est pas un remake de\u00a0<em>100 dollars pour un sh\u00e9rif <\/em>(Henry Hathaway, 1969) mais une nouvelle adaptation du roman de Charles Portis (1968). On comprend ce souci de la pr\u00e9cision : le film de Hathaway est un nanar, sympathique certes, mais quand m\u00eame universellement oubli\u00e9 depuis quarante ans et non sans raison.<\/p>\n<p>Il s\u2019est pourtant trouv\u00e9 ce dimanche soir-l\u00e0, autour de la table de Beigbeder, quelques personnages assez snobs pour pr\u00e9f\u00e9rer l\u2019\u201coriginal\u201d banal \u00e0 la \u201ccopie\u201d inspir\u00e9e. Une majorit\u00e9, m\u00eame: seule Marie Sauvion, du\u00a0<em>Parisien<\/em>, d\u00e9fendra convenablement le<em>True Grit <\/em>des Coen, subtil dans la l\u00e9g\u00e8ret\u00e9 du d\u00e9but comme dans l\u2019\u00e9motion de la fin.<\/p>\n<p>En face, le journaliste de\u00a0<em>Positif <\/em>nous explique s\u00e9rieusement comme quoi\u00a0<em>100 dollars<\/em>\u2026 serait une sorte de conte visionnaire, et son remake coenien une pi\u00e8tre machinerie.<\/p>\n<p>Lui au moins, il a une excuse : l\u00e0 o\u00f9 il travaille, imagine-t-on, l\u2019absence de posture doit relever de la faute professionnelle. Mais quid de sa consoeur de Match, qui vote aussi Hathaway ? Sans parler de l\u2019ami \u00c9ric Neuhoff, du\u00a0<em>Figaro<\/em>, qui dit n\u2019avoir\u00a0<em>\u00ab rien vu des fr\u00e8res Coen l\u00e0-dedans \u00bb<\/em>. Il \u00e9tait derri\u00e8re une dame \u00e0 chapeau ou quoi ?<\/p>\n<p>Moi, en tout cas, je n\u2019ai rien dit de tout \u00e7a \u00e0 Jo\u00ebl et \u00e0 Ethan, vous pensez bien ! D\u00e9j\u00e0 que c\u2019est dur pour eux d\u2019avoir eu z\u00e9ro oscar\u2026<\/p>\n<p>Publi\u00e9 dans <a href=\"http:\/\/www.valeursactuelles.com\/culture\/t%C3%A9l%C3%A9vision\/autour-%E2%80%9Ccercle%E2%80%9D20110310.html\">Valeurs Actuelles<\/a>, le 10 mars 2011.<\/p>\n","protected":false},"excerpt":{"rendered":"<p>Le dimanche soir \u00e0 partir de 19h50, sur Canal Plus Cin\u00e9ma, Fr\u00e9d\u00e9ric Beigbeder nous re\u00e7oit dans son Cercle pour parler de l\u2019actualit\u00e9 cin\u00e9matographique, comme le nom de la cha\u00eene l\u2019indique. Mais bien s\u00fbr, ricanera-t-on : Beigbeder parlant de cin\u00e9ma, quoi de plus normal ? Le para\u00eetre parle du para\u00eetre\u2026<\/p>\n","protected":false},"author":9,"featured_media":0,"comment_status":"open","ping_status":"closed","sticky":false,"template":"","format":"standard","meta":{"footnotes":""},"categories":[11],"tags":[85,88],"class_list":{"0":"post-1164","1":"post","2":"type-post","3":"status-publish","4":"format-standard","6":"category-opinions","7":"tag-frederic-beigbeder","8":"tag-freres-coen"},"_links":{"self":[{"href":"https:\/\/blog.causeur.fr\/asiledeblog\/wp-json\/wp\/v2\/posts\/1164","targetHints":{"allow":["GET"]}}],"collection":[{"href":"https:\/\/blog.causeur.fr\/asiledeblog\/wp-json\/wp\/v2\/posts"}],"about":[{"href":"https:\/\/blog.causeur.fr\/asiledeblog\/wp-json\/wp\/v2\/types\/post"}],"author":[{"embeddable":true,"href":"https:\/\/blog.causeur.fr\/asiledeblog\/wp-json\/wp\/v2\/users\/9"}],"replies":[{"embeddable":true,"href":"https:\/\/blog.causeur.fr\/asiledeblog\/wp-json\/wp\/v2\/comments?post=1164"}],"version-history":[{"count":0,"href":"https:\/\/blog.causeur.fr\/asiledeblog\/wp-json\/wp\/v2\/posts\/1164\/revisions"}],"wp:attachment":[{"href":"https:\/\/blog.causeur.fr\/asiledeblog\/wp-json\/wp\/v2\/media?parent=1164"}],"wp:term":[{"taxonomy":"category","embeddable":true,"href":"https:\/\/blog.causeur.fr\/asiledeblog\/wp-json\/wp\/v2\/categories?post=1164"},{"taxonomy":"post_tag","embeddable":true,"href":"https:\/\/blog.causeur.fr\/asiledeblog\/wp-json\/wp\/v2\/tags?post=1164"}],"curies":[{"name":"wp","href":"https:\/\/api.w.org\/{rel}","templated":true}]}}