{"id":1205,"date":"2010-07-08T21:08:19","date_gmt":"2010-07-08T19:08:19","guid":{"rendered":"http:\/\/carnet.causeur.fr\/asiledeblog\/?p=9"},"modified":"2021-04-26T12:57:59","modified_gmt":"2021-04-26T10:57:59","slug":"zapping-estival","status":"publish","type":"post","link":"https:\/\/blog.causeur.fr\/asiledeblog\/zapping-estival-1205","title":{"rendered":"Zapping estival"},"content":{"rendered":"<div>\n<p><a href=\"http:\/\/blog.causeur.fr\/asiledeblog\/files\/2010\/10\/arthur_home.jpg\"><img loading=\"lazy\" decoding=\"async\" class=\"size-medium wp-image-12 alignleft\" src=\"http:\/\/carnet.causeur.fr\/asiledeblog\/files\/2010\/10\/arthur_home-300x233.jpg\" alt=\"Arthur\" width=\"240\" height=\"186\" srcset=\"https:\/\/blog.causeur.fr\/asiledeblog\/wp-content\/uploads\/sites\/10\/2010\/10\/arthur_home-300x233.jpg 300w, https:\/\/blog.causeur.fr\/asiledeblog\/wp-content\/uploads\/sites\/10\/2010\/10\/arthur_home.jpg 440w\" sizes=\"auto, (max-width: 240px) 100vw, 240px\" \/><\/a><\/p>\n<p><span style=\"font-size: 13.3333px\">J\u2019\u00e9tais \u00e0 la recherche d\u2019une id\u00e9e pour cette derni\u00e8re chronique avant l\u2019autoroute des vacances, comme disait le po\u00e8te. Pas \u00e9vident\u2006! Depuis la fin juin, tous les salons t\u00e9l\u00e9visuels o\u00f9 l\u2019on pense sont ferm\u00e9s pour l\u2019\u00e9t\u00e9, de Giesbert \u00e0 Tadde\u00ef en passant par Calvi (l\u2019animateur, pas la ville\u2006!)<br \/>\n<\/span>\u00c0 signaler pourtant un documentaire poignant, diffus\u00e9 l\u2019autre jeudi sur France 2, \u00e0 22\u2006h\u200645. Sans blessures apparentes nous montrait, au fil de t\u00e9moignages souvent hant\u00e9s, comment certains traumatismes psychologiques provoqu\u00e9s par la guerre restent d\u2019ingu\u00e9rissables blessures. <!--more-->Un para au Rwanda, une femme m\u00e9decin en Afghanistan, un grand reporter qui \u201ccouvrit\u201d la guerre au Liban\u2006: tous racontent dans quelles affres les plonge encore le souvenir obs\u00e9dant des horreurs auxquelles ils furent confront\u00e9s. Explosions, charniers, corps d\u2019enfants empaquet\u00e9s dans des camions frigorifiques\u2026 Ces gens-l\u00e0 ont vu la mort en face et, m\u00eame si ce n\u2019\u00e9tait pas la leur, ils n\u2019en sont jamais revenus tout \u00e0 fait.<\/p>\n<p><!--more--><\/p>\n<\/div>\n<div>Le lendemain, vendredi (25 juin, \u00e0 23\u2006h\u200630), Canal Plus nous proposait une enqu\u00eate tout aussi captivante, mais gu\u00e8re plus r\u00e9jouissante, sur l\u2019assassinat des moines de Tib\u00e9hirine (1996).<\/div>\n<div>\u00c0 vrai dire, ce num\u00e9ro de Sp\u00e9cial investigation avait d\u00e9j\u00e0 \u00e9t\u00e9 diffus\u00e9 en avril. Mais depuis lors, il a retrouv\u00e9 une actualit\u00e9 avec le Grand Prix d\u00e9cern\u00e9 \u00e0 Cannes \u00e0 Des hommes et Des dieux, un film de Xavier Beauvois sur le sujet. Ou plus pr\u00e9cis\u00e9ment \u00e0 c\u00f4t\u00e9 du sujet puisque, para\u00eet-il, le film s\u2019ar r\u00eate l\u00e0 o\u00f9 commence le drame\u2026<\/div>\n<div>\u00c0 en croire les enqu\u00eateurs de Canal Plus, les services secrets alg\u00e9riens ne seraient pas \u00e9trangers \u00e0 cette tuerie, revendiqu\u00e9e en son temps par les islamistes du GIA\u2006; quant \u00e0 la France, pour des raisons diplomatiques, elle aurait cru bon de taire ce qu\u2019elle avait les moyens de savoir\u2026 Bref, nos sept religieux seraient morts en martyrs non seulement de leur foi, mais de la raison d\u2019\u00c9tat.<\/div>\n<div>Passionnant, tout cela \u2013 mais pas tr\u00e8s raccord avec mon projet d\u2019une chronique esti vale et ensoleill\u00e9e. Alors, je me suis repli\u00e9 sur le best of de On n\u2019est pas couch\u00e9. Bien m\u2019en a pris, car j\u2019y ai d\u00e9nich\u00e9 une perle qui m\u2019avait \u00e9chapp\u00e9\u2006: l\u2019\u00e9change entre Naulleau et Arthur \u00e0 propos du spectacle \u201ccomique\u201d de ce dernier \u2013 connu pour n\u2019accepter la critique que dithyrambique.<\/div>\n<div>H\u00e9las\u2006! Si Naulleau reconna\u00eet \u00e0 Arthur des talents d\u2019acteur, c\u2019est pour ajouter aussit\u00f4t que \u00ab le texte ne suit pas\u2006! Le portable, la bagnole, les relations hommes-femmes, on a vu \u00e7a cent fois\u2026 \u00bb<\/div>\n<div>La r\u00e9plique d\u2019Arthur tombe aussit\u00f4t \u2013 un peu comme si elle avait \u00e9t\u00e9 pr\u00e9par\u00e9e \u00e0 l\u2019avance\u2006: \u00ab Tout le monde rit, sauf Naulleau\u2006! Il est juste \u201cdiff\u00e9rent\u201d, pas comme nous\u2026 \u00bb Traduction\u2006: pour ne pas se gondoler \u00e0 mes bonnes blagues, il faut \u00eatre un d\u00e9 bile profond.<\/div>\n<p>J\u2019\u00e9tais \u00e0 la recherche d\u2019une id\u00e9e pour cette derni\u00e8re chronique avant l\u2019autoroute des vacances, comme disait le po\u00e8te. Pas \u00e9vident\u2006! Depuis la fin juin, tous les salons t\u00e9l\u00e9visuels o\u00f9 l\u2019on pense sont ferm\u00e9s pour l\u2019\u00e9t\u00e9, de Giesbert \u00e0 Tadde\u00ef en passant par Calvi (l\u2019animateur, pas la ville\u2006!)<br \/>\n\u00c0 signaler pourtant un documentaire poignant, diffus\u00e9 l\u2019autre jeudi sur France 2, \u00e0 22\u2006h\u200645. Sans blessures apparentes nous montrait, au fil de t\u00e9moignages souvent hant\u00e9s, comment certains traumatismes psychologiques provoqu\u00e9s par la guerre restent d\u2019ingu\u00e9rissables blessures.<\/p>\n<p>Un para au Rwanda, une femme m\u00e9decin en Afghanistan, un grand reporter qui \u201ccouvrit\u201d la guerre au Liban\u2006: tous racontent dans quelles affres les plonge encore le souvenir obs\u00e9dant des horreurs auxquelles ils furent confront\u00e9s. Explosions, charniers, corps d\u2019enfants empaquet\u00e9s dans des camions frigorifiques\u2026 Ces gens-l\u00e0 ont vu la mort en face et, m\u00eame si ce n\u2019\u00e9tait pas la leur, ils n\u2019en sont jamais revenus tout \u00e0 fait.<br \/>\nLe lendemain, vendredi (25 juin, \u00e0 23\u2006h\u200630), Canal Plus nous proposait une enqu\u00eate tout aussi captivante, mais gu\u00e8re plus r\u00e9jouissante, sur l\u2019assassinat des moines de Tib\u00e9hirine (1996).<\/p>\n<p>\u00c0 vrai dire, ce num\u00e9ro de Sp\u00e9cial investigation avait d\u00e9j\u00e0 \u00e9t\u00e9 diffus\u00e9 en avril. Mais depuis lors, il a retrouv\u00e9 une actualit\u00e9 avec le Grand Prix d\u00e9cern\u00e9 \u00e0 Cannes \u00e0 Des hommes et Des dieux, un film de Xavier Beauvois sur le sujet. Ou plus pr\u00e9cis\u00e9ment \u00e0 c\u00f4t\u00e9 du sujet puisque, para\u00eet-il, le film s\u2019ar r\u00eate l\u00e0 o\u00f9 commence le drame\u2026<\/p>\n<p>\u00c0 en croire les enqu\u00eateurs de Canal Plus, les services secrets alg\u00e9riens ne seraient pas \u00e9trangers \u00e0 cette tuerie, revendiqu\u00e9e en son temps par les islamistes du GIA\u2006; quant \u00e0 la France, pour des raisons diplomatiques, elle aurait cru bon de taire ce qu\u2019elle avait les moyens de savoir\u2026 Bref, nos sept religieux seraient morts en martyrs non seulement de leur foi, mais de la raison d\u2019\u00c9tat.<\/p>\n<p>Passionnant, tout cela \u2013 mais pas tr\u00e8s raccord avec mon projet d\u2019une chronique esti vale et ensoleill\u00e9e. Alors, je me suis repli\u00e9 sur le best of de On n\u2019est pas couch\u00e9. Bien m\u2019en a pris, car j\u2019y ai d\u00e9nich\u00e9 une perle qui m\u2019avait \u00e9chapp\u00e9\u2006: l\u2019\u00e9change entre Naulleau et Arthur \u00e0 propos du spectacle \u201ccomique\u201d de ce dernier \u2013 connu pour n\u2019accepter la critique que dithyrambique.<br \/>\nH\u00e9las\u2006! Si Naulleau reconna\u00eet \u00e0 Arthur des talents d\u2019acteur, c\u2019est pour ajouter aussit\u00f4t que \u00ab le texte ne suit pas\u2006! Le portable, la bagnole, les relations hommes-femmes, on a vu \u00e7a cent fois\u2026 \u00bb<\/p>\n<p>La r\u00e9plique d\u2019Arthur tombe aussit\u00f4t \u2013 un peu comme si elle avait \u00e9t\u00e9 pr\u00e9par\u00e9e \u00e0 l\u2019avance\u2006: \u00ab Tout le monde rit, sauf Naulleau\u2006! Il est juste \u201cdiff\u00e9rent\u201d, pas comme nous\u2026 \u00bb Traduction\u2006: pour ne pas se gondoler \u00e0 mes bonnes blagues, il faut \u00eatre un d\u00e9 bile profond.<\/p>\n<p><em>(Publi\u00e9 dans <\/em><a href=\"http:\/\/www.valeursactuelles.com\/\"><em>Valeurs Actuelles<\/em><\/a><em>\/T\u00e9l\u00e9subjectif, le 8 juillet 2010)<\/em><\/p>\n","protected":false},"excerpt":{"rendered":"<p>J\u2019\u00e9tais \u00e0 la recherche d\u2019une id\u00e9e pour cette derni\u00e8re chronique avant l\u2019autoroute des vacances, comme disait le po\u00e8te. Pas \u00e9vident\u2006! Depuis la fin juin, tous les salons t\u00e9l\u00e9visuels o\u00f9 l\u2019on pense sont ferm\u00e9s pour l\u2019\u00e9t\u00e9, de Giesbert \u00e0 Tadde\u00ef en passant par Calvi (l\u2019animateur, pas la ville\u2006!) \u00c0 signaler pourtant un documentaire poignant, diffus\u00e9 l\u2019autre [&hellip;]<\/p>\n","protected":false},"author":9,"featured_media":0,"comment_status":"open","ping_status":"closed","sticky":false,"template":"","format":"standard","meta":{"footnotes":""},"categories":[11],"tags":[32,46,76,130,198,155],"class_list":{"0":"post-1205","1":"post","2":"type-post","3":"status-publish","4":"format-standard","6":"category-opinions","7":"tag-arthur","8":"tag-cannes","9":"tag-eric-naulleau","10":"tag-liban","11":"tag-rwanda","12":"tag-tibehirine"},"_links":{"self":[{"href":"https:\/\/blog.causeur.fr\/asiledeblog\/wp-json\/wp\/v2\/posts\/1205","targetHints":{"allow":["GET"]}}],"collection":[{"href":"https:\/\/blog.causeur.fr\/asiledeblog\/wp-json\/wp\/v2\/posts"}],"about":[{"href":"https:\/\/blog.causeur.fr\/asiledeblog\/wp-json\/wp\/v2\/types\/post"}],"author":[{"embeddable":true,"href":"https:\/\/blog.causeur.fr\/asiledeblog\/wp-json\/wp\/v2\/users\/9"}],"replies":[{"embeddable":true,"href":"https:\/\/blog.causeur.fr\/asiledeblog\/wp-json\/wp\/v2\/comments?post=1205"}],"version-history":[{"count":0,"href":"https:\/\/blog.causeur.fr\/asiledeblog\/wp-json\/wp\/v2\/posts\/1205\/revisions"}],"wp:attachment":[{"href":"https:\/\/blog.causeur.fr\/asiledeblog\/wp-json\/wp\/v2\/media?parent=1205"}],"wp:term":[{"taxonomy":"category","embeddable":true,"href":"https:\/\/blog.causeur.fr\/asiledeblog\/wp-json\/wp\/v2\/categories?post=1205"},{"taxonomy":"post_tag","embeddable":true,"href":"https:\/\/blog.causeur.fr\/asiledeblog\/wp-json\/wp\/v2\/tags?post=1205"}],"curies":[{"name":"wp","href":"https:\/\/api.w.org\/{rel}","templated":true}]}}