{"id":123,"date":"2010-09-28T16:39:15","date_gmt":"2010-09-28T14:39:15","guid":{"rendered":"http:\/\/carnet.causeur.fr\/asiledeblog\/?p=123"},"modified":"2021-04-26T12:57:59","modified_gmt":"2021-04-26T10:57:59","slug":"autocritique","status":"publish","type":"post","link":"https:\/\/blog.causeur.fr\/asiledeblog\/autocritique-123","title":{"rendered":"Autocritique"},"content":{"rendered":"<p style=\"text-align: left\"><strong>On n\u2019est jamais mieux lu que par soi-m\u00eame<\/strong><\/p>\n<p style=\"text-align: left\"><a href=\"http:\/\/blog.causeur.fr\/asiledeblog\/files\/2010\/10\/97820812228471.jpeg\"><img loading=\"lazy\" decoding=\"async\" class=\"size-full wp-image-145 alignleft\" src=\"http:\/\/blog.causeur.fr\/asiledeblog\/files\/2010\/10\/97820812228471.jpeg\" alt=\"\" width=\"201\" height=\"276\" \/><\/a><\/p>\n<p style=\"text-align: left\">\n<p style=\"text-align: left\">Le pire, quand on a \u00e9crit un bouquin, c\u2019est \u00a0les questions d\u00e9biles auxquelles il faut \u00a0r\u00e9pondre, genre\u00a0: \u00ab\u00a0Pourquoi avez-vous \u00a0\u00e9crit ce livre\u00a0?\u00a0\u00bb ou, pire encore\u00a0: \u00a0 \u00ab\u00a0Pourquoi ce livre\u00a0? Et pourquoi vous\u00a0?\u00a0\u00bb<\/p>\n<p style=\"text-align: left\">\n<p style=\"text-align: left\">\n<p style=\"text-align: left\">\n<p style=\"text-align: left\">\n<p style=\"text-align: left\">\n<p style=\"text-align: left\">La premi\u00e8re r\u00e9ponse qui me vienne \u00e0 \u00a0l\u2019esprit tient tout enti\u00e8re dans ce mot \u00a0 d\u2019Oscar Wilde\u00a0: \u00ab\u00a0Tout ce qui vous arrive \u00a0vous ressemble\u00a0!\u00a0\u00bb. Et avec tout ce qui \u00a0m\u2019est arriv\u00e9, sans me vanter, je pourrais en \u00a0remontrer \u00e0 n\u2019importe qui question \u00a0inculture g\u00e9n\u00e9rale.<!--more--><\/p>\n<p style=\"text-align: left\">Lorsque j\u2019\u00e9tais \u00e9tudiant, il me fallait bien \u00a0gagner un peu d\u2019argent\u00a0; et comme \u00e0 \u00a0l\u2019\u00e9poque l\u2019EPAD n\u2019existait pas encore, eh \u00a0bien je donnais des cours particuliers.<\/p>\n<p style=\"text-align: left\">Mais mes besoins financiers ne cessaient \u00a0d\u2019augmenter, \u00e0 tel point que j\u2019ai \u00a0finalement \u00e9t\u00e9 contraint d\u2019enseigner aussi \u00a0des mati\u00e8res que je n\u2019avais jamais \u00a0apprises, comme par exemple l\u2019allemand.<\/p>\n<p style=\"text-align: left\">Bien s\u00fbr, je m\u2019\u00e9tais fix\u00e9 quelques r\u00e8gles \u00a0d\u00e9ontologiques de base. Je n\u2019acceptais \u00a0comme \u00e9l\u00e8ves que des d\u00e9butants de 6\u00e8me, \u00a0et jamais plus intelligents que moi.<\/p>\n<p style=\"text-align: left\">Dans ces conditions, \u00e7a ne pouvait que marcher\u00a0; m\u00eame les parents s\u2019extasiaient sur cette p\u00e9dagogie subtile\u00a0: se mettre au niveau de l\u2019\u00e9l\u00e8ve, pour mieux l\u2019accompagner dans sa d\u00e9couverte de la langue de Goethe et de Tokio Hotel.<\/p>\n<p style=\"text-align: left\">Un peu plus tard, j\u2019ai d\u00e9croch\u00e9 mon premier vrai boulot\u00a0: professeur d\u2019histoire-g\u00e9ographie dans une \u00e9cole d\u2019\u00e9lectronique.<\/p>\n<p style=\"text-align: left\">L\u2019histoire \u00e9tait pourtant la seule mati\u00e8re o\u00f9 je n\u2019avais pas eu la moyenne au bac, et pour cause\u00a0: j\u2019avais fait l\u2019impasse sur la R\u00e9volution fran\u00e7aise\u00a0!<\/p>\n<p style=\"text-align: left\">Mais il y a des gr\u00e2ces d\u2019Etat\u00a0: dans cette \u00e9cole d\u2019\u00e9lectronique, l\u2019histoire-g\u00e9o ne comptait pas pour passer dans la classe sup\u00e9rieure, et mes \u00e9l\u00e8ves n\u2019ont pas tard\u00e9 \u00e0 me le faire savoir par tous moyens. Bref, ils s\u2019en foutaient, mais pas autant que moi \u2013 et sur ces bases <!--more-->on n\u2019a pas eu trop de mal \u00e0 s\u2019entendre.<\/p>\n<p style=\"text-align: left\">Et puis j\u2019ai fait mes premi\u00e8res armes en tant que n\u00e8gre d\u2019hommes politiques avec le regrett\u00e9 Raymond Barre. En ce temps-l\u00e0, Raymond \u00e9tait Premier ministre, et il devait prendre la parole dans, je cite, \u00ab\u00a0un grand meeting des Jeunes Centristes\u00a0\u00bb. J\u2019ai tout de suite senti qu\u2019il y avait un loup.<\/p>\n<p style=\"text-align: left\">En fait, ces gens-l\u00e0 ne se faisaient gu\u00e8re d\u2019illusion sur leurs capacit\u00e9s de mobilisation\u00a0: dans toute la France, ils avaient affr\u00e9t\u00e9 des cars pour faire monter des jeunes \u00e0 Paris, en leur promettant un bon repas chaud et un concert gratuit de Chuck Berry\u00a0!<\/p>\n<p style=\"text-align: left\">Mais l\u00e0 encore, probl\u00e8me d\u2019inculture\u00a0: Raymond n\u2019avait jamais entendu parler de Chuck\u00a0! On a eu beau essayer de le raisonner, rien \u00e0 faire\u2026 Pas question pour lui de se produire en premi\u00e8re partie\u00a0: Raymond voulait la vedette\u00a0!<\/p>\n<p style=\"text-align: left\">Alors, ce qui devait arriver arriva. Apr\u00e8s le set de Chuck Berry, les gradins se sont vid\u00e9s en moins de temps qu\u2019il ne faut pour chanter \u00ab\u00a0Johnny B. Goode\u00a0\u00bb. Et c\u2019est devant une salle aux trois quarts vide que Barre a lanc\u00e9 son Appel \u00e0 la jeunesse de France.<\/p>\n<p style=\"text-align: left\">Puisque j\u2019en suis aux r\u00e9v\u00e9lations, allons-y\u00a0! Au fil de ma carri\u00e8re, peu de gens le savent, j\u2019ai aussi \u00e9t\u00e9 amen\u00e9 \u00e0 travailler, entre autres, pour un certain Charles P\u2026 au minist\u00e8re de l\u2019I\u2026<\/p>\n<p style=\"text-align: left\">L\u00e0-bas, il arrivait parfois qu\u2019on me cherche \u2013 notamment le matin. Ma secr\u00e9taire avait alors pour consigne de r\u00e9pondre que j\u2019\u00e9tais \u00e0 la biblioth\u00e8que de l\u2019Assembl\u00e9e nationale, en train de ciseler un discours pour le ministre. En fait bien s\u00fbr je dormais profond\u00e9ment, apr\u00e8s une dure nuit de sociologie du nightclubbing.<\/p>\n<p style=\"text-align: left\">C\u2019est de cette riche exp\u00e9rience en mati\u00e8re d\u2019inculture g\u00e9n\u00e9rale que j\u2019ai souhait\u00e9 faire profiter aujourd\u2019hui mes contemporains. Une d\u00e9marche humaniste au sens plein du terme, puisqu\u2019elle n\u2019a d\u2019autre but que l\u2019\u00e9l\u00e9vation de l\u2019homme.<\/p>\n<p style=\"text-align: left\">El\u00e9vation spirituelle bien s\u00fbr, comme l\u2019ensemble de mon \u0153uvre. Mais \u00e9l\u00e9vation sociale aussi\u00a0: gr\u00e2ce \u00e0 ce petit livre vert, plus jamais vous n\u2019aurez l\u2019air ridicule en soci\u00e9t\u00e9. \u00ab\u00a0La culture, c\u2019est ce qui reste quand on a tout oubli\u00e9\u00a0\u00bb, disait \u00c9douard Herriot. Eh bien, avec moi, vous pourrez faire mine d\u2019avoir oubli\u00e9 tout ce qu\u2019en fait vous n\u2019avez jamais su\u00a0!<\/p>\n<p style=\"text-align: left\">Paru sur <a href=\"http:\/\/www.causeur.fr\/autocritique,3205\">Causeur.fr<\/a>.<\/p>\n","protected":false},"excerpt":{"rendered":"<p>On n\u2019est jamais mieux lu que par soi-m\u00eame Le pire, quand on a \u00e9crit un bouquin, c\u2019est \u00a0les questions d\u00e9biles auxquelles il faut \u00a0r\u00e9pondre, genre\u00a0: \u00ab\u00a0Pourquoi avez-vous \u00a0\u00e9crit ce livre\u00a0?\u00a0\u00bb ou, pire encore\u00a0: \u00a0 \u00ab\u00a0Pourquoi ce livre\u00a0? Et pourquoi vous\u00a0?\u00a0\u00bb La premi\u00e8re r\u00e9ponse qui me vienne \u00e0 \u00a0l\u2019esprit tient tout enti\u00e8re dans ce mot \u00a0 [&hellip;]<\/p>\n","protected":false},"author":9,"featured_media":0,"comment_status":"open","ping_status":"closed","sticky":false,"template":"","format":"standard","meta":{"footnotes":""},"categories":[11],"tags":[38,51,137,169],"class_list":{"0":"post-123","1":"post","2":"type-post","3":"status-publish","4":"format-standard","6":"category-opinions","7":"tag-basile-de-koch","8":"tag-charles-pasqua","9":"tag-manuel-dinculture-generale","10":"tag-oscar-wilde"},"_links":{"self":[{"href":"https:\/\/blog.causeur.fr\/asiledeblog\/wp-json\/wp\/v2\/posts\/123","targetHints":{"allow":["GET"]}}],"collection":[{"href":"https:\/\/blog.causeur.fr\/asiledeblog\/wp-json\/wp\/v2\/posts"}],"about":[{"href":"https:\/\/blog.causeur.fr\/asiledeblog\/wp-json\/wp\/v2\/types\/post"}],"author":[{"embeddable":true,"href":"https:\/\/blog.causeur.fr\/asiledeblog\/wp-json\/wp\/v2\/users\/9"}],"replies":[{"embeddable":true,"href":"https:\/\/blog.causeur.fr\/asiledeblog\/wp-json\/wp\/v2\/comments?post=123"}],"version-history":[{"count":0,"href":"https:\/\/blog.causeur.fr\/asiledeblog\/wp-json\/wp\/v2\/posts\/123\/revisions"}],"wp:attachment":[{"href":"https:\/\/blog.causeur.fr\/asiledeblog\/wp-json\/wp\/v2\/media?parent=123"}],"wp:term":[{"taxonomy":"category","embeddable":true,"href":"https:\/\/blog.causeur.fr\/asiledeblog\/wp-json\/wp\/v2\/categories?post=123"},{"taxonomy":"post_tag","embeddable":true,"href":"https:\/\/blog.causeur.fr\/asiledeblog\/wp-json\/wp\/v2\/tags?post=123"}],"curies":[{"name":"wp","href":"https:\/\/api.w.org\/{rel}","templated":true}]}}