{"id":1244,"date":"2011-03-24T15:25:05","date_gmt":"2011-03-24T13:25:05","guid":{"rendered":"http:\/\/carnet.causeur.fr\/asiledeblog\/?p=1244"},"modified":"2021-04-26T12:57:45","modified_gmt":"2021-04-26T10:57:45","slug":"y-a-t-il-une-vie-apres-le-fmi-2","status":"publish","type":"post","link":"https:\/\/blog.causeur.fr\/asiledeblog\/y-a-t-il-une-vie-apres-le-fmi-2-1244","title":{"rendered":"Y a-t-il une vie apr\u00e8s le FMI ?"},"content":{"rendered":"<p><a href=\"http:\/\/blog.causeur.fr\/asiledeblog\/files\/2011\/03\/DSK.png\"><img loading=\"lazy\" decoding=\"async\" class=\"alignleft size-full wp-image-1245\" src=\"http:\/\/blog.causeur.fr\/asiledeblog\/files\/2011\/03\/DSK.png\" alt=\"\" width=\"250\" height=\"184\" \/><\/a>Vu pour vous, et je p\u00e8se mes mots, un documentaire tr\u00e8s attendu l\u2019autre dimanche sur Canal Plus :\u00a0<em>Un an avec DSK<\/em>. Deux journalistes ont suivi pendant un an le patron du FMI ; et qui donc ont-ils trouv\u00e9 pour commenter leurs images en plateau ? DSK en personne, il fallait y penser ! <!--more--><\/p>\n<p>L\u2019affaire, si j\u2019en crois\u00a0<em>T\u00e9l\u00e9Obs<\/em>, s\u2019est goupill\u00e9e en novembre 2009. Dans l\u2019optique d\u2019une \u00e9ventuelle candidature pr\u00e9sidentielle ? Pas du tout, rectifie sans rire un membre de l\u2019entourage \u201cd\u00e9eskien\u201d : il s\u2019agissait de\u00a0<em>\u00ab corriger la fausse image du FMI \u00bb<\/em>. Sauf que le doc ne nous apprend rien de rien sur le fonctionnement de cette honorable institution. Le sujet, c\u2019est ce qu\u2019y fait son directeur et, surtout, ce qu\u2019en th\u00e9orie il n\u2019a pas le droit d\u2019y faire sous peine de licenciement sec : de la politique en g\u00e9n\u00e9ral, et en particulier sa campagne pour la primaire socialiste de la pr\u00e9sidentielle fran\u00e7aise de 2012\u2026<\/p>\n<p>Telle est pourtant la d\u00e9marche de DSK, aujourd\u2019hui plus qu\u2019hier et bien moins que demain : pr\u00e9parer depuis Washington son \u00e9ventuelle marche sur l\u2019\u00c9lys\u00e9e. Pour les primaires, Dominique croyait avoir jusqu\u2019\u00e0 octobre-novembre.<\/p>\n<p>Eh bien, figurez-vous qu\u2019\u00e0 cause de cette (bip) de Martine Aubry, il va lui falloir se d\u00e9clarer au plus tard en juin, c\u2019est-\u00e0-dire avant la fin de son mandat au FMI. C\u2019est malin !<\/p>\n<p>Raison de plus, en tout cas, pour utiliser ce doc dans son \u201cplan com\u201d. La cam\u00e9ra de Canal Plus \u201csurprend\u201d donc Anne et Dominique chez eux en train de se pr\u00e9parer, en toute simplicit\u00e9, un d\u00eener l\u00e9ger : monsieur retourne les steaks, madame touille la salade, et tout \u00e7a, n\u2019est-ce pas, nous les rend tellement proches.<\/p>\n<p>M\u00eame quand il sillonne le monde, nous raconte Canal, DSK continue de penser \u00e0 nous. La preuve : il n\u2019oublie jamais d\u2019embarquer un photographe de Match ou de Gala, histoire d\u2019envoyer une petite carte postale aux Fran\u00e7ais. Et s\u2019il aime la France, elle le lui rend bien, \u00e0 l\u2019en croire du moins :<em>\u00ab J\u2019ai rencontr\u00e9 des gens dans la rue, ils m\u2019arr\u00eatent, je vois bien qu\u2019il y a une attente\u2026\u00bb<\/em>.<\/p>\n<p>Avec son grand coeur, comment DSK ne r\u00e9pondrait-il pas \u00e0 cette attente ? Eh bien en fait, dans une seule hypoth\u00e8se : s\u2019il risquait vraiment de se faire bananer aux primaires, comme en 2006 avec cette\u00a0<em>(bipbip) <\/em>de S\u00e9gol\u00e8ne !<\/p>\n<p>En attendant, c\u2019est son entourage washingtonien qui se charge de sa pr\u00e9-pr\u00e9campagne :\u00a0<em>\u00ab Quand la France aura besoin de lui, DSK r\u00e9pondra pr\u00e9sent \u00bb<\/em>, pronostique un ami avocat ; un autre, sp\u00e9cialiste \u00e8s sondages, se fait plus pr\u00e9cis :\u00a0<em>\u00ab Il correspond aux attentes du pays aujourd\u2019hui ! \u00bb<\/em><\/p>\n<p>Bref, un documentaire officiellement consacr\u00e9 \u00e0 l\u2019actuel directeur du FMI, mais o\u00f9 il n\u2019est question que de l\u2019\u00e9ventuel candidat \u00e0 la prochaine pr\u00e9sidentielle. Apparemment, ledit FMI n\u2019y a vu que du bleu, et c\u2019est tant mieux ! Il serait injuste de nuire en quoi que ce soit \u00e0 la carri\u00e8re actuelle de DSK sans \u00eatre tout \u00e0 fait s\u00fbr qu\u2019il en aura une autre.<\/p>\n<p>Publi\u00e9 pour <a href=\"http:\/\/www.valeursactuelles.com\/culture\/t%C3%A9l%C3%A9vision\/y-t-il-une-vie-apr%C3%A8s-fmi20110324.html\">Valeurs Actuelles<\/a>, le 24 mars 2011<\/p>\n","protected":false},"excerpt":{"rendered":"<p>Vu pour vous, et je p\u00e8se mes mots, un documentaire tr\u00e8s attendu l\u2019autre dimanche sur Canal Plus :\u00a0Un an avec DSK. Deux journalistes ont suivi pendant un an le patron du FMI ; et qui donc ont-ils trouv\u00e9 pour commenter leurs images en plateau ? DSK en personne, il fallait y penser !<\/p>\n","protected":false},"author":9,"featured_media":0,"comment_status":"open","ping_status":"closed","sticky":false,"template":"","format":"standard","meta":{"footnotes":""},"categories":[11],"tags":[69,177],"class_list":{"0":"post-1244","1":"post","2":"type-post","3":"status-publish","4":"format-standard","6":"category-opinions","7":"tag-dsk","8":"tag-presidentielles"},"_links":{"self":[{"href":"https:\/\/blog.causeur.fr\/asiledeblog\/wp-json\/wp\/v2\/posts\/1244","targetHints":{"allow":["GET"]}}],"collection":[{"href":"https:\/\/blog.causeur.fr\/asiledeblog\/wp-json\/wp\/v2\/posts"}],"about":[{"href":"https:\/\/blog.causeur.fr\/asiledeblog\/wp-json\/wp\/v2\/types\/post"}],"author":[{"embeddable":true,"href":"https:\/\/blog.causeur.fr\/asiledeblog\/wp-json\/wp\/v2\/users\/9"}],"replies":[{"embeddable":true,"href":"https:\/\/blog.causeur.fr\/asiledeblog\/wp-json\/wp\/v2\/comments?post=1244"}],"version-history":[{"count":0,"href":"https:\/\/blog.causeur.fr\/asiledeblog\/wp-json\/wp\/v2\/posts\/1244\/revisions"}],"wp:attachment":[{"href":"https:\/\/blog.causeur.fr\/asiledeblog\/wp-json\/wp\/v2\/media?parent=1244"}],"wp:term":[{"taxonomy":"category","embeddable":true,"href":"https:\/\/blog.causeur.fr\/asiledeblog\/wp-json\/wp\/v2\/categories?post=1244"},{"taxonomy":"post_tag","embeddable":true,"href":"https:\/\/blog.causeur.fr\/asiledeblog\/wp-json\/wp\/v2\/tags?post=1244"}],"curies":[{"name":"wp","href":"https:\/\/api.w.org\/{rel}","templated":true}]}}