{"id":1250,"date":"2011-04-06T11:43:32","date_gmt":"2011-04-06T11:43:32","guid":{"rendered":"http:\/\/blog.causeur.fr\/asiledeblog\/?p=1250"},"modified":"2021-04-26T12:57:45","modified_gmt":"2021-04-26T10:57:45","slug":"toutespeinesconfondue","status":"publish","type":"post","link":"https:\/\/blog.causeur.fr\/asiledeblog\/toutespeinesconfondue-1250","title":{"rendered":"Toutes peines confondues !"},"content":{"rendered":"<p style=\"text-align: left\"><a href=\"http:\/\/blog.causeur.fr\/asiledeblog\/files\/2011\/04\/Audiences-TV-France-2-a-la-peine-en-deuxieme-partie-de-soiree.jpeg\"><img loading=\"lazy\" decoding=\"async\" class=\"size-medium wp-image-1251 alignleft\" src=\"http:\/\/blog.causeur.fr\/asiledeblog\/files\/2011\/04\/Audiences-TV-France-2-a-la-peine-en-deuxieme-partie-de-soiree-300x202.jpg\" alt=\"\" width=\"300\" height=\"202\" srcset=\"https:\/\/blog.causeur.fr\/asiledeblog\/wp-content\/uploads\/sites\/10\/2011\/04\/Audiences-TV-France-2-a-la-peine-en-deuxieme-partie-de-soiree-300x202.jpg 300w, https:\/\/blog.causeur.fr\/asiledeblog\/wp-content\/uploads\/sites\/10\/2011\/04\/Audiences-TV-France-2-a-la-peine-en-deuxieme-partie-de-soiree.jpeg 470w\" sizes=\"auto, (max-width: 300px) 100vw, 300px\" \/><\/a> Une peine infinie\u2006: ainsi s\u2019appelle le documentaire sur la peine de mort sign\u00e9 David Andr\u00e9 que nous proposait France 2 jeudi dernier. En 1999, en Oklahoma, le r\u00e9alisateur avait interview\u00e9 un condamn\u00e9 \u00e0 mort quelques jours avant son ex\u00e9cution.\u00a0En 2010, il est revenu sur les lieux de ce \u201ccrime\u201d pour interroger toutes les parties prenantes\u2006: avec le recul, \u00e0 quoi \u00e7a sert vraiment la peine de mort\u2006? Faute d\u2019\u00eatre dissuasive, contribuerait-elle au moins \u00e0 soulager la dou\u00adleur des familles en deuil\u2006?\u00a0<!--more--><br \/>\nBien s\u00fbr que non\u2006! nous dit d\u2019embl\u00e9e le r\u00e9alisateur, qui ne met pas son Kleenex d\u2019abolitionniste dans sa poche. Mais pour engag\u00e9 qu\u2019il soit, son do\u00adcumentaire n\u2019en est pas moins honn\u00eate\u2006: il donne la parole \u00e0 tout le monde.<br \/>\nVoici donc l\u2019histoire de Sean Sellers qui, \u00e0 l\u2019\u00e2ge de 16 ans, a assassin\u00e9 froidement sa m\u00e8re et son beau-p\u00e8re (et en prime le g\u00e9rant d\u2019une sup\u00e9rette). Le truc, c\u2019est qu\u2019\u00e0 l\u2019\u00e9poque, sans doute mal conseill\u00e9, Sean s\u2019\u00e9tait plong\u00e9 dans le satanisme, \u00ab jusqu\u2019au point o\u00f9 je me suis dit que ce serait pas mal de tuer quelqu\u2019un. Et c\u2019est l\u00e0 que je l\u2019ai fait \u00bb.<br \/>\nCondamn\u00e9 \u00e0 la peine capitale deux ans plus tard, le jeune homme passera ensuite onze ann\u00e9es dans le \u201ccouloir de la mort\u201d \u2013 le temps pour lui d\u2019\u00e9puiser toutes les voies de recours. Plus de dix ans apr\u00e8s ce drame (entendez\u2006: l\u2019ex\u00e9cution du condamn\u00e9, pas les trois assassinats), David Andr\u00e9 sait pourtant faire parler assez \u00e9quitablement toutes les parties concern\u00e9es. Ainsi le fils et la fille du beau-p\u00e8re assassin\u00e9 ne regrettent-ils ni l\u2019un ni l\u2019autre l\u2019ex\u00e9cution du coupable\u2006: \u00ab \u00c7a me convient \u00bb, l\u00e2che sobrement le fils. \u00ab S\u2019il n\u2019\u00e9tait pas mort, pr\u00e9cise sa s\u0153ur, aujourd\u2019hui encore on l\u2019aurait devant nous tous les jours. \u00bb<br \/>\nLa tante de Sellers elle-m\u00eame l\u2019avoue avec une franchise \u00e9mou\u00advante\u2006: \u00ab Si \u00e7\u2019avait \u00e9t\u00e9 quelqu\u2019un d\u2019autre, on aurait r\u00e9clam\u00e9 la peine de mort\u2006! Mais quand c\u2019est quelqu\u2019un qu\u2019on aime, on ne sait plus quoi penser\u2026 \u00bb Son avocat, en revanche, dit \u00ab avoir perdu la foi dans la justice am\u00e9ricaine \u00bb, et le pasteur qui accompagnait les condamn\u00e9s dans leurs derniers instants y a re\u00adnon\u00adc\u00e9\u2006: trop dur moralement, dit-il.<br \/>\nDavid Andr\u00e9 est bien d\u2019accord, qui conclut son doc sur une phrase qui servira de titre\u2006: \u00ab La peine de mort est une peine infinie pour tout le monde. \u00bb Tout le monde sauf l\u2019ex-procureur, aujourd\u2019hui \u00e0 la retraite, mais toujours raide comme la justice. Le vieil homme ne regrette rien de rien, m\u00eame pas le fait d\u2019avoir obtenu la t\u00eate d\u2019un assassin mineur au moment des faits\u2006: \u00ab Il savait parfaitement ce qu\u2019il faisait. [\u2026] On ne peut pas laisser un enfant tuer ses parents et s\u2019en tirer\u2006! \u00bb En tant que parent, je suis plut\u00f4t d\u2019accord.<\/p>\n<p>Publi\u00e9 pour\u00a0<a href=\"http:\/\/www.valeursactuelles.com\/culture\/t%C3%A9l%C3%A9vision\/toutes-peines-confondues20110331.html\">Valeurs Actuelles<\/a>, le 31 mars 2011.<\/p>\n<p>&nbsp;<\/p>\n","protected":false},"excerpt":{"rendered":"<p>Une peine infinie\u2006: ainsi s\u2019appelle le documentaire sur la peine de mort sign\u00e9 David Andr\u00e9 que nous proposait France 2 jeudi dernier. En 1999, en Oklahoma, le r\u00e9alisateur avait interview\u00e9 un condamn\u00e9 \u00e0 mort quelques jours avant son ex\u00e9cution.\u00a0En 2010, il est revenu sur les lieux de ce \u201ccrime\u201d pour interroger toutes les parties prenantes\u2006: [&hellip;]<\/p>\n","protected":false},"author":9,"featured_media":0,"comment_status":"open","ping_status":"open","sticky":false,"template":"","format":"standard","meta":{"footnotes":""},"categories":[11],"tags":[234],"class_list":{"0":"post-1250","1":"post","2":"type-post","3":"status-publish","4":"format-standard","6":"category-opinions","7":"tag-peine-de-mort"},"_links":{"self":[{"href":"https:\/\/blog.causeur.fr\/asiledeblog\/wp-json\/wp\/v2\/posts\/1250","targetHints":{"allow":["GET"]}}],"collection":[{"href":"https:\/\/blog.causeur.fr\/asiledeblog\/wp-json\/wp\/v2\/posts"}],"about":[{"href":"https:\/\/blog.causeur.fr\/asiledeblog\/wp-json\/wp\/v2\/types\/post"}],"author":[{"embeddable":true,"href":"https:\/\/blog.causeur.fr\/asiledeblog\/wp-json\/wp\/v2\/users\/9"}],"replies":[{"embeddable":true,"href":"https:\/\/blog.causeur.fr\/asiledeblog\/wp-json\/wp\/v2\/comments?post=1250"}],"version-history":[{"count":0,"href":"https:\/\/blog.causeur.fr\/asiledeblog\/wp-json\/wp\/v2\/posts\/1250\/revisions"}],"wp:attachment":[{"href":"https:\/\/blog.causeur.fr\/asiledeblog\/wp-json\/wp\/v2\/media?parent=1250"}],"wp:term":[{"taxonomy":"category","embeddable":true,"href":"https:\/\/blog.causeur.fr\/asiledeblog\/wp-json\/wp\/v2\/categories?post=1250"},{"taxonomy":"post_tag","embeddable":true,"href":"https:\/\/blog.causeur.fr\/asiledeblog\/wp-json\/wp\/v2\/tags?post=1250"}],"curies":[{"name":"wp","href":"https:\/\/api.w.org\/{rel}","templated":true}]}}