{"id":1261,"date":"2011-04-09T12:51:48","date_gmt":"2011-04-09T12:51:48","guid":{"rendered":"http:\/\/blog.causeur.fr\/asiledeblog\/?p=1261"},"modified":"2021-04-26T12:57:44","modified_gmt":"2021-04-26T10:57:44","slug":"la-droite-dans-tous-ses-debats","status":"publish","type":"post","link":"https:\/\/blog.causeur.fr\/asiledeblog\/la-droite-dans-tous-ses-debats-1261","title":{"rendered":"La droite dans tous ses d\u00e9bats"},"content":{"rendered":"<p><a href=\"http:\/\/blog.causeur.fr\/asiledeblog\/files\/2011\/04\/65.png\"><img loading=\"lazy\" decoding=\"async\" class=\"alignleft size-full wp-image-1262\" src=\"http:\/\/blog.causeur.fr\/asiledeblog\/files\/2011\/04\/65.png\" alt=\"\" width=\"250\" height=\"199\" \/><\/a>Mardi, la semaine derni\u00e8re, chez Tadde\u00ef, on parlait des\u00a0<em>\u00ab dissensions \u00e0 l\u2019UMP \u00bb <\/em>au lendemain des cantonales. Un \u201cvrai sujet\u201d, \u00e0 coup s\u00fbr, puisqu\u2019il avait d\u00e9j\u00e0 fait la couverture de votre hebdo favori le 24 mars dernier\u00a0<em>(<\/em>\u00ab La droite au bord de l\u2019explosion \u00bb, VA\u00a0<em>n\u00b0 3878)<\/em>. Accessoirement, \u00e7a ne s\u2019est pas arrang\u00e9 d\u2019un tour \u00e0 l\u2019autre. Certes, le pr\u00e9sident a fini par siffler la fin de la r\u00e9cr\u00e9 ; mais certains l\u2019accusent d\u2019avoir \u00e9t\u00e9 le premier \u00e0 chahuter\u2026\u00a0<!--more--><\/p>\n<p>C\u2019est cette zizanie que d\u00e9ploraient l\u2019autre soir, chacun \u00e0 sa fa\u00e7on, le journaliste Robert M\u00e9nard et le magistrat Philippe Bilger. Deux personnages aussi dissemblables que possible (la provoc sonore et la litote chuintante) qui n\u2019ont qu\u2019un point commun, mais pas banal : non contents de penser ce qu\u2019ils disent, ils ont pens\u00e9 avant de le dire.<\/p>\n<p>Pas \u00e9tonnant, dans ces conditions, que leurs analyses se rejoignent. Au lieu de jouer \u00e0 se refiler le mistigri, estiment nos deux comp\u00e8res, les divers clans de l\u2019UMP (et m\u00eame le PS, s\u2019il existe encore) feraient mieux de tirer les le\u00e7ons de ce scrutin \u2013 sous peine de le payer cher l\u2019an prochain.<\/p>\n<p>Mais quelles le\u00e7ons, donc, tirer d\u2019un taux d\u2019abstention record associ\u00e9 \u00e0 une mont\u00e9e du Front national ? Eh bien, c\u2019est relativement simple : un d\u00e9saveu massif de la classe politique actuelle et, se profilant derri\u00e8re, une sorte d\u2019exasp\u00e9ration venue de loin et qui pourrait aller loin, si l\u2019on n\u2019y prend garde.<\/p>\n<p>Dommage qu\u2019en face, leurs contradictrices d\u2019un soir aient choisi de se r\u00e9fugier dans l\u2019ordinaire incantation antifasciste. L\u2019avocate Gis\u00e8le Halimi et l\u2019\u00e9crivain(e) Joy Sorman sont de gauche, certes, mais attention : chacune \u00e0 sa fa\u00e7on. Pour Mme Halimi, \u00e0 qui on ne la conte pas, le r\u00e9cent changement \u00e0 la t\u00eate du FN est purement cosm\u00e9tique :\u00a0<em>\u00ab racisme, exclusion, peur de l\u2019immigr\u00e9 \u00bb<\/em>, le bon vieux fond est toujours l\u00e0 ! nous assure-t-elle, \u00e0 d\u00e9faut de nous rassurer. Joy Sorman est plus inqui\u00e8te encore.\u00a0<em>\u00ab Anticapitalisme, d\u00e9fense de l\u2019\u00c9tat et de la R\u00e9publique \u00bb <\/em>: \u00e0 l\u2019en croire, le discours frontiste s\u2019est sournoisement modernis\u00e9 pour mieux ratisser \u00e0 gauche\u2026 Regretterait-elle d\u00e9j\u00e0 Jean-Marie ?<\/p>\n<p>En tout cas, Joy et Gis\u00e8le se retrouvent sur l\u2019essentiel : d\u00e9noncer l\u2019abandon unilat\u00e9ral par l\u2019UMP de ce \u201cfront r\u00e9publicain\u201d qui, para\u00eet-il, nous a fait tant de bien.<\/p>\n<p>Pour notre part, s\u2019il s\u2019agit vraiment de s\u2019en prendre \u00e0 l\u2019UMP, on serait plut\u00f4t enclin \u00e0 le faire avec Philippe Bilger, qui nous livre un fameux r\u00e9quisitoire contre les \u201cd\u00e9bats\u201d, un peu trop en vogue ces derniers mois :\u00a0<em>\u00ab J\u2019aime le d\u00e9bat au Parlement et \u00e0 la cour d\u2019assises. <\/em>[\u2026]\u00a0<em>Mais les politiques en charge du r\u00e9el, eux, n\u2019ont pas \u00e0 faire le d\u00e9bat pour le d\u00e9bat. Si Philippe Muray voyait \u00e7a, il s\u2019en amuserait beaucoup ! \u00bb<\/em><\/p>\n<p>\u00c0 coup s\u00fbr Muray s\u2019amuse plus que nous, dont l\u2019avenir d\u00e9pend d\u2019une classe politique en d\u00e9licatesse avec le r\u00e9el.<\/p>\n<p>&nbsp;<\/p>\n<p>Publi\u00e9 pour <a href=\"http:\/\/www.valeursactuelles.com\/culture\/t%C3%A9l%C3%A9vision\/droite-tous-ses-d%C3%A9bats20110407.html\">Valeurs Actuelles<\/a>, le 7\/04\/2011<\/p>\n<p>&nbsp;<\/p>\n","protected":false},"excerpt":{"rendered":"<p>Mardi, la semaine derni\u00e8re, chez Tadde\u00ef, on parlait des\u00a0\u00ab dissensions \u00e0 l\u2019UMP \u00bb au lendemain des cantonales. Un \u201cvrai sujet\u201d, \u00e0 coup s\u00fbr, puisqu\u2019il avait d\u00e9j\u00e0 fait la couverture de votre hebdo favori le 24 mars dernier\u00a0(\u00ab La droite au bord de l\u2019explosion \u00bb, VA\u00a0n\u00b0 3878). Accessoirement, \u00e7a ne s\u2019est pas arrang\u00e9 d\u2019un tour \u00e0 [&hellip;]<\/p>\n","protected":false},"author":9,"featured_media":0,"comment_status":"open","ping_status":"open","sticky":false,"template":"","format":"standard","meta":{"footnotes":""},"categories":[11],"tags":[236],"class_list":{"0":"post-1261","1":"post","2":"type-post","3":"status-publish","4":"format-standard","6":"category-opinions","7":"tag-ump"},"_links":{"self":[{"href":"https:\/\/blog.causeur.fr\/asiledeblog\/wp-json\/wp\/v2\/posts\/1261","targetHints":{"allow":["GET"]}}],"collection":[{"href":"https:\/\/blog.causeur.fr\/asiledeblog\/wp-json\/wp\/v2\/posts"}],"about":[{"href":"https:\/\/blog.causeur.fr\/asiledeblog\/wp-json\/wp\/v2\/types\/post"}],"author":[{"embeddable":true,"href":"https:\/\/blog.causeur.fr\/asiledeblog\/wp-json\/wp\/v2\/users\/9"}],"replies":[{"embeddable":true,"href":"https:\/\/blog.causeur.fr\/asiledeblog\/wp-json\/wp\/v2\/comments?post=1261"}],"version-history":[{"count":0,"href":"https:\/\/blog.causeur.fr\/asiledeblog\/wp-json\/wp\/v2\/posts\/1261\/revisions"}],"wp:attachment":[{"href":"https:\/\/blog.causeur.fr\/asiledeblog\/wp-json\/wp\/v2\/media?parent=1261"}],"wp:term":[{"taxonomy":"category","embeddable":true,"href":"https:\/\/blog.causeur.fr\/asiledeblog\/wp-json\/wp\/v2\/categories?post=1261"},{"taxonomy":"post_tag","embeddable":true,"href":"https:\/\/blog.causeur.fr\/asiledeblog\/wp-json\/wp\/v2\/tags?post=1261"}],"curies":[{"name":"wp","href":"https:\/\/api.w.org\/{rel}","templated":true}]}}