{"id":1263,"date":"2011-04-14T10:29:05","date_gmt":"2011-04-14T10:29:05","guid":{"rendered":"http:\/\/blog.causeur.fr\/asiledeblog\/?p=1263"},"modified":"2021-04-26T12:57:44","modified_gmt":"2021-04-26T10:57:44","slug":"croyants-mais-vrais","status":"publish","type":"post","link":"https:\/\/blog.causeur.fr\/asiledeblog\/croyants-mais-vrais-1263","title":{"rendered":"Croyants mais vrais"},"content":{"rendered":"<p><a href=\"http:\/\/blog.causeur.fr\/asiledeblog\/files\/2011\/04\/Dans-les-yeux-d-Olivier-France-2-au-coeur-des-mysteres-de-la-foi_reference1.jpeg\"><img loading=\"lazy\" decoding=\"async\" class=\"alignleft size-medium wp-image-1266\" src=\"http:\/\/blog.causeur.fr\/asiledeblog\/files\/2011\/04\/Dans-les-yeux-d-Olivier-France-2-au-coeur-des-mysteres-de-la-foi_reference1-300x202.jpg\" alt=\"\" width=\"300\" height=\"202\" srcset=\"https:\/\/blog.causeur.fr\/asiledeblog\/wp-content\/uploads\/sites\/10\/2011\/04\/Dans-les-yeux-d-Olivier-France-2-au-coeur-des-mysteres-de-la-foi_reference1-300x202.jpg 300w, https:\/\/blog.causeur.fr\/asiledeblog\/wp-content\/uploads\/sites\/10\/2011\/04\/Dans-les-yeux-d-Olivier-France-2-au-coeur-des-mysteres-de-la-foi_reference1.jpeg 470w\" sizes=\"auto, (max-width: 300px) 100vw, 300px\" \/><\/a>Le personnage principal des documentaires d\u2019Olivier Delacroix, c\u2019est lui-m\u00eame. Un dr\u00f4le de bonhomme, sorte de rejeton rasta d\u2019Olivier de Kersauson, avec dreadlocks, visage burin\u00e9 et regard bleu acier. D\u2019ailleurs, le magazine s\u2019appelle Dans les yeux d\u2019Olivier.<!--more--><br \/>\nAutant dire que le mec revendique une certaine subjectivit\u00e9. La m\u00e9thode Delacroix, en gros, c\u2019est : J\u2019y connais rien, et vous ? Si on allait voir ensemble ?<br \/>\nMardi pass\u00e9 sur France 2, notre agnostique proclam\u00e9 nous invitait ainsi \u00e0 explorer avec lui les \u201cmyst\u00e8res de la foi\u201d\u2013 et ce fut int\u00e9ressant, ma foi : racont\u00e9 par ce \u201cgentil\u201d, le christianisme ne perd rien de son myst\u00e8re, mais gagne en chaleur humaine.<br \/>\nPremi\u00e8re rencontre \u00e0 laquelle nous convie Delacroix : les parents du jeune Martin, assassin\u00e9 sans raison valable par un videur de bo\u00eete de nuit. Un an plus tard, port\u00e9s par leur foi, ils ont d\u00e9j\u00e0 pardonn\u00e9 au meurtrier ; visiblement, Olivier a du mal \u00e0 comprendre \u00e7a, et moi aussi d\u2019ailleurs.<br \/>\nAlain No\u00ebl, ancien PDG des Presses de la Renaissance, a tout plaqu\u00e9 sauf sa femme, puisque c\u2019est avec elle qu\u2019il a cr\u00e9\u00e9 une communaut\u00e9 monacale la\u00efque dans la campagne essonnienne, au sud de Paris. Le Larzac plus le Saint-Esprit !<br \/>\nNathana\u00ebl, 28 ans, se fait ordonner pr\u00eatre \u2013 et acclamer \u00e0 ce titre, avec une dizaine de coll\u00e8gues, sur le parvis de Notre-Dame, par 10 000 fid\u00e8les en liesse. \u00c7a s\u2019appelle la crise des vocations.<br \/>\nPas le genre de truc \u00e0 inqui\u00e9ter Mgr Rey. L\u2019\u00e9v\u00eaque de Toulon, et intime du pape, explique que son job ne consiste pas \u00e0 \u00ab conqu\u00e9rir des parts de march\u00e9 \u00bb : la foi, dit-il en substance, est affaire de qualit\u00e9 et non de quantit\u00e9. Moyennant quoi, le pr\u00e9lat mouille sa soutane. Il nous trimballe des bars \u201cgothiques\u201d de sa ville aux appartements personnels du souverain pontife \u2013 juste pour nous faire voir, \u00ab dans les yeux d\u2019Olivier \u00bb, l\u2019\u00e9tendue de son minist\u00e8re.<br \/>\nMais le plus beau moment de ce documentaire, c\u2019est la rencontre avec les b\u00e9n\u00e9dictines de Notre-Dame-du-Pesqui\u00e9, en Ari\u00e8ge. Elles sont cinquante, \u00e2g\u00e9es de 21 \u00e0 96 ans. Mais curieusement, Olivier pr\u00e9f\u00e8re s\u2019adresser aux jeunes et jolies novices\u2026 La m\u00e9thode a ses avantages, surtout \u00e0 la t\u00e9l\u00e9, o\u00f9 il est souhaitable de montrer ce qu\u2019on veut faire entendre.<br \/>\nS\u2019il s\u2019agit par exemple du sacrifice que constituent les voeux de pauvret\u00e9, de chastet\u00e9 et de silence, qui \u00e9coutera-t- on le plus volontiers ? De vieilles \u201cbonnes soeurs\u201d lunettues et frip\u00e9es, ou des jeunes filles en fleur, pommettes roses et regard rieur ? Eh bien, ce sont celles-l\u00e0 qui nous racontent, avec une joie profonde et l\u00e9g\u00e8re, comment elles ont fait si t\u00f4t une Croix sur le Monde.<br \/>\n\u2013 L\u2019amour d\u2019un homme, \u00e7a ne vous manque pas ? , demande notre incr\u00e9dule.<br \/>\n\u2013 J\u2019ai le coeur beaucoup trop grand pour un seul homme, r\u00e9pond du tac au tac une de ces charmantes novices. Ou alors, il me les faudrait tous !<br \/>\nUne blague juv\u00e9nile pour t\u00e9moigner de l\u2019\u00e9ternit\u00e9, qui dit mieux ?<\/p>\n<p>Publi\u00e9 pour <a href=\"http:\/\/www.valeursactuelles.com\/culture\/t%C3%A9l%C3%A9vision\/croyants-mais-vrais20110414.html\">Valeurs Actuelles<\/a>, le 14.04.2011<\/p>\n","protected":false},"excerpt":{"rendered":"<p>Le personnage principal des documentaires d\u2019Olivier Delacroix, c\u2019est lui-m\u00eame. Un dr\u00f4le de bonhomme, sorte de rejeton rasta d\u2019Olivier de Kersauson, avec dreadlocks, visage burin\u00e9 et regard bleu acier. D\u2019ailleurs, le magazine s\u2019appelle Dans les yeux d\u2019Olivier.<\/p>\n","protected":false},"author":9,"featured_media":0,"comment_status":"open","ping_status":"open","sticky":false,"template":"","format":"standard","meta":{"footnotes":""},"categories":[11],"tags":[],"class_list":{"0":"post-1263","1":"post","2":"type-post","3":"status-publish","4":"format-standard","6":"category-opinions"},"_links":{"self":[{"href":"https:\/\/blog.causeur.fr\/asiledeblog\/wp-json\/wp\/v2\/posts\/1263","targetHints":{"allow":["GET"]}}],"collection":[{"href":"https:\/\/blog.causeur.fr\/asiledeblog\/wp-json\/wp\/v2\/posts"}],"about":[{"href":"https:\/\/blog.causeur.fr\/asiledeblog\/wp-json\/wp\/v2\/types\/post"}],"author":[{"embeddable":true,"href":"https:\/\/blog.causeur.fr\/asiledeblog\/wp-json\/wp\/v2\/users\/9"}],"replies":[{"embeddable":true,"href":"https:\/\/blog.causeur.fr\/asiledeblog\/wp-json\/wp\/v2\/comments?post=1263"}],"version-history":[{"count":0,"href":"https:\/\/blog.causeur.fr\/asiledeblog\/wp-json\/wp\/v2\/posts\/1263\/revisions"}],"wp:attachment":[{"href":"https:\/\/blog.causeur.fr\/asiledeblog\/wp-json\/wp\/v2\/media?parent=1263"}],"wp:term":[{"taxonomy":"category","embeddable":true,"href":"https:\/\/blog.causeur.fr\/asiledeblog\/wp-json\/wp\/v2\/categories?post=1263"},{"taxonomy":"post_tag","embeddable":true,"href":"https:\/\/blog.causeur.fr\/asiledeblog\/wp-json\/wp\/v2\/tags?post=1263"}],"curies":[{"name":"wp","href":"https:\/\/api.w.org\/{rel}","templated":true}]}}