{"id":1271,"date":"2011-04-25T14:42:14","date_gmt":"2011-04-25T14:42:14","guid":{"rendered":"http:\/\/blog.causeur.fr\/asiledeblog\/?p=1271"},"modified":"2021-04-26T12:57:44","modified_gmt":"2021-04-26T10:57:44","slug":"duhamelanchon","status":"publish","type":"post","link":"https:\/\/blog.causeur.fr\/asiledeblog\/duhamelanchon-1271","title":{"rendered":"Duham\u00e9lanchon"},"content":{"rendered":"<p><a href=\"http:\/\/blog.causeur.fr\/asiledeblog\/files\/2011\/04\/Alain-Duhamel-et-Jean-Luc-M\u00e9lenchon.png\"><img loading=\"lazy\" decoding=\"async\" class=\"alignleft size-full wp-image-1272\" src=\"http:\/\/blog.causeur.fr\/asiledeblog\/files\/2011\/04\/Alain-Duhamel-et-Jean-Luc-M\u00e9lenchon.png\" alt=\"\" width=\"250\" height=\"154\" \/><\/a>Chez Giesbert, l\u2019autre vendredi, une fameuse passe d\u2019armes entre Jean-Luc M\u00e9lenchon et Alain Duhamel a \u00e9clips\u00e9 le reste du spectacle donn\u00e9 par le Puy du FOG. Dommage ! Il y avait quand m\u00eame l\u00e0, outre les chroniqueurs habituels de\u00a0<em>Semaine critique !<\/em>, deux autres invit\u00e9s, m\u00eame si, l\u00e0 tout de suite, leurs noms ne me reviennent pas. Ah si, il y avait l\u2019autre fr\u00e8re Duhamel, Patrice \u2013 celui qui parle moins mais qui comprend ce qu\u2019il dit.\u00a0<!--more--><\/p>\n<p>Bref, l\u2019essentiel fut la joute entre nos deux bretteurs, ma\u00eetrisant parfaitement leurs passes respectives dans ce duel pour rire du \u201cpeuple contre les \u00e9lites\u201d. Dans le r\u00f4le de ces \u00e9lites qui n\u2019en finissent pas de se tromper, avec d\u2019autant plus d\u2019aisance qu\u2019elles si\u00e8gent au-del\u00e0 de la sanction des faits, Duhamel fut comme toujours plus que parfait.<\/p>\n<p>Le temps semble n\u2019avoir pas de prise sur cet \u00e9ternel adulescent de la pens\u00e9e ; comme s\u2019il n\u2019avait tir\u00e9 aucune le\u00e7on des innombrables impasses o\u00f9 l\u2019ont conduit, entre truismes controuv\u00e9s et purs non-sens, quarante-cinq ans de \u201cparlologie\u201d. Pis ! Depuis sa fameuse blague sur la pr\u00e9sidentielle de 2007 \u201cavec 0 % de S\u00e9gol\u00e8ne\u201d, le mec a visiblement trou\u00e9 la couche d\u2019ozone.<\/p>\n<p>Face \u00e0 ce Tocqueville de contrebande, M\u00e9lenchon en rajoute dans l\u2019Appel au peuple, oscillant entre la gouaille sans-culotte du P\u00e8re Duchesne et la sobri\u00e9t\u00e9 terroriste d\u2019un Robespierre. Autant dire qu\u2019\u00e0 aucun moment leurs monologues respectifs ne se croisent ; d\u2019ailleurs, l\u2019escarmouche la plus notable entre nos deux champions ce soir-l\u00e0 ne se passera pas sur le terrain politique, mais linguistique.<\/p>\n<p>Au beau milieu d\u2019une tirade cyrano-duham\u00e9lienne, M\u00e9lenchon coupe :\u00a0<em>\u00ab Permettez-moi d\u2019opiner \u00e0 mon tour ! \u00bb <\/em>Et l\u2019autre de sauter sur son si\u00e8ge et sur l\u2019occasion, trop heureux de pouvoir enfoncer son contradicteur, ne serait-ce que sur la forme :\u00a0<em>\u00ab Ha ! mais non, c\u2019est impropre ! \u00c7a veut pas dire \u00e7a, opiner : \u00e7a veut dire approuver ! \u00bb <\/em>Las ! Voil\u00e0 notre donneur de le\u00e7ons professionnel pris lui-m\u00eame en flagrant d\u00e9lit d\u2019inculture : le sens premier d\u2019\u201copiner\u201d, comme le sugg\u00e8re l\u2019\u00e9tymologie, c\u2019est donner son opinion. Bref, sur ce point au moins, M\u00e9lenchon a raison !<\/p>\n<p>La mani\u00e8re dont l\u2019int\u00e9ress\u00e9 va savourer sa victoire n\u2019a rien non plus de politique. Elle r\u00e9v\u00e9lerait plut\u00f4t, au-del\u00e0 ou en de\u00e7\u00e0, quelque chose sur l\u2019homme qui \u00e9prouve ainsi le besoin d\u2019achever son adversaire \u00e0 coups de talon rouge :\u00a0<em>\u00ab Merci, Alain ! Avez-vous d\u2019autres le\u00e7ons de maintien \u00e0 nous donner ? \u00bb<\/em> Cette ironie mordante, cette distance\u2026 Soudain ce n\u2019\u00e9tait plus H\u00e9bert, mais le prince de Ligne !<\/p>\n<p>Cela dit, sachant que Jean-Luc fut aussi un talentueux jeune premier social-d\u00e9mocrate, on aimerait conna\u00eetre la liste compl\u00e8te des r\u00f4les qu\u2019il a dans son r\u00e9pertoire.<\/p>\n<p>Publi\u00e9 dans <a href=\"http:\/\/www.valeursactuelles.com\/culture\/t%C3%A9l%C3%A9vision\/duham%C3%A9lanchon20110421.html\">Valeurs Actuelles<\/a>, le 21.04.2011<\/p>\n<p>&nbsp;<\/p>\n","protected":false},"excerpt":{"rendered":"<p>Chez Giesbert, l\u2019autre vendredi, une fameuse passe d\u2019armes entre Jean-Luc M\u00e9lenchon et Alain Duhamel a \u00e9clips\u00e9 le reste du spectacle donn\u00e9 par le Puy du FOG. Dommage ! Il y avait quand m\u00eame l\u00e0, outre les chroniqueurs habituels de\u00a0Semaine critique !, deux autres invit\u00e9s, m\u00eame si, l\u00e0 tout de suite, leurs noms ne me reviennent [&hellip;]<\/p>\n","protected":false},"author":9,"featured_media":0,"comment_status":"open","ping_status":"open","sticky":false,"template":"","format":"standard","meta":{"footnotes":""},"categories":[11],"tags":[238,148],"class_list":{"0":"post-1271","1":"post","2":"type-post","3":"status-publish","4":"format-standard","6":"category-opinions","7":"tag-alain-duhamel","8":"tag-jean-luc-melenchon"},"_links":{"self":[{"href":"https:\/\/blog.causeur.fr\/asiledeblog\/wp-json\/wp\/v2\/posts\/1271","targetHints":{"allow":["GET"]}}],"collection":[{"href":"https:\/\/blog.causeur.fr\/asiledeblog\/wp-json\/wp\/v2\/posts"}],"about":[{"href":"https:\/\/blog.causeur.fr\/asiledeblog\/wp-json\/wp\/v2\/types\/post"}],"author":[{"embeddable":true,"href":"https:\/\/blog.causeur.fr\/asiledeblog\/wp-json\/wp\/v2\/users\/9"}],"replies":[{"embeddable":true,"href":"https:\/\/blog.causeur.fr\/asiledeblog\/wp-json\/wp\/v2\/comments?post=1271"}],"version-history":[{"count":0,"href":"https:\/\/blog.causeur.fr\/asiledeblog\/wp-json\/wp\/v2\/posts\/1271\/revisions"}],"wp:attachment":[{"href":"https:\/\/blog.causeur.fr\/asiledeblog\/wp-json\/wp\/v2\/media?parent=1271"}],"wp:term":[{"taxonomy":"category","embeddable":true,"href":"https:\/\/blog.causeur.fr\/asiledeblog\/wp-json\/wp\/v2\/categories?post=1271"},{"taxonomy":"post_tag","embeddable":true,"href":"https:\/\/blog.causeur.fr\/asiledeblog\/wp-json\/wp\/v2\/tags?post=1271"}],"curies":[{"name":"wp","href":"https:\/\/api.w.org\/{rel}","templated":true}]}}