{"id":1281,"date":"2011-05-06T15:13:14","date_gmt":"2011-05-06T15:13:14","guid":{"rendered":"http:\/\/blog.causeur.fr\/asiledeblog\/?p=1281"},"modified":"2021-04-26T12:57:44","modified_gmt":"2021-04-26T10:57:44","slug":"pro-pompidolo","status":"publish","type":"post","link":"https:\/\/blog.causeur.fr\/asiledeblog\/pro-pompidolo-1281","title":{"rendered":"Pro Pompidolo"},"content":{"rendered":"<p><a href=\"http:\/\/blog.causeur.fr\/asiledeblog\/files\/2011\/05\/3311616083-jean-francois-balmer-est-pompidou-le-pouvoir-secrete-des-poisons.jpeg\"><img loading=\"lazy\" decoding=\"async\" class=\"alignleft size-medium wp-image-1282\" src=\"http:\/\/blog.causeur.fr\/asiledeblog\/files\/2011\/05\/3311616083-jean-francois-balmer-est-pompidou-le-pouvoir-secrete-des-poisons-300x224.jpg\" alt=\"\" width=\"300\" height=\"224\" srcset=\"https:\/\/blog.causeur.fr\/asiledeblog\/wp-content\/uploads\/sites\/10\/2011\/05\/3311616083-jean-francois-balmer-est-pompidou-le-pouvoir-secrete-des-poisons-300x224.jpg 300w, https:\/\/blog.causeur.fr\/asiledeblog\/wp-content\/uploads\/sites\/10\/2011\/05\/3311616083-jean-francois-balmer-est-pompidou-le-pouvoir-secrete-des-poisons.jpeg 310w\" sizes=\"auto, (max-width: 300px) 100vw, 300px\" \/><\/a>C\u2019est fou le retard qu\u2019on peut prendre en vacances ! Je m\u2019\u00e9tais promis d\u2019\u00e9voquer ici la soir\u00e9e Pompidou que nous a offerte le mois dernier France 3, et plus particuli\u00e8rement le passionnant d\u00e9bat qui suivit, chez Tadde\u00ef, la diffusion du t\u00e9l\u00e9film\u00a0<em>Mort d\u2019un pr\u00e9sident<\/em>.\u00a0<!--more--><\/p>\n<p>L\u2019affaire date du 12 avril, certes, mais il n\u2019est jamais trop tard pour parler du regrett\u00e9 Georges Pompidou \u2013 qui, de toute fa\u00e7on, nous a quitt\u00e9s il y a trente-sept ans d\u00e9j\u00e0. Et puis, il avait pour porte-parole ce soir-l\u00e0 son ex-conseiller (elle tient au masculin !) Marie-France Garaud, dont la pr\u00e9sence sur un plateau me met toujours en joie. Interrog\u00e9e par l\u2019animateur, Mme Garaud informe d\u2019embl\u00e9e le r\u00e9alisateur \u00c9ric Aknine que sa fiction n\u2019a pas eu l\u2019heur de lui plaire. Pas question de critiquer la composition de Jean-Fran\u00e7ois Balmer, criant de v\u00e9rit\u00e9 dans le r\u00f4le de Pompidou. MFG ne s\u2019indigne m\u00eame pas que l\u2019actrice cens\u00e9e l\u2019incarner, elle, campe en fait une sorte de DRH sinistre de France T\u00e9l\u00e9com\u2026 Simplement, elle ne se reconna\u00eet gu\u00e8re dans\u00a0<em>\u00ab cette dame chan\u00e9lis\u00e9e en faux Chanel \u00bb<\/em>.<\/p>\n<p>Ce que remet en question Marie-France, c\u2019est la trame m\u00eame de l\u2019\u0153uvre :\u00a0<em>\u00ab Un film impudique sur un homme d\u00e9cent. \u00bb<\/em> Accessoirement, \u00e7a rel\u00e8ve d\u2019une incompr\u00e9hension totale de la fonction pr\u00e9sidentielle :\u00a0<em>\u00ab Vous avez fait un t\u00e9l\u00e9film pour <\/em>Nous Deux\u00a0<em>! \u00bb<\/em><\/p>\n<p><em> <\/em>Le vrai Georges Pompidou, dit-elle, a assum\u00e9 sa charge jusqu\u2019au bout avec dignit\u00e9 et lucidit\u00e9. Personne, d\u2019ailleurs, ne l\u2019a jamais vu tomber par terre en public, comme son alias Balmer le fait \u00e0 deux ou trois reprises dans la\u00a0<em>telenovela<\/em>.<\/p>\n<p>Et voici que le ch\u0153ur unanime des autres invit\u00e9s proteste, sur le th\u00e8me : vous n\u2019avez pas le droit de monopoliser la parole sous pr\u00e9texte que vous connaissez le sujet ! C\u2019est Patrice Duhamel qui r\u00e9sume le mieux le sentiment g\u00e9n\u00e9ral :\u00a0<em>\u00ab Dans ce film, Pompidou est touchant ! \u00bb \u00ab Le probl\u00e8me quand on gouverne<\/em>, coupe MFG,\u00a0<em>ce n\u2019est pas d\u2019\u00eatre touchant, mais de toucher ! \u00bb <\/em>Sous la Ve, encha\u00eene-t-elle, et contrairement \u00e0 ce que disait VGE,\u00a0<em>\u00ab le pr\u00e9sident de la R\u00e9publique n\u2019est pas un homme comme les autres, tout simplement parce qu\u2019il a la responsabilit\u00e9 des autres ! \u00bb<\/em><\/p>\n<p><em> <\/em>Quant \u00e0 la succession de Pompidou, le candidat naturel, selon Marie-France, c\u2019\u00e9tait Messmer.<em>\u00ab Mais il n\u2019avait pas envie de se pr\u00e9senter ! \u00bb<\/em>, tente Aknine, tout fier de sa science neuve.\u00a0<em>\u00ab Eh bien moi, \u00e7a me rassure, les gens qui n\u2019ont pas envie de se pr\u00e9senter ! <\/em>r\u00e9plique Garaud.<em>\u00c7a prouve qu\u2019ils mesurent le poids de la charge. \u00bb<\/em><\/p>\n<p>J\u2019aime cette roideur de grand commis de l\u2019\u00c9tat, surtout quand \u00e7a semble \u00eatre une seconde nature. Lorsque Marie-France Garaud parle des institutions de la France, ne dirait-on pas Beno\u00eet XVI sur J\u00e9sus ?<\/p>\n<p>J\u2019aime cette intransigeance de statue du commandeur. Un statut qui, au demeurant, ne lui est disput\u00e9 par personne\u2026 C\u2019est pourtant cette mystique la\u00efque qui fit la R\u00e9publique et qui, seule demain, pourrait la refaire.\u00a0<strong> <\/strong><\/p>\n<p>&nbsp;<\/p>\n","protected":false},"excerpt":{"rendered":"<p>C\u2019est fou le retard qu\u2019on peut prendre en vacances ! Je m\u2019\u00e9tais promis d\u2019\u00e9voquer ici la soir\u00e9e Pompidou que nous a offerte le mois dernier France 3, et plus particuli\u00e8rement le passionnant d\u00e9bat qui suivit, chez Tadde\u00ef, la diffusion du t\u00e9l\u00e9film\u00a0Mort d\u2019un pr\u00e9sident.\u00a0<\/p>\n","protected":false},"author":9,"featured_media":0,"comment_status":"open","ping_status":"open","sticky":false,"template":"","format":"standard","meta":{"footnotes":""},"categories":[11],"tags":[87,656],"class_list":{"0":"post-1281","1":"post","2":"type-post","3":"status-publish","4":"format-standard","6":"category-opinions","7":"tag-frederic-taddei","8":"tag-georges-pompidou"},"_links":{"self":[{"href":"https:\/\/blog.causeur.fr\/asiledeblog\/wp-json\/wp\/v2\/posts\/1281","targetHints":{"allow":["GET"]}}],"collection":[{"href":"https:\/\/blog.causeur.fr\/asiledeblog\/wp-json\/wp\/v2\/posts"}],"about":[{"href":"https:\/\/blog.causeur.fr\/asiledeblog\/wp-json\/wp\/v2\/types\/post"}],"author":[{"embeddable":true,"href":"https:\/\/blog.causeur.fr\/asiledeblog\/wp-json\/wp\/v2\/users\/9"}],"replies":[{"embeddable":true,"href":"https:\/\/blog.causeur.fr\/asiledeblog\/wp-json\/wp\/v2\/comments?post=1281"}],"version-history":[{"count":0,"href":"https:\/\/blog.causeur.fr\/asiledeblog\/wp-json\/wp\/v2\/posts\/1281\/revisions"}],"wp:attachment":[{"href":"https:\/\/blog.causeur.fr\/asiledeblog\/wp-json\/wp\/v2\/media?parent=1281"}],"wp:term":[{"taxonomy":"category","embeddable":true,"href":"https:\/\/blog.causeur.fr\/asiledeblog\/wp-json\/wp\/v2\/categories?post=1281"},{"taxonomy":"post_tag","embeddable":true,"href":"https:\/\/blog.causeur.fr\/asiledeblog\/wp-json\/wp\/v2\/tags?post=1281"}],"curies":[{"name":"wp","href":"https:\/\/api.w.org\/{rel}","templated":true}]}}