{"id":1288,"date":"2011-05-20T09:54:19","date_gmt":"2011-05-20T09:54:19","guid":{"rendered":"http:\/\/blog.causeur.fr\/asiledeblog\/?p=1288"},"modified":"2021-04-26T12:57:44","modified_gmt":"2021-04-26T10:57:44","slug":"danger-fasciste-sur-france-2","status":"publish","type":"post","link":"https:\/\/blog.causeur.fr\/asiledeblog\/danger-fasciste-sur-france-2-1288","title":{"rendered":"Danger fasciste sur France 2"},"content":{"rendered":"<p><a href=\"http:\/\/blog.causeur.fr\/asiledeblog\/files\/2011\/05\/arton659.jpeg\"><img loading=\"lazy\" decoding=\"async\" class=\"alignleft size-full wp-image-1289\" src=\"http:\/\/blog.causeur.fr\/asiledeblog\/files\/2011\/05\/arton659.jpeg\" alt=\"\" width=\"250\" height=\"141\" \/><\/a>L\u2019avantage avec l\u2019extr\u00eame droite, comme auparavant avec la b\u00eate du G\u00e9vaudan, c\u2019est qu\u2019on peut en dire \u00e0 peu pr\u00e8s n\u2019importe quoi. Lundi 9 mai, le service public ne s\u2019en est pas priv\u00e9. Apr\u00e8s la s\u00e9rie polici\u00e8re\u00a0<em>L. A. Enqu\u00eates prioritaires<\/em>, France 2 nous a gratifi\u00e9s d\u2019un\u00a0<em>Compl\u00e9ment d\u2019enqu\u00eate <\/em>tout aussi haletant et prioritaire, consacr\u00e9 cette fois \u00e0\u00a0<em>\u00ab La tentation de l\u2019extr\u00eame-droite \u00bb<\/em>.\u00a0<!--more--><\/p>\n<p>On aurait aim\u00e9 frissonner\u2026 H\u00e9las, le sujet s\u2019est vite av\u00e9r\u00e9 sans objet. Au menu, trois reportages successivement consacr\u00e9s \u00e0 Marine Le Pen, \u00e0 Claude Gu\u00e9ant et aux skinheads ; et pourquoi pas les satanistes et les cathos int\u00e9gristes qui, comme chacun sait, partagent les m\u00eames id\u00e9es ?<\/p>\n<p>L\u2019amusant, c\u2019est qu\u2019au fil de ces investigations, le documentaire s\u2019autod\u00e9truit, comme dans\u00a0<em>Mission : impossible<\/em>. \u00c9vacuons d\u2019embl\u00e9e le sketch sur les \u201cskins\u201d, qui, \u00e0 coup s\u00fbr, d\u00e9coiffe \u2013 surtout venant juste apr\u00e8s celui sur Gu\u00e9ant\u2026 \u201cEst-ce bien la m\u00eame \u00e9mission ? \u201d, se seront sans doute demand\u00e9 des t\u00e9l\u00e9spectateurs dissip\u00e9s. Mais oui, puisqu\u2019il s\u2019agit de pimenter un peu cette enqu\u00eate au titre \u201csurvendeur\u201d. H\u00e9las, croit-on comprendre, les bandes de skins ne sont plus ce qu\u2019elles \u00e9taient il y a encore vingt ou trente ans. C\u2019est bien simple : m\u00eame nos services de renseignements s\u2019en sont d\u00e9sint\u00e9ress\u00e9s\u2026 Restent quelques f\u00eal\u00e9s \u00e0 croix gamm\u00e9e dont raffolent les m\u00e9dias et qui sont la hantise de Marine.<\/p>\n<p>Mlle Le Pen, nous explique-t-on en effet, n\u2019a qu\u2019une id\u00e9e en t\u00eate : se d\u00e9marquer des provocs de papa pour ratisser plus large, y compris au sein de l\u2019\u00e9lectorat UMP. M\u00eame d\u00e9marche \u00e0 l\u2019envers pour Claude Gu\u00e9ant, dont les d\u00e9clarations fracassantes rel\u00e8veraient en fait, selon nos \u201cenqu\u00eateurs compl\u00e9mentaires\u201d, d\u2019une strat\u00e9gie \u00e9labor\u00e9e \u00e0 l\u2019\u00c9lys\u00e9e pour \u2013 devinez quoi ? \u2013 gagner la pr\u00e9sidentielle.<\/p>\n<p>\u00c0 en croire le commissaire Duquesne, qui a mis tous ses hommes sur l\u2019affaire, ce plan machiav\u00e9lique comporterait deux \u00e9tapes : tout d\u2019abord, focaliser le d\u00e9bat sur l\u2019immigration et l\u2019ins\u00e9curit\u00e9 pour marginaliser d\u2019embl\u00e9e la gauche, qui n\u2019a rien \u00e0 dire d\u2019audible sur ces sujets ; puis assurer ainsi au pr\u00e9sident un \u201cnouveau 21 avril\u201d, c\u2019est-\u00e0-dire une r\u00e9\u00e9lection de mar\u00e9chal, et r\u00e9publicain en plus !<\/p>\n<p>On cherchera en vain, dans ce calcul, une \u201ctentation extr\u00e9miste\u201d. Il participe au contraire d\u2019une course aux suffrages tout ce qu\u2019il y a de plus normale dans nos institutions, ou du moins dans leur pratique. Nul doute qu\u2019au centre, s\u2019il existe, et \u00e0 gauche en tout cas, d\u00e8s qu\u2019on saura qui est qui, on assistera aux m\u00eames contorsions pr\u00e9\u00e9lectorales. Et m\u00e9priser \u00e7a, cher Beno\u00eet Duquesne, c\u2019est \u00eatre un bien mauvais d\u00e9mocrate.<\/p>\n<p>Publi\u00e9 pour <a href=\"http:\/\/www.valeursactuelles.com\/culture\/t%C3%A9l%C3%A9vision\/danger-fasciste-france-220110519.html\">Valeurs Actuelles<\/a>, le 19 mai 2011<\/p>\n<p>&nbsp;<\/p>\n","protected":false},"excerpt":{"rendered":"<p>L\u2019avantage avec l\u2019extr\u00eame droite, comme auparavant avec la b\u00eate du G\u00e9vaudan, c\u2019est qu\u2019on peut en dire \u00e0 peu pr\u00e8s n\u2019importe quoi. Lundi 9 mai, le service public ne s\u2019en est pas priv\u00e9. Apr\u00e8s la s\u00e9rie polici\u00e8re\u00a0L. A. Enqu\u00eates prioritaires, France 2 nous a gratifi\u00e9s d\u2019un\u00a0Compl\u00e9ment d\u2019enqu\u00eate tout aussi haletant et prioritaire, consacr\u00e9 cette fois \u00e0\u00a0\u00ab [&hellip;]<\/p>\n","protected":false},"author":9,"featured_media":0,"comment_status":"open","ping_status":"open","sticky":false,"template":"","format":"standard","meta":{"footnotes":""},"categories":[11],"tags":[245,246,247],"class_list":{"0":"post-1288","1":"post","2":"type-post","3":"status-publish","4":"format-standard","6":"category-opinions","7":"tag-benoit-duquesne","8":"tag-claude-gueant","9":"tag-extreme-droite"},"_links":{"self":[{"href":"https:\/\/blog.causeur.fr\/asiledeblog\/wp-json\/wp\/v2\/posts\/1288","targetHints":{"allow":["GET"]}}],"collection":[{"href":"https:\/\/blog.causeur.fr\/asiledeblog\/wp-json\/wp\/v2\/posts"}],"about":[{"href":"https:\/\/blog.causeur.fr\/asiledeblog\/wp-json\/wp\/v2\/types\/post"}],"author":[{"embeddable":true,"href":"https:\/\/blog.causeur.fr\/asiledeblog\/wp-json\/wp\/v2\/users\/9"}],"replies":[{"embeddable":true,"href":"https:\/\/blog.causeur.fr\/asiledeblog\/wp-json\/wp\/v2\/comments?post=1288"}],"version-history":[{"count":0,"href":"https:\/\/blog.causeur.fr\/asiledeblog\/wp-json\/wp\/v2\/posts\/1288\/revisions"}],"wp:attachment":[{"href":"https:\/\/blog.causeur.fr\/asiledeblog\/wp-json\/wp\/v2\/media?parent=1288"}],"wp:term":[{"taxonomy":"category","embeddable":true,"href":"https:\/\/blog.causeur.fr\/asiledeblog\/wp-json\/wp\/v2\/categories?post=1288"},{"taxonomy":"post_tag","embeddable":true,"href":"https:\/\/blog.causeur.fr\/asiledeblog\/wp-json\/wp\/v2\/tags?post=1288"}],"curies":[{"name":"wp","href":"https:\/\/api.w.org\/{rel}","templated":true}]}}