{"id":1298,"date":"2011-06-01T21:15:51","date_gmt":"2011-06-01T21:15:51","guid":{"rendered":"http:\/\/blog.causeur.fr\/asiledeblog\/?p=1298"},"modified":"2021-04-26T12:57:44","modified_gmt":"2021-04-26T10:57:44","slug":"dis-moi-qui-tu-lis","status":"publish","type":"post","link":"https:\/\/blog.causeur.fr\/asiledeblog\/dis-moi-qui-tu-lis-1298","title":{"rendered":"Dis-moi qui tu lis&#8230;"},"content":{"rendered":"<p><a href=\"http:\/\/blog.causeur.fr\/asiledeblog\/files\/2011\/06\/Beno\u00eet-Duteurtre.png\"><img loading=\"lazy\" decoding=\"async\" class=\"alignleft size-full wp-image-1299\" src=\"http:\/\/blog.causeur.fr\/asiledeblog\/files\/2011\/06\/Beno\u00eet-Duteurtre.png\" alt=\"\" width=\"250\" height=\"134\" \/><\/a>D\u00e9cid\u00e9ment, l\u2019\u00e9t\u00e9 est en avance cette saison, y compris \u00e0 la t\u00e9l\u00e9 ! La semaine pass\u00e9e, on a vu coup sur coup deux magazines culturels f\u00eater leur \u201cderni\u00e8re\u201d.<\/p>\n<p>Pour la\u00a0<em>Semaine critique !<\/em> de FOG, c\u2019\u00e9tait m\u00eame \u201cla der des ders\u201d : son \u00e9mission \u201cne sera pas reconduite en septembre\u201d, pas plus que celle de Guillaume Durand, ni le duo Zemmour-Naulleau chez Ruquier. Finalement, seul le mille-pattes Tadde\u00ef s\u2019en sort, \u00e0 peine amput\u00e9 des trois quarts !\u00a0<!--more--><\/p>\n<p>Rayon litt\u00e9raire, que les fans de Fran\u00e7ois Busnel se rassurent : sa Grande Librairie (France 5) ne ferme que pour l\u2019\u00e9t\u00e9. Encore ne nous laisse-t-il pas partir sans biscuit ! Pour sa \u201cderni\u00e8re\u201d \u00e0 lui, il a convi\u00e9 \u00e9crivains et libraires \u00e0 venir nous recommander \u2013 ou pas \u2013 quelques \u201cclassiques\u201d \u00e0 relire sur la plage \u2013 ou pas. Mais ce qui ressort de l\u2019exercice, c\u2019est moins une liste de courses qu\u2019une galerie de portraits : comme dit \u00e0 peu pr\u00e8s Simon Leys, on en apprend plus sur les gens qui citent que sur les auteurs cit\u00e9s. Ainsi ai-je red\u00e9couvert, entre autres, Alexandre Jardin \u2013 d\u00e9cid\u00e9ment plus marrant quand il fait l\u2019\u00e9loge de Churchill, ce \u00ab\u00a0<em>fou furieux<\/em> \u00bb, que quand il entreprend de maudire sa famille jusqu\u2019\u00e0 la septi\u00e8me g\u00e9n\u00e9ration \u00e0 l\u2019envers. Mais chez l\u2019ami Busnel, les deux personnages les plus oppos\u00e9s par leurs visions de la litt\u00e9rature, c\u2019\u00e9tait Beno\u00eet Duteurtre (<em>photo<\/em>) et Jean Teul\u00e9.<\/p>\n<p>Ledit Teul\u00e9, c\u2019est l\u2019heureux auteur d\u2019un best-seller intitul\u00e9\u00a0<em>Charly 9<\/em> (prononcez\u00a0<em>nine<\/em>). Et son classique favori se trouve \u00eatre celui de tous les lyc\u00e9ens et apparent\u00e9s :\u00a0<em>l\u2019\u00c9cume des jours.<\/em> Et pourquoi, s\u2019il vous pla\u00eet ?\u00a0<em>\u00ab Parce que c\u2019est un livre jazz ! \u00bb<\/em> Quand on peut dire \u00e7a, on peut dire n\u2019importe quoi ! C\u2019est d\u2019ailleurs ce que fait volontiers Teul\u00e9 pour vendre sa propre\u00a0<em>chef salad<\/em>, \u00e0 base de Charles IX, de Saint-Barth\u00e9lemy et de folie. Faute de comprendre les \u00e9v\u00e9nements qu\u2019il raconte, ou m\u00eame d\u2019en \u00e9prouver le besoin,<em> \u00ab Teul\u00e9 plaque sur du tragique ses envies de truculence \u00bb<\/em>, comme l\u2019\u00e9crit justement Rapha\u00eblle Leyris dans le\u00a0<em>Monde des livres<\/em>.<\/p>\n<p>\u00c0 l\u2019inverse de ces fausses audaces, il y a chez Beno\u00eet Duteurtre une r\u00e9serve de bon aloi. Ce type-l\u00e0 pratique comme personne le dissensus l\u00e9ger. M\u00eame envoy\u00e9 au feu par l\u2019animateur pour \u201cbalancer\u201d des classiques sur\u00e9valu\u00e9s, il pratique un \u00e9l\u00e9gant autodaf\u00e9, non pas de Rimbaud mais de ses<em>Illuminations<\/em>.<\/p>\n<p>Cette \u0153uvre de\u00a0<em>\u00ab jeunesse tardive \u00bb<\/em>, explique en substance Duteurtre, rompt avec l\u2019\u00e9quilibre qu\u2019Arthur avait su tenir jusqu\u2019alors entre ses emballements po\u00e9tiques et les r\u00e8gles de l\u2019art. Depuis<em>Une saison en enfer<\/em>, il a cherch\u00e9 vainement \u00e0 aller\u00a0<em>\u00ab plus loin \u00bb<\/em> que ses premi\u00e8res intuitions, dans une obscure qu\u00eate de l\u2019incompr\u00e9hensible.<\/p>\n<p>Plut\u00f4t que l\u2019incontournable\u00a0<em>\u00ab Che Guevara de la po\u00e9sie <\/em>\u00bb, Beno\u00eet nous recommande donc d\u2019emporter dans nos bagages d\u2019\u00e9t\u00e9 ce vieux r\u00e9ac de Marcel Aym\u00e9,\u00a0<em>\u00ab le plus grand nouvelliste du XXe si\u00e8cle \u00bb<\/em>. L\u2019ind\u00e9pendance d\u2019esprit ne s\u2019ach\u00e8te pas, m\u00eame sur les quais.<\/p>\n<p>Publi\u00e9 dans <a href=\"http:\/\/www.valeursactuelles.com\/culture\/t%C3%A9l%C3%A9vision\/dis-moi-qui-tu-lis20110601.html\">Valeurs Actuelles<\/a>, le 1er juin 2011<\/p>\n<p>&nbsp;<\/p>\n","protected":false},"excerpt":{"rendered":"<p>D\u00e9cid\u00e9ment, l\u2019\u00e9t\u00e9 est en avance cette saison, y compris \u00e0 la t\u00e9l\u00e9 ! La semaine pass\u00e9e, on a vu coup sur coup deux magazines culturels f\u00eater leur \u201cderni\u00e8re\u201d. Pour la\u00a0Semaine critique ! de FOG, c\u2019\u00e9tait m\u00eame \u201cla der des ders\u201d : son \u00e9mission \u201cne sera pas reconduite en septembre\u201d, pas plus que celle de Guillaume [&hellip;]<\/p>\n","protected":false},"author":9,"featured_media":0,"comment_status":"open","ping_status":"open","sticky":false,"template":"","format":"standard","meta":{"footnotes":""},"categories":[11],"tags":[256,254,253,255],"class_list":{"0":"post-1298","1":"post","2":"type-post","3":"status-publish","4":"format-standard","6":"category-opinions","7":"tag-alexandre-jardin","8":"tag-arthur-rimbaud","9":"tag-benoit-duteurtre","10":"tag-marcel-ayme"},"_links":{"self":[{"href":"https:\/\/blog.causeur.fr\/asiledeblog\/wp-json\/wp\/v2\/posts\/1298","targetHints":{"allow":["GET"]}}],"collection":[{"href":"https:\/\/blog.causeur.fr\/asiledeblog\/wp-json\/wp\/v2\/posts"}],"about":[{"href":"https:\/\/blog.causeur.fr\/asiledeblog\/wp-json\/wp\/v2\/types\/post"}],"author":[{"embeddable":true,"href":"https:\/\/blog.causeur.fr\/asiledeblog\/wp-json\/wp\/v2\/users\/9"}],"replies":[{"embeddable":true,"href":"https:\/\/blog.causeur.fr\/asiledeblog\/wp-json\/wp\/v2\/comments?post=1298"}],"version-history":[{"count":0,"href":"https:\/\/blog.causeur.fr\/asiledeblog\/wp-json\/wp\/v2\/posts\/1298\/revisions"}],"wp:attachment":[{"href":"https:\/\/blog.causeur.fr\/asiledeblog\/wp-json\/wp\/v2\/media?parent=1298"}],"wp:term":[{"taxonomy":"category","embeddable":true,"href":"https:\/\/blog.causeur.fr\/asiledeblog\/wp-json\/wp\/v2\/categories?post=1298"},{"taxonomy":"post_tag","embeddable":true,"href":"https:\/\/blog.causeur.fr\/asiledeblog\/wp-json\/wp\/v2\/tags?post=1298"}],"curies":[{"name":"wp","href":"https:\/\/api.w.org\/{rel}","templated":true}]}}