{"id":1300,"date":"2011-06-09T14:12:33","date_gmt":"2011-06-09T14:12:33","guid":{"rendered":"http:\/\/blog.causeur.fr\/asiledeblog\/?p=1300"},"modified":"2021-04-26T12:57:44","modified_gmt":"2021-04-26T10:57:44","slug":"diable-davocat","status":"publish","type":"post","link":"https:\/\/blog.causeur.fr\/asiledeblog\/diable-davocat-1300","title":{"rendered":"Diable d&rsquo;avocat"},"content":{"rendered":"<p><a href=\"http:\/\/blog.causeur.fr\/asiledeblog\/files\/2011\/06\/21024620-jpeg_preview_large.jpeg\"><img loading=\"lazy\" decoding=\"async\" class=\"alignleft size-medium wp-image-1301\" src=\"http:\/\/blog.causeur.fr\/asiledeblog\/files\/2011\/06\/21024620-jpeg_preview_large-300x225.jpg\" alt=\"\" width=\"240\" height=\"180\" srcset=\"https:\/\/blog.causeur.fr\/asiledeblog\/wp-content\/uploads\/sites\/10\/2011\/06\/21024620-jpeg_preview_large-300x225.jpg 300w, https:\/\/blog.causeur.fr\/asiledeblog\/wp-content\/uploads\/sites\/10\/2011\/06\/21024620-jpeg_preview_large.jpeg 320w\" sizes=\"auto, (max-width: 240px) 100vw, 240px\" \/><\/a>\u00ab\u00a0Sexe et politique\u00a0\u00bb, tel \u00e9tait, mardi 31 mai, le th\u00e8me de\u00a0<em>Ce soir (ou jamais !)<\/em>, impos\u00e9 par l\u2019actualit\u00e9. Au menu bien s\u00fbr, DSK, Georges Tron, Berlusconi\u00a0<em>et alii<\/em>, et le harc\u00e8lement sexuel en g\u00e9n\u00e9ral. Sur le plateau en revanche, Me Thierry L\u00e9vy (<em>photo<\/em>) s\u2019est tr\u00e8s vite impos\u00e9 comme la star de la soir\u00e9e, \u00e0 coups d\u2019envol\u00e9es lyriques et de taser intellectuel. \u00a0<!--more--><\/p>\n<p>D\u2019entr\u00e9e, sa plaidoirie pour DSK donne le ton :\u00a0<em>\u00ab Ou il est fou, ou il est innocent ! Et s\u2019il est fou, c\u2019est encore plus beau ! \u00bb <\/em>Au mieux, c\u2019est du Dal\u00ed ! Au pire, c\u2019est du d\u00e9lire, comme une correspondance entre Lacan et Foucault sur les \u201cabsences\u201d d\u2019Althusser. En tout cas, on n\u2019aimerait pas \u00eatre client de ce praticien-l\u00e0.<\/p>\n<p>Au moins Thierry L\u00e9vy n\u2019est-il pas un vrai avocat : il croit \u00e0 ce qu\u2019il dit, aussi aberrant que cela puisse \u00eatre par ailleurs. Pourtant, on a pu en douter un instant quand, ce soir-l\u00e0, il s\u2019est mis \u00e0 hurler avec les loups contre l\u2019infortun\u00e9 Luc Ferry, ce pr\u00e9sum\u00e9 coupable du crime de d\u00e9nonciation sous X.<\/p>\n<p><em>\u00ab \u00c7a me soul\u00e8ve le coeur ! \u00bb, <\/em>s\u2019est exclam\u00e9 le ma\u00eetre avec mouvements de manches coordonn\u00e9s. Et dans l\u2019affaire DSK, alors ? Que n\u2019a-t-il trouv\u00e9 les m\u00eames mots pour la victime \u00e9ventuelle du pr\u00e9sum\u00e9 dingue !<\/p>\n<p>Et pourquoi s\u2019acharner ainsi sur Luc Ferry ? Sa sortie de route n\u2019\u00e9tait assur\u00e9ment pas pr\u00e9m\u00e9dit\u00e9e ! C\u2019est un accident\u00e9 des m\u00e9dias, victime d\u2019un \u201cdrame de l\u2019imprudence\u201d, comme disent les localiers de \u201cla R\u00e9publique du Nord-Sud\u201d.<\/p>\n<p>\u00c0 force de vouloir s\u2019exposer \u00e0 tout prix, Luc s\u2019est laiss\u00e9 embarquer dans une conversation trop cool pour \u00eatre honn\u00eate, jusqu\u2019\u00e0 rapporter un fait d\u00e9j\u00e0 \u00e9voqu\u00e9 dans la presse, mais qu\u2019il tenait, lui, des \u201cplus hautes autorit\u00e9s\u201d. OK, c\u2019est pas bien de rapporter \u2013 mais il n\u2019y a pas non plus de quoi vous \u201csoulever le c\u0153ur\u201d\u2026<\/p>\n<p>Cela dit, avec Thierry L\u00e9vy, mieux vaut ne s\u2019\u00e9tonner de rien : les surprises se suivent mais ne se ressemblent pas. Ainsi r\u00e9pond-il pertinemment, quelques instants plus tard, \u00e0 la r\u00e9alisatrice Cristina Comencini qui se plaint que\u00a0<em>\u00ab le d\u00e9sir <\/em>[vienne]\u00a0<em>encore du fait que la femme est subalterne \u00bb <\/em>: \u00ab\u00a0<em>Ce n\u2019est pas la faute des hommes ! Qui \u00e9crit le magazine <\/em>Elle\u00a0<em>? \u00bb<\/em><\/p>\n<p><em> <\/em>DSK, Ferry, le f\u00e9minisme : \u00e0 travers ses prises de position souvent inattendues, et toujours tranchantes comme un couperet, se dessine comme le portrait d\u2019un Robespierre avocat. Mais bon ! N\u2019avons-nous pas assez de Mirabeau procureurs ?<\/p>\n<p>&nbsp;<\/p>\n<p>Publi\u00e9 dans <a href=\"http:\/\/www.valeursactuelles.com\/culture\/t%C3%A9l%C3%A9vision\/diable-d%E2%80%99avocat20110609.html\">Valeurs Actuelles<\/a>, le 9 juin 2011<\/p>\n","protected":false},"excerpt":{"rendered":"<p>\u00ab\u00a0Sexe et politique\u00a0\u00bb, tel \u00e9tait, mardi 31 mai, le th\u00e8me de\u00a0Ce soir (ou jamais !), impos\u00e9 par l\u2019actualit\u00e9. Au menu bien s\u00fbr, DSK, Georges Tron, Berlusconi\u00a0et alii, et le harc\u00e8lement sexuel en g\u00e9n\u00e9ral. Sur le plateau en revanche, Me Thierry L\u00e9vy (photo) s\u2019est tr\u00e8s vite impos\u00e9 comme la star de la soir\u00e9e, \u00e0 coups d\u2019envol\u00e9es [&hellip;]<\/p>\n","protected":false},"author":9,"featured_media":0,"comment_status":"open","ping_status":"open","sticky":false,"template":"","format":"standard","meta":{"footnotes":""},"categories":[11],"tags":[258],"class_list":{"0":"post-1300","1":"post","2":"type-post","3":"status-publish","4":"format-standard","6":"category-opinions","7":"tag-thierry-levy"},"_links":{"self":[{"href":"https:\/\/blog.causeur.fr\/asiledeblog\/wp-json\/wp\/v2\/posts\/1300","targetHints":{"allow":["GET"]}}],"collection":[{"href":"https:\/\/blog.causeur.fr\/asiledeblog\/wp-json\/wp\/v2\/posts"}],"about":[{"href":"https:\/\/blog.causeur.fr\/asiledeblog\/wp-json\/wp\/v2\/types\/post"}],"author":[{"embeddable":true,"href":"https:\/\/blog.causeur.fr\/asiledeblog\/wp-json\/wp\/v2\/users\/9"}],"replies":[{"embeddable":true,"href":"https:\/\/blog.causeur.fr\/asiledeblog\/wp-json\/wp\/v2\/comments?post=1300"}],"version-history":[{"count":0,"href":"https:\/\/blog.causeur.fr\/asiledeblog\/wp-json\/wp\/v2\/posts\/1300\/revisions"}],"wp:attachment":[{"href":"https:\/\/blog.causeur.fr\/asiledeblog\/wp-json\/wp\/v2\/media?parent=1300"}],"wp:term":[{"taxonomy":"category","embeddable":true,"href":"https:\/\/blog.causeur.fr\/asiledeblog\/wp-json\/wp\/v2\/categories?post=1300"},{"taxonomy":"post_tag","embeddable":true,"href":"https:\/\/blog.causeur.fr\/asiledeblog\/wp-json\/wp\/v2\/tags?post=1300"}],"curies":[{"name":"wp","href":"https:\/\/api.w.org\/{rel}","templated":true}]}}