{"id":1311,"date":"2011-06-16T10:07:07","date_gmt":"2011-06-16T10:07:07","guid":{"rendered":"http:\/\/blog.causeur.fr\/asiledeblog\/?p=1311"},"modified":"2021-04-26T12:57:44","modified_gmt":"2021-04-26T10:57:44","slug":"dsk-au-poste","status":"publish","type":"post","link":"https:\/\/blog.causeur.fr\/asiledeblog\/dsk-au-poste-1311","title":{"rendered":"DSK au poste"},"content":{"rendered":"<p><a href=\"http:\/\/blog.causeur.fr\/asiledeblog\/files\/2011\/06\/Basile-de-Koch-DSK.jpeg\"><img loading=\"lazy\" decoding=\"async\" class=\"alignleft size-medium wp-image-1313\" src=\"http:\/\/blog.causeur.fr\/asiledeblog\/files\/2011\/06\/Basile-de-Koch-DSK-300x190.jpg\" alt=\"\" width=\"300\" height=\"190\" srcset=\"https:\/\/blog.causeur.fr\/asiledeblog\/wp-content\/uploads\/sites\/10\/2011\/06\/Basile-de-Koch-DSK-300x190.jpg 300w, https:\/\/blog.causeur.fr\/asiledeblog\/wp-content\/uploads\/sites\/10\/2011\/06\/Basile-de-Koch-DSK.jpeg 605w\" sizes=\"auto, (max-width: 300px) 100vw, 300px\" \/><\/a>Trois semaines apr\u00e8s les faits, l\u2019engouement suspect des masses pour \u201cla chute de DSK\u201d n\u2019\u00e9tait pas retomb\u00e9 qu\u2019il rebondissait d\u00e9j\u00e0 avec la comparution de l\u2019int\u00e9ress\u00e9, venu confirmer devant le tribunal ce que tout le monde savait : il plaidait non coupable.\u00a0<!--more--><\/p>\n<p>N\u2019emp\u00eache ! France 2 et les cha\u00eenes d\u2019info en continu (BFM TV, iT\u00e9l\u00e9, LCI) n\u2019ont pas h\u00e9sit\u00e9 \u00e0 organiser des \u201cjourn\u00e9es sp\u00e9ciales\u201d pour couvrir ce non-\u00e9v\u00e9nement. Vous me direz, on ne sait jamais : DSK aurait pu soudain craquer, tout avouer, exprimer des remords et r\u00e9clamer un ch\u00e2timent exemplaire\u2026 Ou se d\u00e9fenestrer, pour peu que la chambre ne si\u00e8ge pas au rez-de-chauss\u00e9e.<\/p>\n<p>Dans le monde r\u00e9el, il a simplement r\u00e9p\u00e9t\u00e9 :\u00a0<em>\u00ab Not guilty. \u00bb <\/em>Encore n\u2019a-t-on pas eu les images ni m\u00eame le son. Et gu\u00e8re moyen de d\u00e9layer, puisque l\u2019\u201caffaire\u201d a \u00e9t\u00e9 r\u00e9gl\u00e9e en quatre minutes TTC. Encore heureux que nos t\u00e9l\u00e9s aient eu droit \u00e0 la manif des femmes de chambre avant, et aux d\u00e9briefings des avocats apr\u00e8s. Au moins deux trucs \u00e0 se mettre sous la cam\u00e9ra !<\/p>\n<p>&nbsp;<\/p>\n<p>Pour le reste, il a bien fallu meubler. Alors les journalistes se sont recopi\u00e9s, les cameramen se sont film\u00e9s en rond et les d\u00e9batteurs ont d\u00e9battu. D\u2019ailleurs, la seule chose qui soit ressortie clairement de leurs d\u00e9bats, c\u2019est l\u2019extr\u00eame pr\u00e9visibilit\u00e9 de ce non-\u00e9v\u00e9nement.<\/p>\n<p>Le soir m\u00eame, deux \u00e9missions vont rebondir sur cette actu, chacune \u00e0 sa fa\u00e7on. Sur France 2 en guise de\u00a0<em>Compl\u00e9ment d\u2019enqu\u00eate<\/em>, Beno\u00eet Duquesne nous sert sa salade mixte avec des morceaux de Washington et de Sarcelles, l\u2019avocat d\u2019une plaignante qui ne veut pas porter plainte, le harc\u00e8lement sexuel des origines \u00e0 nos jours et les sexologues en blouse blanche pour en parler.<\/p>\n<p>Mais la vraie star de l\u2019\u00e9mission, qui pourtant a d\u00e9clin\u00e9 l\u2019invitation, c\u2019est Anne Sinclair. Dans un moyen-m\u00e9trage, ses proches la b\u00e9atifient avant que, sur le plateau, son ex-mari Ivan Leva\u00ef, visiblement \u00e9mu, la compare carr\u00e9ment \u00e0 Antigone.<\/p>\n<p>Cela dit, en zappant intelligemment, on peut voir aussi ce soir-l\u00e0 l\u2019\u00e9mission de Tadde\u00ef sur France3, et sur DSK toujours. L\u00e0, deux personnes que tout semble opposer posent tour \u00e0 tour la m\u00eame question.<\/p>\n<p>Chez Jean-Xavier de Lestrade, documentariste oscaris\u00e9, sp\u00e9cialis\u00e9 dans les affaires criminelles, \u00e7a donne :\u00a0<em>\u00ab Quels que soient les faits, comment DSK a-t-il pu se mettre dans cette situation-l\u00e0 ? \u00bb<\/em>Dans la version de Mathieu Kassovitz, cin\u00e9aste ind\u00e9pendant m\u00eame des ind\u00e9pendants, \u00e7a devient de l\u2019Audiard revisit\u00e9 par Coluche :\u00a0<em>\u00ab Si je veux \u00eatre pr\u00e9sident, c\u2019est bon : je me la roule, et je la fumerai dans cinq ans ! \u00bb<\/em><\/p>\n<p><em> <\/em>C\u2019est n\u00e9gliger l\u2019hypoth\u00e8se d\u2019une double d\u00e9pendance au sexe et au pouvoir. Au moins, dans son malheur (qu\u2019il s\u2019appelle innocence incomprise, p\u00e9ch\u00e9 ou folie), Dominique Strauss-Kahn a-t-il apparemment un bonheur qui s\u2019appelle Anne Sinclair \u2013 \u201cAntigone\u201d pour les intimes. Celle qui, sans sourciller, paye l\u2019addiction.<\/p>\n<p>&nbsp;<\/p>\n<p>Publi\u00e9 pour <a href=\"http:\/\/www.valeursactuelles.com\/culture\/t%C3%A9l%C3%A9vision\/diable-d%E2%80%99avocat20110616.html\">Valeurs Actuelles<\/a>, le 16 juin 2011<\/p>\n<p>&nbsp;<\/p>\n","protected":false},"excerpt":{"rendered":"<p>Trois semaines apr\u00e8s les faits, l\u2019engouement suspect des masses pour \u201cla chute de DSK\u201d n\u2019\u00e9tait pas retomb\u00e9 qu\u2019il rebondissait d\u00e9j\u00e0 avec la comparution de l\u2019int\u00e9ress\u00e9, venu confirmer devant le tribunal ce que tout le monde savait : il plaidait non coupable.\u00a0<\/p>\n","protected":false},"author":9,"featured_media":0,"comment_status":"open","ping_status":"open","sticky":false,"template":"","format":"standard","meta":{"footnotes":""},"categories":[11],"tags":[69],"class_list":{"0":"post-1311","1":"post","2":"type-post","3":"status-publish","4":"format-standard","6":"category-opinions","7":"tag-dsk"},"_links":{"self":[{"href":"https:\/\/blog.causeur.fr\/asiledeblog\/wp-json\/wp\/v2\/posts\/1311","targetHints":{"allow":["GET"]}}],"collection":[{"href":"https:\/\/blog.causeur.fr\/asiledeblog\/wp-json\/wp\/v2\/posts"}],"about":[{"href":"https:\/\/blog.causeur.fr\/asiledeblog\/wp-json\/wp\/v2\/types\/post"}],"author":[{"embeddable":true,"href":"https:\/\/blog.causeur.fr\/asiledeblog\/wp-json\/wp\/v2\/users\/9"}],"replies":[{"embeddable":true,"href":"https:\/\/blog.causeur.fr\/asiledeblog\/wp-json\/wp\/v2\/comments?post=1311"}],"version-history":[{"count":0,"href":"https:\/\/blog.causeur.fr\/asiledeblog\/wp-json\/wp\/v2\/posts\/1311\/revisions"}],"wp:attachment":[{"href":"https:\/\/blog.causeur.fr\/asiledeblog\/wp-json\/wp\/v2\/media?parent=1311"}],"wp:term":[{"taxonomy":"category","embeddable":true,"href":"https:\/\/blog.causeur.fr\/asiledeblog\/wp-json\/wp\/v2\/categories?post=1311"},{"taxonomy":"post_tag","embeddable":true,"href":"https:\/\/blog.causeur.fr\/asiledeblog\/wp-json\/wp\/v2\/tags?post=1311"}],"curies":[{"name":"wp","href":"https:\/\/api.w.org\/{rel}","templated":true}]}}