{"id":1314,"date":"2011-06-23T15:32:34","date_gmt":"2011-06-23T15:32:34","guid":{"rendered":"http:\/\/blog.causeur.fr\/asiledeblog\/?p=1314"},"modified":"2021-04-26T12:57:44","modified_gmt":"2021-04-26T10:57:44","slug":"duran-duran","status":"publish","type":"post","link":"https:\/\/blog.causeur.fr\/asiledeblog\/duran-duran-1314","title":{"rendered":"Durant Durand"},"content":{"rendered":"<p><a href=\"http:\/\/blog.causeur.fr\/asiledeblog\/files\/2011\/06\/Luc-Ferry.png\"><img loading=\"lazy\" decoding=\"async\" class=\"alignleft size-full wp-image-1315\" src=\"http:\/\/blog.causeur.fr\/asiledeblog\/files\/2011\/06\/Luc-Ferry.png\" alt=\"\" width=\"300\" height=\"165\" \/><\/a>Guillaume Durand n\u2019est pas content, et il ne se prive pas de le dire :\u00a0<em>\u00ab La direction de France T\u00e9l\u00e9visions ne souhaite pas que je participe \u00e0 la campagne \u00e9lectorale. \u00bb\u00a0<!--more--><\/em><\/p>\n<p>Mercredi dernier, donc, c\u2019\u00e9tait la der des ders de son \u00e9tonnante \u00e9mission :<em>Face aux Fran\u00e7ais\u2026 Conversations in\u00e9dites<\/em>. Pour l\u2019occasion, l\u2019animateur n\u2019avait pas h\u00e9sit\u00e9 \u00e0 bousculer son propre concept. Au diable la traditionnelle confrontation entre deux personnalit\u00e9s qui n\u2019ont rien \u00e0 se dire ; place au d\u00e9bat entre \u201cquatre stars du journalisme\u201d qui pensent la m\u00eame chose.\u00a0<!--more--><\/p>\n<p>Blague dans le coin, en d\u00e9couvrant les \u201cstars\u201d invit\u00e9es, j\u2019avais la main sur la zappette. Jean-Michel Aphatie, Jean-Marie Colombani, Christine Ockrent et Serge July, \u00e7a fait quand m\u00eame beaucoup pour un seul t\u00e9l\u00e9spectateur !<\/p>\n<p>Malgr\u00e9 tout le talent de Guillaume Durand, comment voulez-vous relancer le d\u00e9bat quand tout le monde est d\u2019accord ? Or, rien n\u2019a pu arr\u00eater le robinet d\u2019eau ti\u00e8de, ni les r\u00e9voltes arabes, ni le drame du Japon, ni la mort de Ben Laden, ni la chute de DSK.<\/p>\n<p>Un moment dr\u00f4le quand m\u00eame : \u00e0 propos d\u2019affaires de m\u0153urs, on a \u00e9videmment encha\u00een\u00e9 sur la terrible \u201caffaire Ferry\u201d \u2013 et Luc fut condamn\u00e9 en des termes bien plus s\u00e9v\u00e8res que Dominique. Mais il est vrai que l\u2019un des deux est pr\u00e9sum\u00e9 innocent.<\/p>\n<p>Heureusement, parmi ses \u00e9bouriffements de l\u2019ann\u00e9e, Durand avait galamment s\u00e9lectionn\u00e9 Marine Le Pen. \u00c7a nous a valu quelques \u00e9changes \u00e0 la Ionesco sur le th\u00e8me \u201cLe FN, ou comment s\u2019en d\u00e9barrasser\u201d.<\/p>\n<p>Tr\u00e8s remont\u00e9, Colombani s\u2019indigne du\u00a0<em>\u00ab processus totalement dynastique \u00bb <\/em>de l\u2019\u00e9lection de Marine \u00e0 la t\u00eate du FN.\u00a0<em>\u00ab Pas du tout ! \u00bb <\/em>r\u00e9torque Ockrent :\u00a0<em>\u00ab Elle a gagn\u00e9 parce qu\u2019elle avait du talent, et c\u2019est bien le probl\u00e8me ! \u00bb<\/em><\/p>\n<p>Autre \u00e9tonnante passe d\u2019armes, entre Aphatie et July cette fois. Le premier s\u2019agace de la\u00a0<em>\u00ab multiplicit\u00e9 des candidatures \u00e0 la pr\u00e9sidentielle \u00bb<\/em>. Cette cacophonie ne fausse-t-elle pas d\u2019avance le vrai d\u00e9bat entre finalistes du second tour ? Mais qui, \u00e0 part Aphatie et la Pythie, conna\u00eet leurs noms d\u2019avance ?<\/p>\n<p>En attendant, Jean-Michel a une id\u00e9e : faire passer le nombre de parrainages\u00a0<em>\u00ab de 500 \u00e0 1 000 ou 2 000 \u00bb<\/em>\u2026 Attention quand m\u00eame, Jean-Mi ! Avec ton syst\u00e8me, un de ces jours, il n\u2019y aura plus qu\u2019un candidat qui pourra se pr\u00e9senter. Est-ce l\u2019id\u00e9e que tu te fais de la d\u00e9mocratie ?<\/p>\n<p>Face \u00e0 cette aberration, la bonne surprise vient de Serge July, pour qui\u00a0<em>\u00ab il n\u2019est pas normal qu\u2019avec 15 % des voix, le FN ait z\u00e9ro d\u00e9put\u00e9 <\/em>[\u2026].\u00a0<em>Quand des millions d\u2019\u00e9lecteurs ne sont pas repr\u00e9sent\u00e9s \u00e0 l\u2019Assembl\u00e9e nationale, ce n\u2019est plus la d\u00e9mocratie, c\u2019est un syst\u00e8me ferm\u00e9 \u00bb.<\/em><\/p>\n<p>Si je m\u2019attendais \u00e0 citer un jour l\u2019ex-patron cofondateur de\u00a0<em>Lib\u00e9 <\/em>! \u00c0 coup s\u00fbr, \u00e7a ne nous rajeunit pas, Serge et moi. Mais bon, si \u00e7a peut aider au progr\u00e8s g\u00e9n\u00e9ral de l\u2019humanit\u00e9&#8230;<\/p>\n<p>Publi\u00e9 pour <a href=\"http:\/\/www.valeursactuelles.com\/culture\/t%C3%A9l%C3%A9vision\/durant-durand20110623.html\">Valeurs Actuelles<\/a>, le 23 juin 2011<\/p>\n<p>&nbsp;<\/p>\n","protected":false},"excerpt":{"rendered":"<p>Guillaume Durand n\u2019est pas content, et il ne se prive pas de le dire :\u00a0\u00ab La direction de France T\u00e9l\u00e9visions ne souhaite pas que je participe \u00e0 la campagne \u00e9lectorale. \u00bb\u00a0<\/p>\n","protected":false},"author":9,"featured_media":0,"comment_status":"open","ping_status":"open","sticky":false,"template":"","format":"standard","meta":{"footnotes":""},"categories":[11],"tags":[262,261],"class_list":{"0":"post-1314","1":"post","2":"type-post","3":"status-publish","4":"format-standard","6":"category-opinions","7":"tag-guillaume-durand","8":"tag-luc-ferry"},"_links":{"self":[{"href":"https:\/\/blog.causeur.fr\/asiledeblog\/wp-json\/wp\/v2\/posts\/1314","targetHints":{"allow":["GET"]}}],"collection":[{"href":"https:\/\/blog.causeur.fr\/asiledeblog\/wp-json\/wp\/v2\/posts"}],"about":[{"href":"https:\/\/blog.causeur.fr\/asiledeblog\/wp-json\/wp\/v2\/types\/post"}],"author":[{"embeddable":true,"href":"https:\/\/blog.causeur.fr\/asiledeblog\/wp-json\/wp\/v2\/users\/9"}],"replies":[{"embeddable":true,"href":"https:\/\/blog.causeur.fr\/asiledeblog\/wp-json\/wp\/v2\/comments?post=1314"}],"version-history":[{"count":0,"href":"https:\/\/blog.causeur.fr\/asiledeblog\/wp-json\/wp\/v2\/posts\/1314\/revisions"}],"wp:attachment":[{"href":"https:\/\/blog.causeur.fr\/asiledeblog\/wp-json\/wp\/v2\/media?parent=1314"}],"wp:term":[{"taxonomy":"category","embeddable":true,"href":"https:\/\/blog.causeur.fr\/asiledeblog\/wp-json\/wp\/v2\/categories?post=1314"},{"taxonomy":"post_tag","embeddable":true,"href":"https:\/\/blog.causeur.fr\/asiledeblog\/wp-json\/wp\/v2\/tags?post=1314"}],"curies":[{"name":"wp","href":"https:\/\/api.w.org\/{rel}","templated":true}]}}