{"id":1322,"date":"2011-06-30T12:49:43","date_gmt":"2011-06-30T12:49:43","guid":{"rendered":"http:\/\/blog.causeur.fr\/asiledeblog\/?p=1322"},"modified":"2021-04-26T12:57:44","modified_gmt":"2021-04-26T10:57:44","slug":"pot-de-depart-chez-ruquier","status":"publish","type":"post","link":"https:\/\/blog.causeur.fr\/asiledeblog\/pot-de-depart-chez-ruquier-1322","title":{"rendered":"Pot de d\u00e9part chez Ruquier"},"content":{"rendered":"<p><a href=\"http:\/\/blog.causeur.fr\/asiledeblog\/files\/2011\/06\/Erci-Zemmour-et-Isabelle-Alonso.png\"><img loading=\"lazy\" decoding=\"async\" class=\"alignleft size-full wp-image-1323\" src=\"http:\/\/blog.causeur.fr\/asiledeblog\/files\/2011\/06\/Erci-Zemmour-et-Isabelle-Alonso.png\" alt=\"\" width=\"300\" height=\"167\" \/><\/a>Excellente ambiance samedi 25 juin sur le plateau d\u2019<em>On n\u2019est pas couch\u00e9 <\/em>pour la derni\u00e8re de la saison \u2013 qui \u00e9tait aussi celle du duo Zemmour-Naulleau dans l\u2019\u00e9mission. Il faut dire que Laurent Ruquier avait bien fait les choses en invitant notamment l\u2019\u00e9crivain(e) et humoriste ( ? ) Isabelle Alonso, fondatrice des Chiennes de garde. Un magnifique cadeau de d\u00e9part pour nos deux \u201cchiens m\u00e9chants\u201d qui, chacun \u00e0 sa fa\u00e7on, adorent se mettre sous la dent ce genre de f\u00e9ministes vaguement caricaturales.\u00a0<!--more--><\/p>\n<p>Elle non plus n\u2019a pas eu \u00e0 se plaindre, ma foi. Cliente r\u00e9guli\u00e8re de l\u2019\u00e9mission, elle sait parfaitement \u00e0 quoi s\u2019attendre de la part des \u201cdeuz\u00e9ric\u201d, comme dit Laurent Ruquier. Mais peu lui chaut : elle est l\u00e0 pour parler de son dernier livre,\u00a0<em>Sexe : pourquoi on ment<\/em>.<\/p>\n<p>Sa th\u00e8se, Isabelle la r\u00e9sume d\u2019une phrase d\u00e9finitive :\u00a0<em>\u00ab Toutes les femmes sont clitoridiennes ! \u00bb <\/em>Et de d\u00e9velopper sa pens\u00e9e, dans un argot h\u00e9las difficile \u00e0 reproduire \u00e0 cette heure de grande lecture.<\/p>\n<p>Exemple :\u00a0<em>\u00ab Comme la R\u00e9publique, la\u2026 <\/em>[vocable trivial d\u00e9signant les organes g\u00e9nitaux f\u00e9minins]\u00a0<em>est une et indivisible ! \u00bb <\/em>En un gros mot comme en cent, si \u201con nous ment\u201d sur ce d\u00e9licat probl\u00e8me, ce n\u2019est pas un hasard : il s\u2019agit encore et toujours pour le m\u00e2le dominant d\u2019imposer sa vision \u201cmacho\u201d de la sexualit\u00e9.<\/p>\n<p>Cette int\u00e9ressante opinion nous vaudra au moins un \u00e9change rigolo avec \u00c9ric Zemmour :\u00a0<em>\u00ab En fait de modernit\u00e9<\/em>, dit-il,\u00a0<em>ce livre est un copi\u00e9-coll\u00e9 de la sous-culture distill\u00e9e dans <\/em>Elle\u00a0<em>depuis quarante ans ! <\/em>\u2013\u00a0<em>Mais je ne lis m\u00eame pas <\/em>Elle<em>\u2026 <\/em>\u2013\u00a0<em>Pas besoin, vous \u00eates<\/em>Elle\u00a0<em>! \u00bb<\/em><\/p>\n<p>Isabelle Alonso, pour sa part, se compare plus volontiers \u00e0 Simone de Beauvoir ou, au choix, \u00e0 Olympe de Gouges \u2013 avant de nous livrer sa recette d\u2019une sexualit\u00e9 enfin\u00a0<em>\u00ab guillerette et joyeuse \u00bb <\/em>: il suffirait, savez-vous,\u00a0<em>\u00ab que les filles puissent se comporter comme les mecs sans se faire traiter de putes\u2026 Un peu comme \u00e7a se passe chez les homosexuels \u00bb.<\/em><\/p>\n<p>La balle \u00e0 \u00c9ric Naulleau, qui apparemment ne veut pas \u00eatre en reste sur\u00a0<em>son comp\u00e8re : \u00ab Il faudrait une \u00e9mission enti\u00e8re pour cerner la b\u00eatise de ce livre <\/em>[\u2026]<em>, avec sa vision rabougrie et vindicative du f\u00e9minisme. \u00bb<\/em><\/p>\n<p>Bref, le genre d\u2019\u00e9changes qu\u2019on regrettera chez Ruquier ! Mais que les inconditionnels de notre duo infernal se rassurent : on devrait le retrouver d\u00e8s la rentr\u00e9e sur la cha\u00eene Paris Premi\u00e8re. Pour le remplacer, Ruquier envisage de faire appel \u00e0\u00a0<em>\u00ab deux femmes, une de droite et une de gauche \u00bb<\/em>. Un changement qui devrait rencontrer le plein assentiment d\u2019Isabelle Alonso \u2013 au moins jusqu\u2019au jour o\u00f9, in\u00e9vitablement, ses soeurs de \u201cgenre\u201d la trahiront en la contredisant.<\/p>\n<p>&nbsp;<\/p>\n<p>Publi\u00e9 pour <a href=\"http:\/\/www.valeursactuelles.com\/culture\/t%C3%A9l%C3%A9vision\/pot-de-d%C3%A9part-chez-ruquier20110630.html\">Valeurs Actuelles<\/a>, le 30 juin 2011<\/p>\n<p>&nbsp;<\/p>\n","protected":false},"excerpt":{"rendered":"<p>Excellente ambiance samedi 25 juin sur le plateau d\u2019On n\u2019est pas couch\u00e9 pour la derni\u00e8re de la saison \u2013 qui \u00e9tait aussi celle du duo Zemmour-Naulleau dans l\u2019\u00e9mission. Il faut dire que Laurent Ruquier avait bien fait les choses en invitant notamment l\u2019\u00e9crivain(e) et humoriste ( ? ) Isabelle Alonso, fondatrice des Chiennes de garde. [&hellip;]<\/p>\n","protected":false},"author":9,"featured_media":0,"comment_status":"open","ping_status":"open","sticky":false,"template":"","format":"standard","meta":{"footnotes":""},"categories":[11],"tags":[76,77,266,264],"class_list":{"0":"post-1322","1":"post","2":"type-post","3":"status-publish","4":"format-standard","6":"category-opinions","7":"tag-eric-naulleau","8":"tag-eric-zemmour","9":"tag-feminisme","10":"tag-laurent-ruquier"},"_links":{"self":[{"href":"https:\/\/blog.causeur.fr\/asiledeblog\/wp-json\/wp\/v2\/posts\/1322","targetHints":{"allow":["GET"]}}],"collection":[{"href":"https:\/\/blog.causeur.fr\/asiledeblog\/wp-json\/wp\/v2\/posts"}],"about":[{"href":"https:\/\/blog.causeur.fr\/asiledeblog\/wp-json\/wp\/v2\/types\/post"}],"author":[{"embeddable":true,"href":"https:\/\/blog.causeur.fr\/asiledeblog\/wp-json\/wp\/v2\/users\/9"}],"replies":[{"embeddable":true,"href":"https:\/\/blog.causeur.fr\/asiledeblog\/wp-json\/wp\/v2\/comments?post=1322"}],"version-history":[{"count":0,"href":"https:\/\/blog.causeur.fr\/asiledeblog\/wp-json\/wp\/v2\/posts\/1322\/revisions"}],"wp:attachment":[{"href":"https:\/\/blog.causeur.fr\/asiledeblog\/wp-json\/wp\/v2\/media?parent=1322"}],"wp:term":[{"taxonomy":"category","embeddable":true,"href":"https:\/\/blog.causeur.fr\/asiledeblog\/wp-json\/wp\/v2\/categories?post=1322"},{"taxonomy":"post_tag","embeddable":true,"href":"https:\/\/blog.causeur.fr\/asiledeblog\/wp-json\/wp\/v2\/tags?post=1322"}],"curies":[{"name":"wp","href":"https:\/\/api.w.org\/{rel}","templated":true}]}}