{"id":1324,"date":"2011-07-07T13:56:42","date_gmt":"2011-07-07T13:56:42","guid":{"rendered":"http:\/\/blog.causeur.fr\/asiledeblog\/?p=1324"},"modified":"2021-04-26T12:57:44","modified_gmt":"2021-04-26T10:57:44","slug":"ma-deuxieme-nuit-avec-dsk","status":"publish","type":"post","link":"https:\/\/blog.causeur.fr\/asiledeblog\/ma-deuxieme-nuit-avec-dsk-1324","title":{"rendered":"Ma deuxi\u00e8me nuit avec DSK"},"content":{"rendered":"<p><a href=\"http:\/\/blog.causeur.fr\/asiledeblog\/files\/2011\/07\/Jean-Jacques-Bourdin.png\"><img loading=\"lazy\" decoding=\"async\" class=\"alignleft size-full wp-image-1325\" src=\"http:\/\/blog.causeur.fr\/asiledeblog\/files\/2011\/07\/Jean-Jacques-Bourdin.png\" alt=\"\" width=\"250\" height=\"169\" \/><\/a>Longtemps, moi aussi je me suis couch\u00e9 de bonne heure. Puis mes activit\u00e9s de chroniqueur mondain et t\u00e9l\u00e9visuel m\u2019ont fait basculer progressivement vers l\u2019heure espagnole, puis grecque et parfois australienne. Bref, \u00e0 2 h 30 du matin, il m\u2019arrive fr\u00e9quemment d\u2019\u00eatre encore debout, ou au moins assis \u00e0 ma table de travail \u2013 et souvent m\u00eame pour vous servir\u2026 Mais je dois \u00e0 la v\u00e9rit\u00e9 de dire que vendredi dernier, \u00e0 cette heure matinale, je me livrais \u00e0 une occupation nettement moins s\u00e9rieuse : citer Voltaire sur Twitter !\u00a0<!--more--><\/p>\n<p><em>\u00ab Celui qui lit sans crayon \u00e0 la main dort \u00bb <\/em>: j\u2019achevais de \u201cpartager\u201d, comme on dit, cette excellente formule quand mon oeil fut attir\u00e9 par un autre\u00a0<em>tweet<\/em>, et autrement plus urgent : selon le\u00a0<em>New York Times<\/em>,\u00a0<em>\u00ab le dossier d\u2019accusation contre DSK (\u00e9tait) en train de s\u2019effondrer \u00bb<\/em>.<\/p>\n<p>Je faillis tomber de ma chaise, comme d\u00e9j\u00e0 cette fameuse nuit du 14 mai o\u00f9 avait d\u00e9but\u00e9 l\u2019invraisemblable s\u00e9rie polici\u00e8re dont DSK est le h\u00e9ros malgr\u00e9 lui.<\/p>\n<p>Pour la deuxi\u00e8me fois en moins de deux mois, mes horaires tardifs m\u2019ont donc permis d\u2019apprendre parmi les premiers une nouvelle pas banale, et d\u2019en observer le traitement m\u00e9diatique au fil de la nuit.<\/p>\n<p>Peu \u00e0 peu entre 3 et 4 heures, cette\u00a0<em>breaking news <\/em>fut reprise par les radios et les sites des principaux journaux. \u00c0 la t\u00e9l\u00e9vision en revanche, silence radio ! Entendons-nous bien : je ne reproche pas \u00e0 TF1 d\u2019avoir poursuivi ses l\u00e9gendaires\u00a0<em>Histoires naturelles<\/em>, ni m\u00eame \u00e0 France 2 d\u2019avoir maintenu la rediffusion du\u00a0<em>Taratata <\/em>sp\u00e9cial Lady Gaga. Service public oblige !<\/p>\n<p>Mais quid des pr\u00e9tendues \u201ccha\u00eenes d\u2019info en continu\u201d ? \u00c0 5 h 30 encore, sur BFMTV, iT\u00e9l\u00e9 et LCI, on r\u00e9p\u00e9tait en boucle l\u2019info de la veille (Strauss-Kahn convoqu\u00e9 \u00e0 l\u2019improviste au tribunal), sans mentionner jamais les r\u00e9v\u00e9lations du\u00a0<em>New York Times<\/em>. Pour expliquer cette comparution surprise, on se perdait en conjectures : les avocats de DSK allaient peut-\u00eatre demander quelque chose au juge ? \u00c0 moins que ce ne soit le procureur ? Ou tout le monde ensemble ?<\/p>\n<p>J\u2019imaginais les locaux d\u00e9serts des trois cha\u00eenes, et les magn\u00e9tos tournant tout seuls sous l\u2019\u0153il bienveillant du gardien de nuit\u2026 Quand soudain \u00e0 5 h 45, avec un bel ensemble, les trois cha\u00eenes s\u2019empar\u00e8rent enfin de l\u2019enqu\u00eate du quotidien am\u00e9ricain. Pourquoi un tel retard, et si bien coordonn\u00e9 ? N\u2019y avait-il vraiment personne, nulle part, pour interrompre plus t\u00f4t le ronron nocturne et faire place \u00e0 l\u2019actu, la vraie ? Myst\u00e8re et boule de com.<\/p>\n<p>Esp\u00e9rons seulement, pour les cha\u00eenes \u201cd\u2019info en continu\u201d \u2013 je ne me lasse pas de l\u2019expression ! \u2013 , que la Troisi\u00e8me Guerre mondiale ou l\u2019invasion des extraterrestres ne commenceront pas la nuit.<\/p>\n<p>Publi\u00e9 pour <a href=\"http:\/\/www.valeursactuelles.com\/culture\/t%C3%A9l%C3%A9vision\/ma-deuxi%C3%A8me-nuit-avec-dsk20110707.html\">Valeurs Actuelles<\/a>, le 7 juillet 2011<\/p>\n<p>&nbsp;<\/p>\n","protected":false},"excerpt":{"rendered":"<p>Longtemps, moi aussi je me suis couch\u00e9 de bonne heure. Puis mes activit\u00e9s de chroniqueur mondain et t\u00e9l\u00e9visuel m\u2019ont fait basculer progressivement vers l\u2019heure espagnole, puis grecque et parfois australienne. Bref, \u00e0 2 h 30 du matin, il m\u2019arrive fr\u00e9quemment d\u2019\u00eatre encore debout, ou au moins assis \u00e0 ma table de travail \u2013 et souvent [&hellip;]<\/p>\n","protected":false},"author":9,"featured_media":0,"comment_status":"open","ping_status":"open","sticky":false,"template":"","format":"standard","meta":{"footnotes":""},"categories":[11],"tags":[267,69],"class_list":{"0":"post-1324","1":"post","2":"type-post","3":"status-publish","4":"format-standard","6":"category-opinions","7":"tag-chaines-info","8":"tag-dsk"},"_links":{"self":[{"href":"https:\/\/blog.causeur.fr\/asiledeblog\/wp-json\/wp\/v2\/posts\/1324","targetHints":{"allow":["GET"]}}],"collection":[{"href":"https:\/\/blog.causeur.fr\/asiledeblog\/wp-json\/wp\/v2\/posts"}],"about":[{"href":"https:\/\/blog.causeur.fr\/asiledeblog\/wp-json\/wp\/v2\/types\/post"}],"author":[{"embeddable":true,"href":"https:\/\/blog.causeur.fr\/asiledeblog\/wp-json\/wp\/v2\/users\/9"}],"replies":[{"embeddable":true,"href":"https:\/\/blog.causeur.fr\/asiledeblog\/wp-json\/wp\/v2\/comments?post=1324"}],"version-history":[{"count":0,"href":"https:\/\/blog.causeur.fr\/asiledeblog\/wp-json\/wp\/v2\/posts\/1324\/revisions"}],"wp:attachment":[{"href":"https:\/\/blog.causeur.fr\/asiledeblog\/wp-json\/wp\/v2\/media?parent=1324"}],"wp:term":[{"taxonomy":"category","embeddable":true,"href":"https:\/\/blog.causeur.fr\/asiledeblog\/wp-json\/wp\/v2\/categories?post=1324"},{"taxonomy":"post_tag","embeddable":true,"href":"https:\/\/blog.causeur.fr\/asiledeblog\/wp-json\/wp\/v2\/tags?post=1324"}],"curies":[{"name":"wp","href":"https:\/\/api.w.org\/{rel}","templated":true}]}}