{"id":1328,"date":"2011-07-13T15:33:53","date_gmt":"2011-07-13T15:33:53","guid":{"rendered":"http:\/\/blog.causeur.fr\/asiledeblog\/?p=1328"},"modified":"2021-04-26T12:57:44","modified_gmt":"2021-04-26T10:57:44","slug":"un-patriote","status":"publish","type":"post","link":"https:\/\/blog.causeur.fr\/asiledeblog\/un-patriote-1328","title":{"rendered":"Un patriote"},"content":{"rendered":"<p><a href=\"http:\/\/blog.causeur.fr\/asiledeblog\/files\/2011\/07\/141984.jpeg\"><img loading=\"lazy\" decoding=\"async\" class=\"alignleft size-medium wp-image-1329\" src=\"http:\/\/blog.causeur.fr\/asiledeblog\/files\/2011\/07\/141984-300x200.jpg\" alt=\"\" width=\"300\" height=\"200\" srcset=\"https:\/\/blog.causeur.fr\/asiledeblog\/wp-content\/uploads\/sites\/10\/2011\/07\/141984-300x200.jpg 300w, https:\/\/blog.causeur.fr\/asiledeblog\/wp-content\/uploads\/sites\/10\/2011\/07\/141984.jpeg 435w\" sizes=\"auto, (max-width: 300px) 100vw, 300px\" \/><\/a> Comment le jeune Wojciech Jaruzelski, digne rejeton de l\u2019aristocratie polonaise, dot\u00e9 en outre d\u2019une solide \u00e9ducation catholique, est-il devenu ce sombre g\u00e9n\u00e9ral \u00e0 lunettes noires, amateur de coups d\u2019\u00c9tat communistes, que l\u2019Histoire a retenu ?<br \/>\n<!--more--><\/p>\n<p>Tel est le cours de rattrapage auquel nous conviait jeudi dernier, juste avant les vacances, la cha\u00eene Toute l\u2019histoire avec\u00a0<em>Jaruzelski, le Purgatoire d\u2019un g\u00e9n\u00e9ral<\/em>, documentaire finlandais (donc neutre) alternant archives in\u00e9dites et interviews serr\u00e9es de l\u2019int\u00e9ress\u00e9.<\/p>\n<p>Apparemment, la principale motivation du camarade Wojciech aurait toujours \u00e9t\u00e9 le patriotisme.\u00a0<em>A priori<\/em>, pour la famille Jaruzelski, la couleuvre communiste est plut\u00f4t dure \u00e0 avaler : apr\u00e8s la double invasion germano-sovi\u00e9tique, elle sera contrainte de s\u2019exiler en Lituanie, avant d\u2019\u00eatre carr\u00e9ment d\u00e9port\u00e9e en Sib\u00e9rie.<\/p>\n<p>Tout \u00e7a n\u2019emp\u00eache pas le jeune homme de rejoindre d\u00e8s ses 20 ans l\u2019arm\u00e9e polonaise \u201cpopulaire\u201d, c\u2019est-\u00e0-dire sous contr\u00f4le sovi\u00e9tique.\u00a0<em>\u00ab C\u2019\u00e9tait, <\/em>explique-t-il aujourd\u2019hui,\u00a0<em>le seul moyen de lutter contre l\u2019occupant allemand. \u00bb<\/em><\/p>\n<p><em> <\/em>Apr\u00e8s la guerre, la carri\u00e8re de ce bon militaire et bon apparatchik conna\u00eet une ascension permanente : \u00e0 33 ans, il est le plus jeune g\u00e9n\u00e9ral de son pays et \u00e0 45, ministre de la D\u00e9fense.<\/p>\n<p>\u00c0 ce titre, en 1970, il dirige la r\u00e9pression des \u00e9meutes contre la hausse des prix, qui soul\u00e8vent les villes c\u00f4ti\u00e8res : 44 morts. Aujourd\u2019hui encore, dans les m\u00eames circonstances, il le referait. C\u2019est bien simple : si les \u00e9meutes s\u2019\u00e9taient g\u00e9n\u00e9ralis\u00e9es, \u00e0 coup s\u00fbr la Pologne aurait eu droit, comme la Hongrie et la Tch\u00e9coslovaquie avant elle, \u00e0 l\u2019intervention des \u201cpays fr\u00e8res\u201d.<\/p>\n<p>Dix ans plus tard, l\u2019opposition au r\u00e9gime, qui n\u2019a cess\u00e9 de se renforcer, cr\u00e9e le syndicat Solidarnosc, qui comptera bient\u00f4t dix millions d\u2019adh\u00e9rents. Alors notre g\u00e9n\u00e9ral, qui cumule depuis peu les fonctions de chef du parti et du gouvernement, d\u00e9cr\u00e8te la loi martiale :\u00a0<em>\u00ab La d\u00e9cision la plus difficile que j\u2019aie eu \u00e0 prendre en cinquante ans, pour ma patrie et audel\u00e0. \u00bb <\/em>Et pourtant il la prend : \u00e0 l\u2019en croire, une fois de plus, c\u2019\u00e9tait \u00e7a ou Brejnev !<\/p>\n<p>Certes on peut toujours moquer l\u2019\u201copportunisme\u201d jaruzelskien. Apr\u00e8s sa d\u00e9mission en 1990, ne plaidera-t-il pas pour l\u2019entr\u00e9e de son pays dans l\u2019Union europ\u00e9enne et dans l\u2019Otan ? \u00c9trange retournement, en v\u00e9rit\u00e9, pour un ancien pilier du pacte de Varsovie !<\/p>\n<p>Je tiens plut\u00f4t que, chez l\u2019ami Wojciech, atlantisme et europ\u00e9isme sont, comme l\u2019\u00e9tait auparavant le communisme, d\u2019autres fa\u00e7ons de d\u00e9fendre\u00a0<em>in situ <\/em>la Pologne \u00e9ternelle.\u00a0<em>\u00ab Dans cette r\u00e9gion g\u00e9ostrat\u00e9gique, <\/em>explique-t-il,\u00a0<em>nous ne pouvons pas survivre sans alli\u00e9s. La preuve : dans le pass\u00e9, \u00e0 chaque fois que nous avons \u00e9t\u00e9 seuls, l\u2019histoire s\u2019est mal termin\u00e9e pour nous. \u00bb<\/em><\/p>\n<p><em> <\/em>Voil\u00e0, la le\u00e7on de choses politique est termin\u00e9e. Rangez vos cahiers, bonnes vacances, et rendez-vous \u00e0 la rentr\u00e9e, si Dieu le veult !<\/p>\n<p>Publi\u00e9 pour <a href=\"http:\/\/www.valeursactuelles.com\/culture\/t%C3%A9l%C3%A9vision\/un-patriote20110713.html\">Valeurs Actuelles<\/a>, le 13 juillet 2011<\/p>\n<p>&nbsp;<\/p>\n","protected":false},"excerpt":{"rendered":"<p>Comment le jeune Wojciech Jaruzelski, digne rejeton de l\u2019aristocratie polonaise, dot\u00e9 en outre d\u2019une solide \u00e9ducation catholique, est-il devenu ce sombre g\u00e9n\u00e9ral \u00e0 lunettes noires, amateur de coups d\u2019\u00c9tat communistes, que l\u2019Histoire a retenu ?<\/p>\n","protected":false},"author":9,"featured_media":0,"comment_status":"open","ping_status":"open","sticky":false,"template":"","format":"standard","meta":{"footnotes":""},"categories":[11],"tags":[268],"class_list":{"0":"post-1328","1":"post","2":"type-post","3":"status-publish","4":"format-standard","6":"category-opinions","7":"tag-jaruzelski"},"_links":{"self":[{"href":"https:\/\/blog.causeur.fr\/asiledeblog\/wp-json\/wp\/v2\/posts\/1328","targetHints":{"allow":["GET"]}}],"collection":[{"href":"https:\/\/blog.causeur.fr\/asiledeblog\/wp-json\/wp\/v2\/posts"}],"about":[{"href":"https:\/\/blog.causeur.fr\/asiledeblog\/wp-json\/wp\/v2\/types\/post"}],"author":[{"embeddable":true,"href":"https:\/\/blog.causeur.fr\/asiledeblog\/wp-json\/wp\/v2\/users\/9"}],"replies":[{"embeddable":true,"href":"https:\/\/blog.causeur.fr\/asiledeblog\/wp-json\/wp\/v2\/comments?post=1328"}],"version-history":[{"count":0,"href":"https:\/\/blog.causeur.fr\/asiledeblog\/wp-json\/wp\/v2\/posts\/1328\/revisions"}],"wp:attachment":[{"href":"https:\/\/blog.causeur.fr\/asiledeblog\/wp-json\/wp\/v2\/media?parent=1328"}],"wp:term":[{"taxonomy":"category","embeddable":true,"href":"https:\/\/blog.causeur.fr\/asiledeblog\/wp-json\/wp\/v2\/categories?post=1328"},{"taxonomy":"post_tag","embeddable":true,"href":"https:\/\/blog.causeur.fr\/asiledeblog\/wp-json\/wp\/v2\/tags?post=1328"}],"curies":[{"name":"wp","href":"https:\/\/api.w.org\/{rel}","templated":true}]}}