{"id":1331,"date":"2011-09-01T12:56:52","date_gmt":"2011-09-01T12:56:52","guid":{"rendered":"http:\/\/blog.causeur.fr\/asiledeblog\/?p=1331"},"modified":"2021-04-26T12:57:44","modified_gmt":"2021-04-26T10:57:44","slug":"fernandel-aussi","status":"publish","type":"post","link":"https:\/\/blog.causeur.fr\/asiledeblog\/fernandel-aussi-1331","title":{"rendered":"Fernandel aussi"},"content":{"rendered":"<p><a href=\"http:\/\/blog.causeur.fr\/asiledeblog\/files\/2011\/09\/57.jpg\"><img loading=\"lazy\" decoding=\"async\" class=\"alignleft size-full wp-image-1465\" src=\"http:\/\/blog.causeur.fr\/asiledeblog\/files\/2011\/09\/57.jpg\" alt=\"\" width=\"250\" height=\"186\" \/><\/a>Faute d\u2019avoir la t\u00e9l\u00e9 en vacances, j\u2019ai demand\u00e9 \u00e0 Paris Premi\u00e8re le DVD de son \u00e9mission fleuve<em>la Grande Anthologie de l\u2019humour<\/em>, multidiffus\u00e9e cet \u00e9t\u00e9.<\/p>\n<p>En raison du titre sans doute, j\u2019avais esp\u00e9r\u00e9 que ce programme aurait une dimension sinon intellectuelle, du moins critique\u2006; que les sketches, autrement dit, seraient entrelard\u00e9s d\u2019interventions de sp\u00e9cialistes du rire et autres parlologues patent\u00e9s. J\u2019imaginais d\u00e9j\u00e0 quelques \u00e9changes bien sentis sur le th\u00e8me \u201cPeut-on rire de tout\u2006?\u201d ou \u201cY a-t-il un humour cen\u00adtriste\u2006?\u201d\u00a0<!--more--><\/p>\n<p>Rien du tout\u2006! Juste une compil estivale qui, \u00e0 d\u00e9faut de sens, avait au moins un ordre\u2006: alphab\u00e9tique. J\u2019ai donc test\u00e9 pour vous, au hasard, l\u2019\u00e9pisode D-E-F. Deux heures quinze quand m\u00eame, durant lesquelles on enfile des perles plus ou moins culturelles, avec pour seul collier l\u2019humoriste \u00c9lisabeth Buffet, r\u00e9duite \u00e0 l\u2019\u00e9tat de Miss M\u00e9t\u00e9o du rire enregistr\u00e9\u2006; esp\u00e9rons au moins qu\u2019elle a \u00e9t\u00e9 bien pay\u00e9e pour ce \u201cm\u00e9nage\u201d.<\/p>\n<p>Mlle Buffet nous trimballe donc sans plus de fa\u00e7ons de Jamel Deb\u00adbouze \u00e0 Gad Elmaleh en passant par Dany Boon et feu Desproges. Des ann\u00e9es 1950 \u00e0 nos jours, tout y passe\u2006: t\u00e9l\u00e9, th\u00e9\u00e2tre, r\u00e9citals d\u2019antan et\u00a0<em>stand-up comedy<\/em>\u00a0d\u2019aujourd\u2019hui. Mais la triste surprise, c\u2019est de revoir Fernandel \u00e0 son pire au fameux\u00a0<em>Palmar\u00e8s des chansons<\/em>\u00a0de Guy Lux, en 1968. \u00c0 65 ans \u2013 l\u2019\u00e2ge o\u00f9 on peut commencer \u00e0 faire le point \u2013, Fernand Contandin continue de cabotiner sur le plus navrant de ses refrains\u2006: F\u00e9licie aussi\u2026<\/p>\n<p>Heureusement, dans ce fourre-tout il y a aussi des bonnes surprises, comme cette Julie Ferrier qui campe une prof d\u2019arts plastiques post-moderne, d\u00e9jant\u00e9e et bien s\u00fbr slave. Une future \u00e9mule de Sylvie Joly\u2006? C\u2019est tout le bonheur que je nous souhaite.<\/p>\n<p>Bref, on aurait tort de se plaindre\u2006: \u00e7\u2019aurait pu \u00eatre pire\u2026 D\u2019ailleurs, \u00e7a l\u2019a \u00e9t\u00e9\u2006! Pas plus tard que d\u00e9but juillet, la m\u00eame cha\u00eene nous proposait le one-man show d\u2019un certain Laurent Lafitte. Un \u201cjeune talent comique\u201d chaudement recommand\u00e9 par\u00a0<em>T\u00e9l\u00e9rama\u00a0<\/em>en personne (chez qui deux \u201cT\u201d valent au moins une \u00e9toile au Michelin\u2006!)\u2006: \u00ab\u00a0<em>Une pochade pleine de d\u00e9mesure<\/em>\u00a0\u00bb, s\u2019emballe l\u2019hebdo. En fait, on voit surtout la pochade\u2006; la d\u00e9mesure, elle, serait plut\u00f4t dans ces enthousiasmes\u2026<\/p>\n<p>Un peu comme sous le soleil, il n\u2019y a rien de nouveau dans ce nouveau comique m\u00eame pas dr\u00f4le. Entre son agent artistique v\u00e9reux et sa belle-m\u00e8re lift\u00e9e, pas de quoi r\u00e9volutionner la vis comica, ni m\u00eame me d\u00e9rider.<\/p>\n<p>Mais bon, je suis un gar\u00e7on raisonnable\u2006: pourquoi le progr\u00e8s existerait-il en mati\u00e8re d\u2019humour, si l\u2019on n\u2019en trouve pas trace dans l\u2019ordre de la morale et de la politique\u2006? \u00ab\u00a0<em>Tout a toujours tr\u00e8s mal march\u00e9\u00a0<\/em>\u00bb, disait Bainville. Pourquoi pas le rire\u2006?<\/p>\n<p>Publi\u00e9 pour <a href=\"http:\/\/www.valeursactuelles.com\/culture\/t%C3%A9l%C3%A9vision\/fernandel-aussi20110901.html\">Valeurs Actuelles<\/a>, le 1er septembre 2011<\/p>\n","protected":false},"excerpt":{"rendered":"<p>Faute d\u2019avoir la t\u00e9l\u00e9 en vacances, j\u2019ai demand\u00e9 \u00e0 Paris Premi\u00e8re le DVD de son \u00e9mission fleuvela Grande Anthologie de l\u2019humour, multidiffus\u00e9e cet \u00e9t\u00e9. En raison du titre sans doute, j\u2019avais esp\u00e9r\u00e9 que ce programme aurait une dimension sinon intellectuelle, du moins critique\u2006; que les sketches, autrement dit, seraient entrelard\u00e9s d\u2019interventions de sp\u00e9cialistes du rire [&hellip;]<\/p>\n","protected":false},"author":9,"featured_media":0,"comment_status":"open","ping_status":"open","sticky":false,"template":"","format":"standard","meta":{"footnotes":""},"categories":[11],"tags":[101],"class_list":{"0":"post-1331","1":"post","2":"type-post","3":"status-publish","4":"format-standard","6":"category-opinions","7":"tag-humour-2"},"_links":{"self":[{"href":"https:\/\/blog.causeur.fr\/asiledeblog\/wp-json\/wp\/v2\/posts\/1331","targetHints":{"allow":["GET"]}}],"collection":[{"href":"https:\/\/blog.causeur.fr\/asiledeblog\/wp-json\/wp\/v2\/posts"}],"about":[{"href":"https:\/\/blog.causeur.fr\/asiledeblog\/wp-json\/wp\/v2\/types\/post"}],"author":[{"embeddable":true,"href":"https:\/\/blog.causeur.fr\/asiledeblog\/wp-json\/wp\/v2\/users\/9"}],"replies":[{"embeddable":true,"href":"https:\/\/blog.causeur.fr\/asiledeblog\/wp-json\/wp\/v2\/comments?post=1331"}],"version-history":[{"count":0,"href":"https:\/\/blog.causeur.fr\/asiledeblog\/wp-json\/wp\/v2\/posts\/1331\/revisions"}],"wp:attachment":[{"href":"https:\/\/blog.causeur.fr\/asiledeblog\/wp-json\/wp\/v2\/media?parent=1331"}],"wp:term":[{"taxonomy":"category","embeddable":true,"href":"https:\/\/blog.causeur.fr\/asiledeblog\/wp-json\/wp\/v2\/categories?post=1331"},{"taxonomy":"post_tag","embeddable":true,"href":"https:\/\/blog.causeur.fr\/asiledeblog\/wp-json\/wp\/v2\/tags?post=1331"}],"curies":[{"name":"wp","href":"https:\/\/api.w.org\/{rel}","templated":true}]}}