{"id":1353,"date":"2011-09-09T15:43:44","date_gmt":"2011-09-09T15:43:44","guid":{"rendered":"http:\/\/blog.causeur.fr\/asiledeblog\/?p=1353"},"modified":"2021-04-26T12:57:44","modified_gmt":"2021-04-26T10:57:44","slug":"esprit-es-tu-la-2","status":"publish","type":"post","link":"https:\/\/blog.causeur.fr\/asiledeblog\/esprit-es-tu-la-2-1353","title":{"rendered":"Esprit, es-tu l\u00e0 ?"},"content":{"rendered":"<p style=\"text-align: left\"><a href=\"http:\/\/blog.causeur.fr\/asiledeblog\/files\/2011\/09\/61.jpg\"><img loading=\"lazy\" decoding=\"async\" class=\"alignleft size-full wp-image-1461\" src=\"http:\/\/blog.causeur.fr\/asiledeblog\/files\/2011\/09\/61.jpg\" alt=\"\" width=\"250\" height=\"178\" \/><\/a>L\u2019autre jeudi, M6 diffusait un one-man show de Gad Elmaleh intitul\u00e9\u00a0<em>L\u2019autre c\u2019est moi<\/em>. Sans doute bluff\u00e9 par ce titre m\u00e9taphysique,<em>T\u00e9l\u00e9rama<\/em>, mon vade-mecum audiovisuel, d\u00e9cernait deux \u201cT\u201d \u00e0 ce troisi\u00e8me spectacle,\u00a0<em>\u00ab plus personnel \u00bb\u00a0<\/em>mais\u00a0<em>\u00ab toujours aussi dr\u00f4le \u00bb<\/em>. Sur la foi de cette recommandation, je me suis fait avoir une fois de plus \u2013 et j\u2019aimerais vous en faire profiter !<\/p>\n<p style=\"text-align: left\"><!--more--><\/p>\n<p>Pendant 130 minutes, Gad \u00e9gr\u00e8ne les sketches autour de son \u201cconcept\u201d, dont il n\u2019a pas l\u2019air m\u00e9content :\u00a0<em>\u00ab L\u2019autre, c\u2019est tous les moi dans la vie de tous les jours. \u00bb\u00a0<\/em>L\u2019affaire donne lieu \u00e0 de petites sayn\u00e8tes plus ou moins r\u00e9ussies, mais toujours assez convenues.<\/p>\n<p>Pas de vulgarit\u00e9 ni d\u2019obsc\u00e9nit\u00e9 donc, mais gu\u00e8re plus d\u2019asp\u00e9rit\u00e9s intellectuelles dans ce spectacle garanti tout public : rien que de l\u2019humour lisse, pasteuris\u00e9, aseptis\u00e9.<\/p>\n<p>Banal m\u00eame, au point que l\u2019on \u00e9prouve, en d\u00e9couvrant certains sketches comme la\u00a0<em>Discoth\u00e8que<\/em>ou\u00a0<em>les Meubles Ikea<\/em>, une p\u00e9nible impression de d\u00e9j\u00e0-vu-cent-fois. Comme si Elmaleh reprenait des vieux standards qui firent la gloire de Roland Magdane dans les ann\u00e9es 1980\u2026<\/p>\n<p>Quant au d\u00e9veloppement qu\u2019il consacre \u00e0 la t\u00e9l\u00e9vision, c\u2019est bien simple : on dirait que l\u2019artiste n\u2019a pas eu le temps de la regarder depuis, disons, le lancement de Canal Plus. En tout cas, il est bien le seul dans sa branche \u00e0 oser encore des blagues sur le cryptage de la cha\u00eene crypt\u00e9e\u2026<\/p>\n<p>En revanche, je ne boude pas mon plaisir lorsque, \u00e9voquant Arte la nuit, il mime un spectacle de danse contemporaine particuli\u00e8rement abscons puis fait mine de s\u2019inqui\u00e9ter :\u00a0<em>\u00ab Mais qu\u2019est-ce qu\u2019ils ont, ces malheureux ? O\u00f9 est-ce qu\u2019il faut envoyer de l\u2019argent ? \u00bb<\/em><\/p>\n<p>Le probl\u00e8me avec l\u2019ami Gad, c\u2019est que m\u00eame dans ce cr\u00e9neau grand public-familial-charmeur de ces dames, son spectacle est affreusement in\u00e9gal. Difficile d\u2019\u00e9clater de rire, certes \u2013 mais on peut rire parfois ou plus souvent sourire. Et puis soudain, catastrophe : l\u2019humoriste encha\u00eene d\u2019une bonne blague sur une tr\u00e8s mauvaise. Et le pire, c\u2019est que les rires du public suivent\u2026<\/p>\n<p>Ainsi dans ses variations sur le th\u00e8me \u00f4 combien subversif du\u00a0<em>T\u00e9l\u00e9phone<\/em>, commence-t-il plut\u00f4t bien en plaidant, \u00e0 propos des erreurs de num\u00e9rotation :\u00a0<em>\u00ab Quand on se trompe d\u2019un seul chiffre, on ne devrait pas tomber sur un type compl\u00e8tement diff\u00e9rent de celui qu\u2019on appelait\u2026 \u00bb<\/em><\/p>\n<p>H\u00e9las ! Ce bel effort de vulgarisation du\u00a0<em>nonsense\u00a0<\/em>est aussit\u00f4t g\u00e2ch\u00e9 par une plaisanterie d\u2019un genre qui devrait \u00eatre interdit aux plus de 7 ans. Ce grand gamin de Gad enfile un loup de carnaval avant d\u2019appeler quelqu\u2019un sur son portable :\u00a0<em>\u00ab Allo c\u2019est moi, je t\u2019appelle en masqu\u00e9 ! \u00bb\u00a0<\/em>Et les rires qui redoublent \u00e0 ce moment-l\u00e0 vous glacent d\u2019effroi. Moi-m\u00eame, seul devant mon poste, j\u2019ai failli rentrer sous terre\u2026<\/p>\n<p>Apr\u00e8s r\u00e9flexion, j\u2019aurais eu bien tort. Au contraire m\u00eame, c\u2019est une bonne nouvelle : si \u00e7a c\u2019est dr\u00f4le, moi je suis le roi de Prusse!<\/p>\n<p>Publi\u00e9 pour <a href=\"http:\/\/www.valeursactuelles.com\/culture\/t%C3%A9l%C3%A9vision\/esprit-es-tu-l%C3%A020110908.html\">Valeurs Actuelles<\/a>, le 8 septembre 2011<\/p>\n","protected":false},"excerpt":{"rendered":"<p>L\u2019autre jeudi, M6 diffusait un one-man show de Gad Elmaleh intitul\u00e9\u00a0L\u2019autre c\u2019est moi. Sans doute bluff\u00e9 par ce titre m\u00e9taphysique,T\u00e9l\u00e9rama, mon vade-mecum audiovisuel, d\u00e9cernait deux \u201cT\u201d \u00e0 ce troisi\u00e8me spectacle,\u00a0\u00ab plus personnel \u00bb\u00a0mais\u00a0\u00ab toujours aussi dr\u00f4le \u00bb. Sur la foi de cette recommandation, je me suis fait avoir une fois de plus \u2013 et j\u2019aimerais [&hellip;]<\/p>\n","protected":false},"author":9,"featured_media":0,"comment_status":"open","ping_status":"open","sticky":false,"template":"","format":"standard","meta":{"footnotes":""},"categories":[11],"tags":[],"class_list":{"0":"post-1353","1":"post","2":"type-post","3":"status-publish","4":"format-standard","6":"category-opinions"},"_links":{"self":[{"href":"https:\/\/blog.causeur.fr\/asiledeblog\/wp-json\/wp\/v2\/posts\/1353","targetHints":{"allow":["GET"]}}],"collection":[{"href":"https:\/\/blog.causeur.fr\/asiledeblog\/wp-json\/wp\/v2\/posts"}],"about":[{"href":"https:\/\/blog.causeur.fr\/asiledeblog\/wp-json\/wp\/v2\/types\/post"}],"author":[{"embeddable":true,"href":"https:\/\/blog.causeur.fr\/asiledeblog\/wp-json\/wp\/v2\/users\/9"}],"replies":[{"embeddable":true,"href":"https:\/\/blog.causeur.fr\/asiledeblog\/wp-json\/wp\/v2\/comments?post=1353"}],"version-history":[{"count":0,"href":"https:\/\/blog.causeur.fr\/asiledeblog\/wp-json\/wp\/v2\/posts\/1353\/revisions"}],"wp:attachment":[{"href":"https:\/\/blog.causeur.fr\/asiledeblog\/wp-json\/wp\/v2\/media?parent=1353"}],"wp:term":[{"taxonomy":"category","embeddable":true,"href":"https:\/\/blog.causeur.fr\/asiledeblog\/wp-json\/wp\/v2\/categories?post=1353"},{"taxonomy":"post_tag","embeddable":true,"href":"https:\/\/blog.causeur.fr\/asiledeblog\/wp-json\/wp\/v2\/tags?post=1353"}],"curies":[{"name":"wp","href":"https:\/\/api.w.org\/{rel}","templated":true}]}}