{"id":1363,"date":"2010-07-12T18:07:44","date_gmt":"2010-07-12T18:07:44","guid":{"rendered":"http:\/\/blog.causeur.fr\/asiledeblog\/?p=1363"},"modified":"2021-04-26T12:57:59","modified_gmt":"2021-04-26T10:57:59","slug":"on-est-pas-bien-comme-ca-juillet-2010","status":"publish","type":"post","link":"https:\/\/blog.causeur.fr\/asiledeblog\/on-est-pas-bien-comme-ca-juillet-2010-1363","title":{"rendered":"On est pas bien comme \u00e7a ? &#8211; Juillet 2010"},"content":{"rendered":"<p>Basile de Koch pr\u00e9sente \u00e0 la presse la conclusion des travaux des\u00a0VI\u00e8mes Rencontres Internationales des Intermittents de la Pens\u00e9e,\u00a0ce lundi 5 juillet 2010 au Queenie, Paris.<\/p>\n","protected":false},"excerpt":{"rendered":"<p>Basile de Koch pr\u00e9sente \u00e0 la presse la conclusion des travaux des\u00a0VI\u00e8mes Rencontres Internationales des Intermittents de la Pens\u00e9e,\u00a0ce lundi 5 juillet 2010 au Queenie, Paris.<\/p>\n","protected":false},"author":9,"featured_media":0,"comment_status":"open","ping_status":"open","sticky":false,"template":"","format":"standard","meta":{"footnotes":""},"categories":[275],"tags":[],"class_list":{"0":"post-1363","1":"post","2":"type-post","3":"status-publish","4":"format-standard","6":"category-vintage"},"_links":{"self":[{"href":"https:\/\/blog.causeur.fr\/asiledeblog\/wp-json\/wp\/v2\/posts\/1363","targetHints":{"allow":["GET"]}}],"collection":[{"href":"https:\/\/blog.causeur.fr\/asiledeblog\/wp-json\/wp\/v2\/posts"}],"about":[{"href":"https:\/\/blog.causeur.fr\/asiledeblog\/wp-json\/wp\/v2\/types\/post"}],"author":[{"embeddable":true,"href":"https:\/\/blog.causeur.fr\/asiledeblog\/wp-json\/wp\/v2\/users\/9"}],"replies":[{"embeddable":true,"href":"https:\/\/blog.causeur.fr\/asiledeblog\/wp-json\/wp\/v2\/comments?post=1363"}],"version-history":[{"count":0,"href":"https:\/\/blog.causeur.fr\/asiledeblog\/wp-json\/wp\/v2\/posts\/1363\/revisions"}],"wp:attachment":[{"href":"https:\/\/blog.causeur.fr\/asiledeblog\/wp-json\/wp\/v2\/media?parent=1363"}],"wp:term":[{"taxonomy":"category","embeddable":true,"href":"https:\/\/blog.causeur.fr\/asiledeblog\/wp-json\/wp\/v2\/categories?post=1363"},{"taxonomy":"post_tag","embeddable":true,"href":"https:\/\/blog.causeur.fr\/asiledeblog\/wp-json\/wp\/v2\/tags?post=1363"}],"curies":[{"name":"wp","href":"https:\/\/api.w.org\/{rel}","templated":true}]}}