{"id":1365,"date":"2011-09-15T19:38:22","date_gmt":"2011-09-15T19:38:22","guid":{"rendered":"http:\/\/blog.causeur.fr\/asiledeblog\/?p=1365"},"modified":"2021-04-26T12:57:44","modified_gmt":"2021-04-26T10:57:44","slug":"1365","status":"publish","type":"post","link":"https:\/\/blog.causeur.fr\/asiledeblog\/1365-1365","title":{"rendered":"Mauvais genre"},"content":{"rendered":"<p><a href=\"http:\/\/blog.causeur.fr\/asiledeblog\/files\/2011\/09\/65-1.jpg\"><img loading=\"lazy\" decoding=\"async\" class=\"alignleft size-full wp-image-1459\" src=\"http:\/\/blog.causeur.fr\/asiledeblog\/files\/2011\/09\/65-1.jpg\" alt=\"\" width=\"200\" height=\"118\" \/><\/a>Ce mardi 6, c\u2019\u00e9tait jour de rentr\u00e9e t\u00e9l\u00e9visuelle pour Fr\u00e9d\u00e9ric Tadde\u00ef qui, comme chacun sait, ne bosse plus qu\u2019un jour par semaine. Pour des raisons que la raison ne conna\u00eet pas, son \u00e9mission Ce soir (ou jamais !) a en effet \u00e9t\u00e9 r\u00e9trograd\u00e9e de quotidienne \u00e0 hebdomadaire (mardi, France 3, 22 h 40). Mince lot de consolation : elle dure une demi-heure de plus.\u00a0<!--more--><\/p>\n<p>Au sommaire du premier num\u00e9ro, entre \u201cDSK, le retour\u201d et les in\u00e9galit\u00e9s sociales \u2013 condamn\u00e9es par Pierre Rosanvallon \u2013 , un sujet \u201csoci\u00e9tal\u201d s\u2019il en est : les \u00e9tudes de genre. (Note \u00e0 l\u2019attention des distraits : il ne s\u2019agit pas ici de peinture mais de sexualit\u00e9.)<\/p>\n<p>En cause : l\u2019apparition, dans les manuels de biologie pour classes de premi\u00e8re, d\u2019un chapitre intitul\u00e9 \u00ab Devenir homme ou femme \u00bb. Il y est expliqu\u00e9 en substance \u00e0 nos ch\u00e8res t\u00eates acn\u00e9iques que, selon la loi du genre ( ? ), \u00ab on ne na\u00eet pas homme ou femme : on le devient en fonction d\u2019un choix personnel \u00bb.<\/p>\n<p>Quatre-vingts d\u00e9put\u00e9s UMP particuli\u00e8rement ronchons ont sign\u00e9 une p\u00e9tition r\u00e9clamant le retrait de ce chapitre. Parmi eux, le Pr Bernard Debr\u00e9 \u2013 qui sera un peu seul ce soir-l\u00e0 pour d\u00e9fendre sa position face aux tenant(e)s des fameuses \u201c\u00e9tudes de genre\u201d.<\/p>\n<p>Leur \u00ab pape \u00bb, comme dit Tadde\u00ef, c\u2019est le sociologue \u00c9ric Fassin, auteur notamment d\u2019un essai intitul\u00e9 le Sexe politique o\u00f9 il pr\u00f4ne, comme nouvelles fronti\u00e8res de la d\u00e9mocratie, \u00ab la libert\u00e9 et l\u2019\u00e9galit\u00e9 sexuelles \u00bb. Et pourquoi pas la fraternit\u00e9, \u00c9ric ? Mais cessons de chahuter : le \u201cpape\u201d est s\u00e9rieux ! \u00c0 ses yeux, figurez-vous, c\u2019est simple : la \u201cprobl\u00e9matique\u201d des questions sexuelles \u201cinterroge\u201d l\u2019ordre familial traditionnel et la reproduction de l\u2019esp\u00e8ce.<\/p>\n<p>Hormis le jargon, on ne saurait \u00eatre plus clair : il s\u2019agit l\u00e0 d\u2019une entreprise moins scientifique qu\u2019id\u00e9ologique. Son but, c\u2019est d\u2019institutionnaliser la remise en cause des r\u00f4les sexuels. Bien s\u00fbr, Fassin ne le dit pas comme \u00e7a : sur le plateau de Ce soir (ou jamais !), il se contente de faire le chef de choeur pour d\u00e9noncer la dictature du \u00ab d\u00e9terminisme biologique \u00bb.<\/p>\n<p>Mais Debr\u00e9, qui en a entendu d\u2019autres, ne se laisse pas d\u00e9monter : pour lui, tout \u00e7a n\u2019est qu\u2019une th\u00e9orie, qui a sa place peut-\u00eatre dans le d\u00e9bat philosophique, mais s\u00fbrement pas dans les manuels scolaires ! Et s\u2019il y a des jeunes qui ne se sentent pas bien dans leur propre sexe, faut-il pour autant semer le trouble chez tous les autres ?<\/p>\n<p>\u00c9ric Fassin fait patte de velours. \u00c0 l\u2019entendre, le genre est tout sauf une th\u00e9orie, encore moins une id\u00e9ologie : juste \u00ab un concept qui sert \u00e0 comprendre la diff\u00e9rence entre identit\u00e9 et orientation sexuelle \u00bb. C\u2019est marrant, je pense exactement le contraire : il n\u2019y a pas d\u2019orientation sexuelle sans identit\u00e9 ! L\u2019indiff\u00e9renciation sexuelle s\u2019annonce mortif\u00e8re, et pas seulement pour la \u201cfamille traditionnelle\u201d. \u00c0 titre d\u2019exemple, quand il n\u2019y aura plus de diff\u00e9rences entre les sexes, je ne donne pas cher de l\u2019homosexualit\u00e9.<\/p>\n<p>Publi\u00e9 pour <a href=\"http:\/\/www.valeursactuelles.com\/culture\/t%C3%A9l%C3%A9vision\/mauvais-genre20110915.html\">Valeurs Actuelles<\/a>, le 15 septembre 2011<br \/>\nPhoto \u00a9France3<\/p>\n<p>&nbsp;<\/p>\n","protected":false},"excerpt":{"rendered":"<p>Ce mardi 6, c\u2019\u00e9tait jour de rentr\u00e9e t\u00e9l\u00e9visuelle pour Fr\u00e9d\u00e9ric Tadde\u00ef qui, comme chacun sait, ne bosse plus qu\u2019un jour par semaine. Pour des raisons que la raison ne conna\u00eet pas, son \u00e9mission Ce soir (ou jamais !) a en effet \u00e9t\u00e9 r\u00e9trograd\u00e9e de quotidienne \u00e0 hebdomadaire (mardi, France 3, 22 h 40). Mince lot [&hellip;]<\/p>\n","protected":false},"author":9,"featured_media":0,"comment_status":"open","ping_status":"open","sticky":false,"template":"","format":"standard","meta":{"footnotes":""},"categories":[11],"tags":[279,281],"class_list":{"0":"post-1365","1":"post","2":"type-post","3":"status-publish","4":"format-standard","6":"category-opinions","7":"tag-bernard-debre","8":"tag-gender-studies"},"_links":{"self":[{"href":"https:\/\/blog.causeur.fr\/asiledeblog\/wp-json\/wp\/v2\/posts\/1365","targetHints":{"allow":["GET"]}}],"collection":[{"href":"https:\/\/blog.causeur.fr\/asiledeblog\/wp-json\/wp\/v2\/posts"}],"about":[{"href":"https:\/\/blog.causeur.fr\/asiledeblog\/wp-json\/wp\/v2\/types\/post"}],"author":[{"embeddable":true,"href":"https:\/\/blog.causeur.fr\/asiledeblog\/wp-json\/wp\/v2\/users\/9"}],"replies":[{"embeddable":true,"href":"https:\/\/blog.causeur.fr\/asiledeblog\/wp-json\/wp\/v2\/comments?post=1365"}],"version-history":[{"count":0,"href":"https:\/\/blog.causeur.fr\/asiledeblog\/wp-json\/wp\/v2\/posts\/1365\/revisions"}],"wp:attachment":[{"href":"https:\/\/blog.causeur.fr\/asiledeblog\/wp-json\/wp\/v2\/media?parent=1365"}],"wp:term":[{"taxonomy":"category","embeddable":true,"href":"https:\/\/blog.causeur.fr\/asiledeblog\/wp-json\/wp\/v2\/categories?post=1365"},{"taxonomy":"post_tag","embeddable":true,"href":"https:\/\/blog.causeur.fr\/asiledeblog\/wp-json\/wp\/v2\/tags?post=1365"}],"curies":[{"name":"wp","href":"https:\/\/api.w.org\/{rel}","templated":true}]}}